{"id":987,"date":"2017-11-16T11:05:50","date_gmt":"2017-11-16T10:05:50","guid":{"rendered":"http:\/\/tim-stelzer.de\/timschraubtbass\/?p=987"},"modified":"2017-11-16T11:05:50","modified_gmt":"2017-11-16T10:05:50","slug":"46-marleaux-again","status":"publish","type":"post","link":"https:\/\/timschraubtbass.tim-stelzer.de\/?p=987","title":{"rendered":"46 MARLEAUX AGAIN \u2026"},"content":{"rendered":"<h1><strong>Das gro\u00dfe Messen (Teil 2)<\/strong><\/h1>\n<p><strong>Wie im <a href=\"http:\/\/tim-stelzer.de\/timschraubtbass\/?p=939\">ersten Teil<\/a>\u00a0berichtet, war mein Besuch der\u00a0<a href=\"http:\/\/www.musik-produktiv-messe.de\">Hausmesse bei Musik Produktiv<\/a> am 11.11.2017 vor allem von meiner Begegnung mit <a href=\"http:\/\/www.marleaux-bass.com\/uploads\/pics\/bestofshowgerald.jpg\">Gerald Marleaux<\/a> gepr\u00e4gt. Und von der mit seinen B\u00e4ssen. Und von der enormen Lautst\u00e4rke auf der Messe, trotz derer wir uns ein bisschen unterhalten konnten. Auch \u00fcber mein Bassschraub-Projekt!<\/strong><\/p>\n<p>Dabei gab es f\u00fcr mich durchaus ein paar <strong>Aha-Momente<\/strong>. Ich konnte ein paar <strong>Einblicke in Gerald Marleauxs Arbeit<\/strong> und Einstellung gewinnen, die ich sehr spannend fand. Ich fragte zum Beispiel, <strong>wie viele B\u00e4sse<\/strong> er denn selbst bes\u00e4\u00dfe. Er lachte und sagte: <strong>\u201dVielleicht zwei \u2026.\u201d<\/strong> Er sagte, manchmal nehme er sich einen Bass aus der Produktion, den er dann irgendwie bunt lackiere, damit er <strong>als der seine markiert<\/strong> sei. Aber er hat bei seiner Arbeit ja auch t\u00e4glich die ganze Palette der Marleaux-Modelle in den H\u00e4nden; der Bedarf an B\u00e4ssen in eigenem Besitz ist dann wohl nicht so hoch, denke ich.<\/p>\n<p>Ich fragte auch, ob es ihm denn manchmal schwerfalle, <strong>ein besonders sch\u00f6nes Exemplar gehen zu lassen<\/strong>. Was der unbedarfte Hobby-Schrauber eben den Profi so fragt \u2026 \u00a0der dann darauf hinweist, dass er ja <strong>davon lebe<\/strong>, die B\u00e4sse zu <strong>verkaufen<\/strong>. Die ja auch<strong>\u00a0fast ausschlie\u00dflich auf Bestellung<\/strong> gefertigt werden.<\/p>\n<p>Ich habe dann auch noch den einzigartigen <strong><a href=\"http:\/\/www.marleaux-bass.de\/halb-akustischer-bass-contra.html\">Marleaux Contra<\/a><\/strong> testen d\u00fcrfen. Genau diesen hier:<\/p>\n<p><a href=\"http:\/\/tim-stelzer.de\/timschraubtbass\/wp-content\/uploads\/2017\/11\/IMG_1322.jpg\"><img loading=\"lazy\" decoding=\"async\" data-attachment-id=\"937\" data-permalink=\"https:\/\/timschraubtbass.tim-stelzer.de\/?attachment_id=937\" data-orig-file=\"https:\/\/timschraubtbass.tim-stelzer.de\/wp-content\/uploads\/2017\/11\/IMG_1322-e1510746911274.jpg\" data-orig-size=\"2167,3759\" data-comments-opened=\"1\" data-image-meta=\"{&quot;aperture&quot;:&quot;2.2&quot;,&quot;credit&quot;:&quot;&quot;,&quot;camera&quot;:&quot;iPhone 6s&quot;,&quot;caption&quot;:&quot;&quot;,&quot;created_timestamp&quot;:&quot;1510421470&quot;,&quot;copyright&quot;:&quot;&quot;,&quot;focal_length&quot;:&quot;4.15&quot;,&quot;iso&quot;:&quot;50&quot;,&quot;shutter_speed&quot;:&quot;0.03030303030303&quot;,&quot;title&quot;:&quot;&quot;,&quot;orientation&quot;:&quot;1&quot;}\" data-image-title=\"IMG_1322\" data-image-description=\"\" data-image-caption=\"\" data-large-file=\"https:\/\/timschraubtbass.tim-stelzer.de\/wp-content\/uploads\/2017\/11\/IMG_1322-e1510746911274-590x1024.jpg\" class=\"alignnone wp-image-937 size-large\" src=\"http:\/\/tim-stelzer.de\/timschraubtbass\/wp-content\/uploads\/2017\/11\/IMG_1322-e1510746911274-590x1024.jpg\" alt=\"\" width=\"525\" height=\"911\" srcset=\"https:\/\/timschraubtbass.tim-stelzer.de\/wp-content\/uploads\/2017\/11\/IMG_1322-e1510746911274-590x1024.jpg 590w, https:\/\/timschraubtbass.tim-stelzer.de\/wp-content\/uploads\/2017\/11\/IMG_1322-e1510746911274-173x300.jpg 173w, https:\/\/timschraubtbass.tim-stelzer.de\/wp-content\/uploads\/2017\/11\/IMG_1322-e1510746911274-768x1332.jpg 768w\" sizes=\"auto, (max-width: 525px) 100vw, 525px\" \/><\/a><\/p>\n<p>Ja, richtig, da steht <strong>\u201d8.300 Euro\u201d<\/strong> auf dem Zettel. Ich glaube nicht, dass ich jemals zuvor ein Instrument dieser <strong>Preisklasse<\/strong> in den H\u00e4nden hatte. Aber auch nicht ein so <strong>au\u00dfergew\u00f6hnliches<\/strong>. Es sieht nicht nur <strong>unglaublich<\/strong>\u00a0<strong>edel<\/strong> aus (auch durch das unglaublich authentische <strong><a href=\"https:\/\/www.wired.com\/2010\/07\/gallery-relic-guitars\/\">Ageing<\/a><\/strong> der Decke, von Gerald Marleaux pers\u00f6nlich ausgef\u00fchrt), es <strong>f\u00fchlt<\/strong> sich auch so an. Und <strong>klingt<\/strong> auch so. (Zum Nachlesen und -h\u00f6ren gibt&#8217;s \u00fcbrigens einen <a href=\"https:\/\/www.bonedo.de\/artikel\/einzelansicht\/marleaux-contra-6-test.html\">Test auf Bonedo.de<\/a>.)<\/p>\n<p>Wie leitet man von so etwas Feinem dann <strong>zu meinem bescheidenen Schraubbass-Projekt<\/strong> \u00fcber? Egal, ich habe Gerald Marleaux einfach davon erz\u00e4hlt \u2013 und dabei betont, dass ich <em>geschraubt<\/em> und nicht mal ansatzweise <em>gebaut<\/em> habe \u2013 und <strong>er fand&#8217;s gut<\/strong>. H\u00f6flicher Mensch eben. \ud83d\ude09<\/p>\n<p>Nein, er fand&#8217;s wohl <strong>ehrlich gut<\/strong>. Ich erz\u00e4hlte ihm, dass ich die Teile von <a href=\"https:\/\/www.bassparts.de\">BassParts.de<\/a> bzw. <a href=\"http:\/\/bassline-bass.de\">BassLine<\/a> bezogen hatte; R\u00fcdiger Ziesemann kennt er nat\u00fcrlich. Ich beschrieb kurz meine Intention bei dem Projekt und wie es meine <strong>Wertsch\u00e4tzung<\/strong> f\u00fcr das, was echte Instrumentenbauer wie er leisten, noch einmal deutlich gesteigert hat. Dann zeigte ich ihm auch ein paar Fotos von meinem Bass, z. B. dieses:<\/p>\n<p><a href=\"http:\/\/tim-stelzer.de\/timschraubtbass\/wp-content\/uploads\/2017\/10\/IMG_0842-e1508494781307.jpg\"><img loading=\"lazy\" decoding=\"async\" data-attachment-id=\"910\" data-permalink=\"https:\/\/timschraubtbass.tim-stelzer.de\/?attachment_id=910\" data-orig-file=\"https:\/\/timschraubtbass.tim-stelzer.de\/wp-content\/uploads\/2017\/10\/IMG_0842-e1508494781307.jpg\" data-orig-size=\"2126,4001\" data-comments-opened=\"1\" data-image-meta=\"{&quot;aperture&quot;:&quot;2.2&quot;,&quot;credit&quot;:&quot;&quot;,&quot;camera&quot;:&quot;iPhone 6s&quot;,&quot;caption&quot;:&quot;&quot;,&quot;created_timestamp&quot;:&quot;1504709456&quot;,&quot;copyright&quot;:&quot;&quot;,&quot;focal_length&quot;:&quot;4.15&quot;,&quot;iso&quot;:&quot;160&quot;,&quot;shutter_speed&quot;:&quot;0.03030303030303&quot;,&quot;title&quot;:&quot;&quot;,&quot;orientation&quot;:&quot;1&quot;}\" data-image-title=\"IMG_0842\" data-image-description=\"\" data-image-caption=\"\" data-large-file=\"https:\/\/timschraubtbass.tim-stelzer.de\/wp-content\/uploads\/2017\/10\/IMG_0842-e1508494781307-544x1024.jpg\" class=\"alignnone size-large wp-image-910\" src=\"http:\/\/tim-stelzer.de\/timschraubtbass\/wp-content\/uploads\/2017\/10\/IMG_0842-e1508494781307-544x1024.jpg\" alt=\"\" width=\"525\" height=\"988\" srcset=\"https:\/\/timschraubtbass.tim-stelzer.de\/wp-content\/uploads\/2017\/10\/IMG_0842-e1508494781307-544x1024.jpg 544w, https:\/\/timschraubtbass.tim-stelzer.de\/wp-content\/uploads\/2017\/10\/IMG_0842-e1508494781307-159x300.jpg 159w, https:\/\/timschraubtbass.tim-stelzer.de\/wp-content\/uploads\/2017\/10\/IMG_0842-e1508494781307-768x1445.jpg 768w\" sizes=\"auto, (max-width: 525px) 100vw, 525px\" \/><\/a><\/p>\n<p><strong>Ihm gefiel der Look<\/strong> und vor allem das \u00d6l-Wachs-Finish. Interessant auch, wie er die H\u00fcrden und <strong>Probleme<\/strong>, die ich beim Zusammenschrauben hatte, kommentierte. Ich erz\u00e4hlte zum Beispiel vom <strong>Sattel<\/strong> und dass ich mich nicht getraut habe, den selbst zu feilen \u2013 und lieber <strong><a href=\"http:\/\/tim-stelzer.de\/timschraubtbass\/?p=692\">den Fachmann rangelassen<\/a> <\/strong>habe.*<\/p>\n<p>Das konnte er <strong>gut verstehen<\/strong> \u2013 er lachte und sagte, dass seine B\u00e4sse genau deshalb alle einen\u00a0<a href=\"https:\/\/de.wikipedia.org\/wiki\/Nullbund\"><strong>Nullbund<\/strong><\/a> haben. Zum Sattelfeilen habe er n\u00e4mlich auch <strong>keine Lust<\/strong> \u2026 \ud83d\ude09<\/p>\n<p>Aber ihm gefiel an meinem Projekt wohl vor allem <strong>der emotionale<\/strong>\u00a0<strong>Effekt<\/strong>, den ein DIY-Bass in jedem Fall hat: Die <strong>Beziehung zum Instrument<\/strong> hat eine ganz andere und <strong>intensivere Qualit\u00e4t<\/strong>, wenn man es selbst gebaut oder zumindest zusammengeschraubt hat. Stimmt voll und ganz.<\/p>\n<h2><strong>Liebe zum Leim<\/strong><\/h2>\n<p>Gerald Marleaux hat mir dann auch noch mehr \u00fcber <strong>seine eigene Arbeit<\/strong> und die <strong>Feinheiten des Bassbaus bei Marleaux<\/strong> erz\u00e4hlt. Sehr spannend fand ich, wie <strong>leidenschaftlich und detailliert<\/strong> er \u00fcber ein <strong>Thema<\/strong> geredet hat, dass mich bei meinem Schraubprojekt \u00fcberhaupt nicht ber\u00fchrt hat: <strong>Leim.<\/strong><\/p>\n<p>Denn da gibt es wohl <strong>erstaunlich<\/strong>\u00a0<strong>viel zu beachten<\/strong>, wenn man H\u00f6lzer verleimt. Zum Beispiel Griffbretter mit Bassh\u00e4lsen. Die <strong>Schwingungs\u00fcbertragung<\/strong> zwischen den verleimten Teilen soll schlie\u00dflich nicht nur gut, sondern <strong>exzellent<\/strong> sein. Und wenn man dann bedenkt, dass dies im Bassbau ja nur ein Parameter von ziemlich vielen weiteren ist, die sich alle auf die Qualit\u00e4t des Instruments auswirken, wird mal wieder ganz klar: F\u00fcr <strong>Instrumentenbau auf diesem Niveau<\/strong> braucht man neben <strong>Talent<\/strong> auch unendlich viel <strong>Geduld, Akribie, Geschick, Erfahrung, Fachwissen<\/strong> \u2013 und <strong>Liebe<\/strong>.<\/p>\n<p>Ich selbst kann h\u00f6chstens in der letztgenannten Kategorie punkten. Umso <strong>inspirierender<\/strong>, jemanden zu treffen, der all diese Anforderungen (\u00fcber)erf\u00fcllt. Wahrscheinlich hat meine <strong>Begeisterung<\/strong> dazu gef\u00fchrt, dass meine Hand beim abschlie\u00dfenden <strong>Selfie<\/strong> (konnte ich mir nicht verkneifen) wohl <strong>nicht ganz ruhig<\/strong> geblieben ist:<\/p>\n<p><a href=\"http:\/\/tim-stelzer.de\/timschraubtbass\/wp-content\/uploads\/2017\/11\/IMG_1318.jpg\"><img loading=\"lazy\" decoding=\"async\" data-attachment-id=\"933\" data-permalink=\"https:\/\/timschraubtbass.tim-stelzer.de\/?attachment_id=933\" data-orig-file=\"https:\/\/timschraubtbass.tim-stelzer.de\/wp-content\/uploads\/2017\/11\/IMG_1318.jpg\" data-orig-size=\"1932,2576\" data-comments-opened=\"1\" data-image-meta=\"{&quot;aperture&quot;:&quot;2.2&quot;,&quot;credit&quot;:&quot;&quot;,&quot;camera&quot;:&quot;iPhone 6s&quot;,&quot;caption&quot;:&quot;&quot;,&quot;created_timestamp&quot;:&quot;1510418732&quot;,&quot;copyright&quot;:&quot;&quot;,&quot;focal_length&quot;:&quot;2.65&quot;,&quot;iso&quot;:&quot;50&quot;,&quot;shutter_speed&quot;:&quot;0.058823529411765&quot;,&quot;title&quot;:&quot;&quot;,&quot;orientation&quot;:&quot;1&quot;}\" data-image-title=\"IMG_1318\" data-image-description=\"\" data-image-caption=\"\" data-large-file=\"https:\/\/timschraubtbass.tim-stelzer.de\/wp-content\/uploads\/2017\/11\/IMG_1318-768x1024.jpg\" class=\"alignnone size-large wp-image-933\" src=\"http:\/\/tim-stelzer.de\/timschraubtbass\/wp-content\/uploads\/2017\/11\/IMG_1318-768x1024.jpg\" alt=\"\" width=\"525\" height=\"700\" srcset=\"https:\/\/timschraubtbass.tim-stelzer.de\/wp-content\/uploads\/2017\/11\/IMG_1318-768x1024.jpg 768w, https:\/\/timschraubtbass.tim-stelzer.de\/wp-content\/uploads\/2017\/11\/IMG_1318-225x300.jpg 225w, https:\/\/timschraubtbass.tim-stelzer.de\/wp-content\/uploads\/2017\/11\/IMG_1318.jpg 1932w\" sizes=\"auto, (max-width: 525px) 100vw, 525px\" \/><\/a><\/p>\n<p>Egal. Ich verlie\u00df den Marleaux Messestand <strong>mit einem rundum guten Gef\u00fchl<\/strong>. Denn mein Schraub-Projekt hat mir zum wiederholten Mal erm\u00f6glicht, <strong>ein bisschen mehr von der beeindruckenden Welt des Bassbaus kennen zu lernen<\/strong>. \u00a0Oder vielleicht sogar zu <strong>verstehen<\/strong>.<\/p>\n<h2><strong>Und was gab&#8217;s noch auf der Messe? Was habe ich letztendlich gekauft? Und welchen weiteren Bass getestet? Mehr dazu im n\u00e4chsten Teil &#8230;<\/strong><\/h2>\n<p>&nbsp;<\/p>\n<p>*Bei der <a href=\"http:\/\/tim-stelzer.de\/timschraubtbass\/?p=692\"><strong>Verlinkung zur Sattelfeil-Geschichte<\/strong><\/a> fiel mir auf, dass ich dort ja auf die <strong><a href=\"http:\/\/die-goldenen-blogger.de\">Goldenen Blogger<\/a><\/strong> hingewiesen hatte. Und nicht genau sagen konnte, wie das mit dem Nominieren funktioniert. Tut es ja auch erst jetzt: Seit ein paar Tagen ist die <strong>Nominierungsphase er\u00f6ffnet \u2013 <a href=\"http:\/\/goldene-blogger.de\/#nominieren\">mehr dazu unter\u00a0http:\/\/goldene-blogger.de\/#nominieren.<\/a><\/strong>\u00a0Vielleicht m\u00f6chte ja jemand <strong><a href=\"http:\/\/www-tim-stelzer.de\/timschraubtbass\">www-tim-stelzer.de\/timschraubtbass<\/a> vorschlagen?<\/strong> Es gibt offensichtlich die Kategorie \u201dDIY-Blog\u201d \u2013 k\u00f6nnte passen \u2026 \ud83d\ude09<\/p>\n<p>&nbsp;<\/p>\n<p>&nbsp;<\/p>\n<p>&nbsp;<\/p>\n","protected":false},"excerpt":{"rendered":"<p>Das gro\u00dfe Messen (Teil 2) Wie im ersten Teil\u00a0berichtet, war mein Besuch der\u00a0Hausmesse bei Musik Produktiv am 11.11.2017 vor allem von meiner Begegnung mit Gerald Marleaux gepr\u00e4gt. Und von der mit seinen B\u00e4ssen. Und von der enormen Lautst\u00e4rke auf der Messe, trotz derer wir uns ein bisschen unterhalten konnten. Auch \u00fcber mein Bassschraub-Projekt! Dabei gab &hellip; <\/p>\n<p class=\"link-more\"><a href=\"https:\/\/timschraubtbass.tim-stelzer.de\/?p=987\" class=\"more-link\"><span class=\"screen-reader-text\">\u201e46 MARLEAUX AGAIN \u2026\u201c <\/span>weiterlesen<\/a><\/p>\n","protected":false},"author":1,"featured_media":0,"comment_status":"open","ping_status":"open","sticky":false,"template":"","format":"standard","meta":{"jetpack_post_was_ever_published":false,"_jetpack_newsletter_access":"","_jetpack_dont_email_post_to_subs":false,"_jetpack_newsletter_tier_id":0,"_jetpack_memberships_contains_paywalled_content":false,"_jetpack_memberships_contains_paid_content":false,"footnotes":"","jetpack_publicize_message":"","jetpack_publicize_feature_enabled":true,"jetpack_social_post_already_shared":true,"jetpack_social_options":{"image_generator_settings":{"template":"highway","default_image_id":0,"font":"","enabled":false},"version":2}},"categories":[1],"tags":[],"class_list":["post-987","post","type-post","status-publish","format-standard","hentry","category-allgemein"],"jetpack_publicize_connections":[],"jetpack_featured_media_url":"","jetpack_sharing_enabled":true,"jetpack_shortlink":"https:\/\/wp.me\/p8SMry-fV","jetpack-related-posts":[{"id":939,"url":"https:\/\/timschraubtbass.tim-stelzer.de\/?p=939","url_meta":{"origin":987,"position":0},"title":"45 HALLO, MARLEAUX!","author":"timschraubtbass","date":"14. November 2017","format":false,"excerpt":"Das gro\u00dfe Messen (Teil 1). Letztes Wochenende fand die\u00a0Musik Produktiv Messe 2017 in Ibbenb\u00fcren statt. Ich war zum ersten Mal da. Und hatte Gl\u00fcck. Zwar nicht bei\u00a0einer der vielen Gear-Verlosungen, die dort\u00a0dauernd\u00a0an jeder zweiten Ecke stattfinden \u2013 nein, besser. Sogar viel\u00a0b\u00e4sser. (Ich wei\u00df, ich muss mir dieses bl\u00f6de Wortspiel dringend\u2026","rel":"","context":"In &quot;Allgemein&quot;","block_context":{"text":"Allgemein","link":"https:\/\/timschraubtbass.tim-stelzer.de\/?cat=1"},"img":{"alt_text":"","src":"https:\/\/i0.wp.com\/tim-stelzer.de\/timschraubtbass\/wp-content\/uploads\/2017\/11\/IMG_1320-1024x768.jpg?resize=350%2C200","width":350,"height":200,"srcset":"https:\/\/i0.wp.com\/tim-stelzer.de\/timschraubtbass\/wp-content\/uploads\/2017\/11\/IMG_1320-1024x768.jpg?resize=350%2C200 1x, https:\/\/i0.wp.com\/tim-stelzer.de\/timschraubtbass\/wp-content\/uploads\/2017\/11\/IMG_1320-1024x768.jpg?resize=525%2C300 1.5x"},"classes":[]},{"id":3054,"url":"https:\/\/timschraubtbass.tim-stelzer.de\/?p=3054","url_meta":{"origin":987,"position":1},"title":"98 THE STELZER","author":"timschraubtbass","date":"2. Mai 2023","format":false,"excerpt":"\u201dI know nothing about this bass\u201d Das Netz ist unfassbar. Voll von Geschichten, Bildern und Begegnungen, die unser Verst\u00e4ndnis von Rea- und Normalit\u00e4t auf immer wieder neue Weise herausfordern. Oder ist es genau andersherum? Ich wei\u00df es nicht. Seit ich herausgefunden habe, dass ich in einer parallelen (?) Dimension richtiger\u2026","rel":"","context":"In &quot;Allgemein&quot;","block_context":{"text":"Allgemein","link":"https:\/\/timschraubtbass.tim-stelzer.de\/?cat=1"},"img":{"alt_text":"","src":"https:\/\/i0.wp.com\/timschraubtbass.tim-stelzer.de\/wp-content\/uploads\/2023\/04\/Bildschirmfoto-2023-04-28-um-12.13.10.jpg?resize=350%2C200&ssl=1","width":350,"height":200,"srcset":"https:\/\/i0.wp.com\/timschraubtbass.tim-stelzer.de\/wp-content\/uploads\/2023\/04\/Bildschirmfoto-2023-04-28-um-12.13.10.jpg?resize=350%2C200&ssl=1 1x, https:\/\/i0.wp.com\/timschraubtbass.tim-stelzer.de\/wp-content\/uploads\/2023\/04\/Bildschirmfoto-2023-04-28-um-12.13.10.jpg?resize=525%2C300&ssl=1 1.5x, https:\/\/i0.wp.com\/timschraubtbass.tim-stelzer.de\/wp-content\/uploads\/2023\/04\/Bildschirmfoto-2023-04-28-um-12.13.10.jpg?resize=700%2C400&ssl=1 2x, https:\/\/i0.wp.com\/timschraubtbass.tim-stelzer.de\/wp-content\/uploads\/2023\/04\/Bildschirmfoto-2023-04-28-um-12.13.10.jpg?resize=1050%2C600&ssl=1 3x, https:\/\/i0.wp.com\/timschraubtbass.tim-stelzer.de\/wp-content\/uploads\/2023\/04\/Bildschirmfoto-2023-04-28-um-12.13.10.jpg?resize=1400%2C800&ssl=1 4x"},"classes":[]},{"id":3326,"url":"https:\/\/timschraubtbass.tim-stelzer.de\/?p=3326","url_meta":{"origin":987,"position":2},"title":"101 MARLEAUX 101","author":"timschraubtbass","date":"20. Oktober 2023","format":false,"excerpt":"Grundkurs Edelbass Willkommen beim #timschraubtbass-Seminar \u201dBoutique-Bass\u201d, Folge 101. Ein Einstiegs-Grundkurs f\u00fcr komplette Newbies mit unter anderem den folgenden Inhalten: Was macht man eigentlich mit so einem Wahnsinns-Instrument im Haus? Wie herum h\u00e4ngt man ihn korrekt an die Wand? Darf man alle f\u00fcnf Saiten gleichzeitig bet\u00e4tigen? In welchen zertifizierten Fachwerkst\u00e4tten muss\u2026","rel":"","context":"In &quot;Allgemein&quot;","block_context":{"text":"Allgemein","link":"https:\/\/timschraubtbass.tim-stelzer.de\/?cat=1"},"img":{"alt_text":"","src":"https:\/\/i0.wp.com\/timschraubtbass.tim-stelzer.de\/wp-content\/uploads\/2023\/10\/IMG_3951-150x150.jpg?resize=350%2C200&ssl=1","width":350,"height":200,"srcset":"https:\/\/i0.wp.com\/timschraubtbass.tim-stelzer.de\/wp-content\/uploads\/2023\/10\/IMG_3951-150x150.jpg?resize=350%2C200&ssl=1 1x, https:\/\/i0.wp.com\/timschraubtbass.tim-stelzer.de\/wp-content\/uploads\/2023\/10\/IMG_3951-150x150.jpg?resize=525%2C300&ssl=1 1.5x, https:\/\/i0.wp.com\/timschraubtbass.tim-stelzer.de\/wp-content\/uploads\/2023\/10\/IMG_3951-150x150.jpg?resize=700%2C400&ssl=1 2x, https:\/\/i0.wp.com\/timschraubtbass.tim-stelzer.de\/wp-content\/uploads\/2023\/10\/IMG_3951-150x150.jpg?resize=1050%2C600&ssl=1 3x, https:\/\/i0.wp.com\/timschraubtbass.tim-stelzer.de\/wp-content\/uploads\/2023\/10\/IMG_3951-150x150.jpg?resize=1400%2C800&ssl=1 4x"},"classes":[]},{"id":1059,"url":"https:\/\/timschraubtbass.tim-stelzer.de\/?p=1059","url_meta":{"origin":987,"position":3},"title":"49 GREEN &#038; BLUE","author":"timschraubtbass","date":"12. Dezember 2017","format":false,"excerpt":"Das gro\u00dfe Messen (Teil 3) Adventszeit. Was da jetzt auch noch endlich mal ankommt, ist der dritte und abschlie\u00dfende Teil meines Berichts \u00fcber die Hausmesse 2017 bei Musik Produktiv in Ibbenb\u00fcren. Ich hatte ja schon im ersten und im zweiten Teil von meinem Gespr\u00e4ch mit Gerald Marleaux berichtet. Doch was\u2026","rel":"","context":"In &quot;Allgemein&quot;","block_context":{"text":"Allgemein","link":"https:\/\/timschraubtbass.tim-stelzer.de\/?cat=1"},"img":{"alt_text":"","src":"https:\/\/i0.wp.com\/tim-stelzer.de\/timschraubtbass\/wp-content\/uploads\/2017\/12\/IMG_1462-1024x1024.jpg?resize=350%2C200","width":350,"height":200,"srcset":"https:\/\/i0.wp.com\/tim-stelzer.de\/timschraubtbass\/wp-content\/uploads\/2017\/12\/IMG_1462-1024x1024.jpg?resize=350%2C200 1x, https:\/\/i0.wp.com\/tim-stelzer.de\/timschraubtbass\/wp-content\/uploads\/2017\/12\/IMG_1462-1024x1024.jpg?resize=525%2C300 1.5x"},"classes":[]},{"id":1544,"url":"https:\/\/timschraubtbass.tim-stelzer.de\/?p=1544","url_meta":{"origin":987,"position":4},"title":"72 BASS TO THE FUTURE (Teil 1)","author":"timschraubtbass","date":"20. Dezember 2018","format":false,"excerpt":"\u201dNobody calls me chicken!\u201dDie Musik Produktiv Hausmesse 2018 Endlich komme ich dazu, meinen Bericht \u00fcber die Hausmesse 2018 bei\u00a0Musik Produktiv in Ibbenb\u00fcren zu schreiben. Von der Messe 2017 war ich ja recht begeistert gewesen. Und wie war's diesmal? Am 10. November 2018 holte mich mein Bandkollege Norbert morgens ab und\u2026","rel":"","context":"In &quot;Allgemein&quot;","block_context":{"text":"Allgemein","link":"https:\/\/timschraubtbass.tim-stelzer.de\/?cat=1"},"img":{"alt_text":"","src":"https:\/\/i0.wp.com\/timschraubtbass.tim-stelzer.de\/wp-content\/uploads\/2018\/12\/Musikmesse2018DeLorean.jpg?resize=350%2C200&ssl=1","width":350,"height":200,"srcset":"https:\/\/i0.wp.com\/timschraubtbass.tim-stelzer.de\/wp-content\/uploads\/2018\/12\/Musikmesse2018DeLorean.jpg?resize=350%2C200&ssl=1 1x, https:\/\/i0.wp.com\/timschraubtbass.tim-stelzer.de\/wp-content\/uploads\/2018\/12\/Musikmesse2018DeLorean.jpg?resize=525%2C300&ssl=1 1.5x, https:\/\/i0.wp.com\/timschraubtbass.tim-stelzer.de\/wp-content\/uploads\/2018\/12\/Musikmesse2018DeLorean.jpg?resize=700%2C400&ssl=1 2x, https:\/\/i0.wp.com\/timschraubtbass.tim-stelzer.de\/wp-content\/uploads\/2018\/12\/Musikmesse2018DeLorean.jpg?resize=1050%2C600&ssl=1 3x, https:\/\/i0.wp.com\/timschraubtbass.tim-stelzer.de\/wp-content\/uploads\/2018\/12\/Musikmesse2018DeLorean.jpg?resize=1400%2C800&ssl=1 4x"},"classes":[]},{"id":1564,"url":"https:\/\/timschraubtbass.tim-stelzer.de\/?p=1564","url_meta":{"origin":987,"position":5},"title":"73 BASS TO THE FUTURE (Teil 2)","author":"timschraubtbass","date":"16. Januar 2019","format":false,"excerpt":"\u201dWhatever will be, will be\u201d \u2013Die Musik Produktiv Hausmesse 2018 Der erste Teil meines Berichts endete mit dem kurzen Test des Marleaux Shortscale-Basses, der \u00fcbrigens auch in der aktuellen \u201dBass Professor\u201d-Ausgabe euphorisch bespielt & besprochen wird (leider noch kein Link verf\u00fcgbar, sorry). Jetzt geht's weiter.\u00a0Der DeLorean ist mittlerweile im\u00a0neuen\u00a0Jahr\u00a0gelandet \u2013\u00a0f\u00fcr\u00a0das\u00a0ich\u00a0allen\u00a0Leserinnen\u00a0und\u00a0Lesern\u00a0alles\u00a0erdenklich\u2026","rel":"","context":"In &quot;Allgemein&quot;","block_context":{"text":"Allgemein","link":"https:\/\/timschraubtbass.tim-stelzer.de\/?cat=1"},"img":{"alt_text":"","src":"https:\/\/i0.wp.com\/timschraubtbass.tim-stelzer.de\/wp-content\/uploads\/2018\/12\/IMG_4465.jpg?resize=350%2C200&ssl=1","width":350,"height":200,"srcset":"https:\/\/i0.wp.com\/timschraubtbass.tim-stelzer.de\/wp-content\/uploads\/2018\/12\/IMG_4465.jpg?resize=350%2C200&ssl=1 1x, https:\/\/i0.wp.com\/timschraubtbass.tim-stelzer.de\/wp-content\/uploads\/2018\/12\/IMG_4465.jpg?resize=525%2C300&ssl=1 1.5x, https:\/\/i0.wp.com\/timschraubtbass.tim-stelzer.de\/wp-content\/uploads\/2018\/12\/IMG_4465.jpg?resize=700%2C400&ssl=1 2x, https:\/\/i0.wp.com\/timschraubtbass.tim-stelzer.de\/wp-content\/uploads\/2018\/12\/IMG_4465.jpg?resize=1050%2C600&ssl=1 3x, https:\/\/i0.wp.com\/timschraubtbass.tim-stelzer.de\/wp-content\/uploads\/2018\/12\/IMG_4465.jpg?resize=1400%2C800&ssl=1 4x"},"classes":[]}],"_links":{"self":[{"href":"https:\/\/timschraubtbass.tim-stelzer.de\/index.php?rest_route=\/wp\/v2\/posts\/987","targetHints":{"allow":["GET"]}}],"collection":[{"href":"https:\/\/timschraubtbass.tim-stelzer.de\/index.php?rest_route=\/wp\/v2\/posts"}],"about":[{"href":"https:\/\/timschraubtbass.tim-stelzer.de\/index.php?rest_route=\/wp\/v2\/types\/post"}],"author":[{"embeddable":true,"href":"https:\/\/timschraubtbass.tim-stelzer.de\/index.php?rest_route=\/wp\/v2\/users\/1"}],"replies":[{"embeddable":true,"href":"https:\/\/timschraubtbass.tim-stelzer.de\/index.php?rest_route=%2Fwp%2Fv2%2Fcomments&post=987"}],"version-history":[{"count":28,"href":"https:\/\/timschraubtbass.tim-stelzer.de\/index.php?rest_route=\/wp\/v2\/posts\/987\/revisions"}],"predecessor-version":[{"id":1015,"href":"https:\/\/timschraubtbass.tim-stelzer.de\/index.php?rest_route=\/wp\/v2\/posts\/987\/revisions\/1015"}],"wp:attachment":[{"href":"https:\/\/timschraubtbass.tim-stelzer.de\/index.php?rest_route=%2Fwp%2Fv2%2Fmedia&parent=987"}],"wp:term":[{"taxonomy":"category","embeddable":true,"href":"https:\/\/timschraubtbass.tim-stelzer.de\/index.php?rest_route=%2Fwp%2Fv2%2Fcategories&post=987"},{"taxonomy":"post_tag","embeddable":true,"href":"https:\/\/timschraubtbass.tim-stelzer.de\/index.php?rest_route=%2Fwp%2Fv2%2Ftags&post=987"}],"curies":[{"name":"wp","href":"https:\/\/api.w.org\/{rel}","templated":true}]}}