{"id":939,"date":"2017-11-14T10:21:20","date_gmt":"2017-11-14T09:21:20","guid":{"rendered":"http:\/\/tim-stelzer.de\/timschraubtbass\/?p=939"},"modified":"2017-11-14T10:26:56","modified_gmt":"2017-11-14T09:26:56","slug":"045-hallo-marleaux","status":"publish","type":"post","link":"https:\/\/timschraubtbass.tim-stelzer.de\/?p=939","title":{"rendered":"45 HALLO, MARLEAUX!"},"content":{"rendered":"<h1><strong>Das gro\u00dfe Messen (Teil 1).<\/strong><\/h1>\n<p><strong>Letztes Wochenende fand die\u00a0<a href=\"http:\/\/www.musik-produktiv-messe.de\">Musik Produktiv Messe 2017 <\/a>in Ibbenb\u00fcren statt. Ich war zum ersten Mal da. Und hatte Gl\u00fcck. Zwar nicht bei\u00a0einer der vielen Gear-Verlosungen, die dort\u00a0dauernd\u00a0an jeder zweiten Ecke stattfinden \u2013 nein, besser. Sogar viel\u00a0<\/strong><b>b\u00e4sser. <\/b><em>(Ich wei\u00df, ich muss mir dieses bl\u00f6de Wortspiel dringend abgew\u00f6hnen. Letztes Mal! Versprochen.)<\/em><\/p>\n<p>Am fr\u00fchen Samstagnachmittag fuhr ich hoch nach Ibbenb\u00fcren\/Laggenbeck, ist ja nicht weit. Erstaunlich genug, dass ich erst zum zweiten Mal \u00fcberhaupt den Weg dahin gefunden habe. Mit Gl\u00fcck den Wagen auf dem letzten verf\u00fcgbarenParkplatz in der anderen Ecke des Gewerbegebiets abgestellt, durch den heftigen Regenschauer zum Haupteingang \u2013 holla, <strong>GANZ SCH\u00d6N LAUT HIER!<\/strong> Mein alter Gitarren- und Bassfreund <strong>Harald<\/strong> wartete schon auf mich, dann kam seine alte Freundin <strong>Diana<\/strong> dazu, acht Euro Eintritt \u2013 und rein ins Messevergn\u00fcgen.<\/p>\n<p>Ich hatte mir vorher <strong>keinen gro\u00dfen Plan<\/strong> gemacht. Nur einen Messestand wollte ich auf jeden Fall besuchen: den von <strong><a href=\"http:\/\/www.marleaux-bass.de\">Marleaux Bass Guitars<\/a><\/strong>. Der Name Marleaux war mir schon seit den 90ern gel\u00e4ufig, ich hatte in den einschl\u00e4gigen Fachmagazinen von den wundersch\u00f6nen Instrumenten gelesen. Aber <strong>Edelb\u00e4sse<\/strong> waren damals nicht so mein Ding, au\u00dferdem hatte ich zu der Zeit den Fokus <strong>mehr auf der Gitarre <\/strong>(und spielte Leadguitar in einer Outlaw-Country-Band namens BARN PAIN \u2013 gaaaanz andere Geschichte \ud83d\ude09\u00a0. Bis vor einigen Jahren dachte ich sogar, dass die B\u00e4sse aus Frankreich kommen. Der Name eben.<\/p>\n<p>Aber nein, der Firmenstandort ist <strong>im\u00a0sch\u00f6nen Harz<\/strong>. Als wir Anfang des Jahres planten, die Osterferien im Harz zu verbringen, hatte ich sogar mal kurz gecheckt, wie weit weg unsere gebuchte Unterkunft von der <a href=\"http:\/\/www.marleaux-bass.de\/kontakt_anfahrt.html\"><strong>S\u00e4gem\u00fcllerstra\u00dfe 37 in Clausthal-Zellerfeld<\/strong><\/a> ist. Aber dann kam alles anders \u2013 der Urlaub musste abgesagt werden und wir fuhren stattdessen zum Beispiel mal f\u00fcr einen Tag <strong>nach Ibbenb\u00fcren<\/strong>. <a href=\"http:\/\/tim-stelzer.de\/timschraubtbass\/?page_id=7\">Wo mein Schraub- und Schreib-Projekt seinen Anfang nahm.<\/a> \ud83d\ude09<\/p>\n<h2><strong>\u201dWE&#8217;RE NOT WORTHY!\u201d<\/strong><\/h2>\n<p>Am Samstag stand ich dann vor dem Messestand 2.33. Und bestaunte <strong>ein<\/strong>\u00a0<strong>g<\/strong><b>anz gro\u00dfes Bass-Kino <\/b>(im Foto nur unzul\u00e4nglich\u00a0wiedergegeben):<\/p>\n<p><a href=\"http:\/\/tim-stelzer.de\/timschraubtbass\/wp-content\/uploads\/2017\/11\/IMG_1320.jpg\"><img loading=\"lazy\" decoding=\"async\" data-attachment-id=\"935\" data-permalink=\"https:\/\/timschraubtbass.tim-stelzer.de\/?attachment_id=935\" data-orig-file=\"https:\/\/timschraubtbass.tim-stelzer.de\/wp-content\/uploads\/2017\/11\/IMG_1320.jpg\" data-orig-size=\"4032,3024\" data-comments-opened=\"1\" data-image-meta=\"{&quot;aperture&quot;:&quot;2.2&quot;,&quot;credit&quot;:&quot;&quot;,&quot;camera&quot;:&quot;iPhone 6s&quot;,&quot;caption&quot;:&quot;&quot;,&quot;created_timestamp&quot;:&quot;1510421454&quot;,&quot;copyright&quot;:&quot;&quot;,&quot;focal_length&quot;:&quot;4.15&quot;,&quot;iso&quot;:&quot;32&quot;,&quot;shutter_speed&quot;:&quot;0.02&quot;,&quot;title&quot;:&quot;&quot;,&quot;orientation&quot;:&quot;1&quot;}\" data-image-title=\"IMG_1320\" data-image-description=\"\" data-image-caption=\"\" data-large-file=\"https:\/\/timschraubtbass.tim-stelzer.de\/wp-content\/uploads\/2017\/11\/IMG_1320-1024x768.jpg\" class=\"alignnone size-large wp-image-935\" src=\"http:\/\/tim-stelzer.de\/timschraubtbass\/wp-content\/uploads\/2017\/11\/IMG_1320-1024x768.jpg\" alt=\"\" width=\"525\" height=\"394\" srcset=\"https:\/\/timschraubtbass.tim-stelzer.de\/wp-content\/uploads\/2017\/11\/IMG_1320-1024x768.jpg 1024w, https:\/\/timschraubtbass.tim-stelzer.de\/wp-content\/uploads\/2017\/11\/IMG_1320-300x225.jpg 300w, https:\/\/timschraubtbass.tim-stelzer.de\/wp-content\/uploads\/2017\/11\/IMG_1320-768x576.jpg 768w\" sizes=\"auto, (max-width: 525px) 100vw, 525px\" \/><\/a><\/p>\n<p>Und dann pl\u00f6tzlich <strong>eine Stimme<\/strong> von links: \u201dWillst du mal einen antesten?\u201d Halbe Drehung \u2013 und da stand <a href=\"http:\/\/www.marleaux-bass.de\/uploads\/pics\/Namm-2016_links_02.jpg\"><strong>Gerald Marleaux pers\u00f6nlich<\/strong><\/a> vor mir. Und ich etwas neben mir. Bei meiner Antwort ging mein erster Impuls ehrlich gesagt zun\u00e4chst in diese Richtung:<\/p>\n<p><span class=\"embed-youtube\" style=\"text-align:center; display: block;\"><iframe loading=\"lazy\" class=\"youtube-player\" width=\"525\" height=\"296\" src=\"https:\/\/www.youtube.com\/embed\/c3sOuEv0E2I?version=3&#038;rel=1&#038;showsearch=0&#038;showinfo=1&#038;iv_load_policy=1&#038;fs=1&#038;hl=de-DE&#038;autohide=2&#038;wmode=transparent\" allowfullscreen=\"true\" style=\"border:0;\" sandbox=\"allow-scripts allow-same-origin allow-popups allow-presentation allow-popups-to-escape-sandbox\"><\/iframe><\/span><\/p>\n<p>Aber ich h\u00f6rte mich stattdessen sagen: <strong>\u201dJa, sehr gerne! Am liebsten einen Viersaiter.\u201d<\/strong> Also nahm Mr. Marleaux <a href=\"http:\/\/www.bassprofessor.info\/index.php\/bass-professor\/bp-2017\/bp3-2017\/1697-test-marleaux-tiuz-4\"><strong>den brandneuen Tiuz<\/strong><\/a> in die Hand, fragte noch, ob ich mit Kopfh\u00f6rer oder normal \u00fcber <a href=\"https:\/\/www.eich-amps.com\">EICH-Amp &amp; Box<\/a> (yes!) spielen m\u00f6chte, und st\u00f6pselte den Bass ein. Diesen hier:<\/p>\n<p><a href=\"http:\/\/tim-stelzer.de\/timschraubtbass\/wp-content\/uploads\/2017\/11\/IMG_1323-e1510582395160.jpg\"><img loading=\"lazy\" decoding=\"async\" data-attachment-id=\"938\" data-permalink=\"https:\/\/timschraubtbass.tim-stelzer.de\/?attachment_id=938\" data-orig-file=\"https:\/\/timschraubtbass.tim-stelzer.de\/wp-content\/uploads\/2017\/11\/IMG_1323-e1510582395160.jpg\" data-orig-size=\"1703,4021\" data-comments-opened=\"1\" data-image-meta=\"{&quot;aperture&quot;:&quot;2.2&quot;,&quot;credit&quot;:&quot;&quot;,&quot;camera&quot;:&quot;iPhone 6s&quot;,&quot;caption&quot;:&quot;&quot;,&quot;created_timestamp&quot;:&quot;1510421477&quot;,&quot;copyright&quot;:&quot;&quot;,&quot;focal_length&quot;:&quot;4.15&quot;,&quot;iso&quot;:&quot;160&quot;,&quot;shutter_speed&quot;:&quot;0.03030303030303&quot;,&quot;title&quot;:&quot;&quot;,&quot;orientation&quot;:&quot;1&quot;}\" data-image-title=\"IMG_1323\" data-image-description=\"\" data-image-caption=\"\" data-large-file=\"https:\/\/timschraubtbass.tim-stelzer.de\/wp-content\/uploads\/2017\/11\/IMG_1323-e1510582395160-434x1024.jpg\" class=\"alignnone size-large wp-image-938\" src=\"http:\/\/tim-stelzer.de\/timschraubtbass\/wp-content\/uploads\/2017\/11\/IMG_1323-e1510582395160-434x1024.jpg\" alt=\"\" width=\"434\" height=\"1024\" srcset=\"https:\/\/timschraubtbass.tim-stelzer.de\/wp-content\/uploads\/2017\/11\/IMG_1323-e1510582395160-434x1024.jpg 434w, https:\/\/timschraubtbass.tim-stelzer.de\/wp-content\/uploads\/2017\/11\/IMG_1323-e1510582395160-127x300.jpg 127w, https:\/\/timschraubtbass.tim-stelzer.de\/wp-content\/uploads\/2017\/11\/IMG_1323-e1510582395160-768x1813.jpg 768w, https:\/\/timschraubtbass.tim-stelzer.de\/wp-content\/uploads\/2017\/11\/IMG_1323-e1510582395160.jpg 1703w\" sizes=\"auto, (max-width: 434px) 100vw, 434px\" \/><\/a><\/p>\n<p><strong>Hey, was f\u00fcr ein Bass!<\/strong> Ich hatte bisher selten einen E-Bass dieser Preis- und vor allem G\u00fcteklasse in den Fingern. War mir meist <strong>zu gef\u00e4hrlich<\/strong>. Man k\u00f6nnte sich ja auf Anhieb in so ein Teil <strong>verlieben<\/strong>, und dann will man es <strong>kaufen<\/strong>, muss das dann der lieben Ehefrau <strong>erkl\u00e4ren<\/strong> und daf\u00fcr gute <strong>Argumente finden<\/strong> (\u201dKlar brauche ich unbedingt noch einen achten Bass! Ist doch total sinnvoll!\u201d).<\/p>\n<p>Also spielte ich ein bisschen und versuchte, mich gegen den intensiven\u00a0<strong>Messel\u00e4rm<\/strong> durchzusetzen. Der Stand gegen\u00fcber war \u00fcbrigens der von <strong><a href=\"http:\/\/gibson.com\">Gibson<\/a><\/strong> \u2026 alles klar? \ud83d\ude09<\/p>\n<p><strong>Ansprache, Klangentwicklung und Sustain<\/strong> waren aber trotzdem als eindeutig <strong>\u00fcberragend<\/strong> h\u00f6r- und sp\u00fcrbar. <strong>Tests des Tiuz<\/strong> in seinen verschiedenen Varianten gibt&#8217;s \u00fcbrigens schon viele \u2013 zum Beispiel <a href=\"https:\/\/www.bonedo.de\/artikel\/einzelansicht\/marleaux-tiuz-5-test.html\">hier<\/a> und <a href=\"https:\/\/www.gitarrebass.de\/equipment\/marleaux-tiuz-5-string-e-bass-im-test\/\">hier<\/a>. Und <a href=\"http:\/\/www.bassprofessor.info\/index.php\/bass-professor\/bp-2017\/bp3-2017\/bp-3-2017-soundfiles\/1705-test-marleaux-tiuz-4\">hier<\/a>. Und auch\u00a0<a href=\"http:\/\/www.bassprofessor.info\/index.php\/bass-professor\/bp-2017\/bp3-2017\/bp-3-2017-soundfiles\/1705-test-marleaux-tiuz-4\">hier (f\u00fcr die Leser in Fernost).<\/a><\/p>\n<p>Die <strong>\u00e4u\u00dferst flache Saitenlage<\/strong> hat mich zuerst etwas irritiert \u2013 bin ich nicht gewohnt, bei B\u00e4ssen habe ich&#8217;s <strong>lieber ein bisschen h\u00f6her<\/strong>. Aber man muss dann einfach den <strong>Anschlag anpassen <\/strong>und etwas sanfter gestalten, und schon \u00fcberrascht der Bass mit seiner schnellen Ansprache und einer \u00fcberaus\u00a0<strong>vollt\u00f6nenden Klangentfaltung<\/strong>. Die mit der ausgefuchsten Elektronik noch umfangreich geformt werden kann \u2013 <strong>der edle, starke, feine, drahtige Grundcharakter<\/strong> bleibt dabei aber stets erhalten.<\/p>\n<p>So <strong>spielte<\/strong> ich und <strong>spielte<\/strong> ich. Was genau, wei\u00df ich gar nicht mehr, wahrscheinlich <strong>ziemliche Gr\u00fctze<\/strong>, aus reiner Nervosit\u00e4t. Gerald Marleaux stand schlie\u00dflich die gesamte Zeit <strong>neben mir<\/strong>, erkl\u00e4rte mir freundlich die Schaltung und Klangregelung und weitere Details des Tiuz. Nach einer Weile wollte aber <strong>noch<\/strong> <strong>jemand<\/strong>\u00a0den Bass testen. <strong>Frechheit<\/strong>, wo doch eigentlich klar erkennbar gewesen sein sollte, dass wir <strong>f\u00fcreinander geschaffen<\/strong> waren!<\/p>\n<h2><a href=\"https:\/\/www.youtube.com\/watch?v=Ujg7xHZ-nrE\"><strong>Talking loud &amp; clear<\/strong><\/a><\/h2>\n<p>Aber ohne Bass in den H\u00e4nden lie\u00df es sich viel besser <strong>mit Gerald Marleaux reden<\/strong>. Oder, genauer gesagt, gegenseitig\u00a0<strong>anschreien<\/strong>. Regelrecht. Denn dank Gibson gegen\u00fcber mussten wir im Gespr\u00e4ch schon <strong>ziemlich laut<\/strong> werden. Zwischendurch fragte ich ihn dann auch, wie man das denn drei Tage lang aush\u00e4lt. Er grinste, nahm einen Schluck Bier aus seiner Flasche und sagte: <strong>\u201dMan wird komplett irre?\u201d<\/strong><\/p>\n<h2><em><strong>Was Gerald Marleaux mir noch alles erz\u00e4hlt hat, was er von meinem Bass-Schraub-Projekt hielt, welchen Marleaux-Bass ich noch getestet und was ich mir dann schlie\u00dflich auf der Messe gekauft habe \u2013 das alles &amp; mehr im n\u00e4chsten Teil meines Messeberichts!<\/strong><\/em><\/h2>\n<p>&nbsp;<\/p>\n<p>&nbsp;<\/p>\n<p>&nbsp;<\/p>\n<p>&nbsp;<\/p>\n<p>&nbsp;<\/p>\n<p>&nbsp;<\/p>\n<p>&nbsp;<\/p>\n<p>&nbsp;<\/p>\n<p>&nbsp;<\/p>\n<p>&nbsp;<\/p>\n<p>&nbsp;<\/p>\n<p>&nbsp;<\/p>\n","protected":false},"excerpt":{"rendered":"<p>Das gro\u00dfe Messen (Teil 1). Letztes Wochenende fand die\u00a0Musik Produktiv Messe 2017 in Ibbenb\u00fcren statt. Ich war zum ersten Mal da. Und hatte Gl\u00fcck. Zwar nicht bei\u00a0einer der vielen Gear-Verlosungen, die dort\u00a0dauernd\u00a0an jeder zweiten Ecke stattfinden \u2013 nein, besser. Sogar viel\u00a0b\u00e4sser. (Ich wei\u00df, ich muss mir dieses bl\u00f6de Wortspiel dringend abgew\u00f6hnen. Letztes Mal! Versprochen.) Am &hellip; <\/p>\n<p class=\"link-more\"><a href=\"https:\/\/timschraubtbass.tim-stelzer.de\/?p=939\" class=\"more-link\"><span class=\"screen-reader-text\">\u201e45 HALLO, MARLEAUX!\u201c <\/span>weiterlesen<\/a><\/p>\n","protected":false},"author":1,"featured_media":0,"comment_status":"open","ping_status":"open","sticky":false,"template":"","format":"standard","meta":{"jetpack_post_was_ever_published":false,"_jetpack_newsletter_access":"","_jetpack_dont_email_post_to_subs":false,"_jetpack_newsletter_tier_id":0,"_jetpack_memberships_contains_paywalled_content":false,"_jetpack_memberships_contains_paid_content":false,"footnotes":"","jetpack_publicize_message":"","jetpack_publicize_feature_enabled":true,"jetpack_social_post_already_shared":true,"jetpack_social_options":{"image_generator_settings":{"template":"highway","default_image_id":0,"font":"","enabled":false},"version":2}},"categories":[1],"tags":[],"class_list":["post-939","post","type-post","status-publish","format-standard","hentry","category-allgemein"],"jetpack_publicize_connections":[],"jetpack_featured_media_url":"","jetpack_sharing_enabled":true,"jetpack_shortlink":"https:\/\/wp.me\/p8SMry-f9","jetpack-related-posts":[{"id":1059,"url":"https:\/\/timschraubtbass.tim-stelzer.de\/?p=1059","url_meta":{"origin":939,"position":0},"title":"49 GREEN &#038; BLUE","author":"timschraubtbass","date":"12. Dezember 2017","format":false,"excerpt":"Das gro\u00dfe Messen (Teil 3) Adventszeit. Was da jetzt auch noch endlich mal ankommt, ist der dritte und abschlie\u00dfende Teil meines Berichts \u00fcber die Hausmesse 2017 bei Musik Produktiv in Ibbenb\u00fcren. Ich hatte ja schon im ersten und im zweiten Teil von meinem Gespr\u00e4ch mit Gerald Marleaux berichtet. Doch was\u2026","rel":"","context":"In &quot;Allgemein&quot;","block_context":{"text":"Allgemein","link":"https:\/\/timschraubtbass.tim-stelzer.de\/?cat=1"},"img":{"alt_text":"","src":"https:\/\/i0.wp.com\/tim-stelzer.de\/timschraubtbass\/wp-content\/uploads\/2017\/12\/IMG_1462-1024x1024.jpg?resize=350%2C200","width":350,"height":200,"srcset":"https:\/\/i0.wp.com\/tim-stelzer.de\/timschraubtbass\/wp-content\/uploads\/2017\/12\/IMG_1462-1024x1024.jpg?resize=350%2C200 1x, https:\/\/i0.wp.com\/tim-stelzer.de\/timschraubtbass\/wp-content\/uploads\/2017\/12\/IMG_1462-1024x1024.jpg?resize=525%2C300 1.5x"},"classes":[]},{"id":1544,"url":"https:\/\/timschraubtbass.tim-stelzer.de\/?p=1544","url_meta":{"origin":939,"position":1},"title":"72 BASS TO THE FUTURE (Teil 1)","author":"timschraubtbass","date":"20. Dezember 2018","format":false,"excerpt":"\u201dNobody calls me chicken!\u201dDie Musik Produktiv Hausmesse 2018 Endlich komme ich dazu, meinen Bericht \u00fcber die Hausmesse 2018 bei\u00a0Musik Produktiv in Ibbenb\u00fcren zu schreiben. Von der Messe 2017 war ich ja recht begeistert gewesen. Und wie war's diesmal? Am 10. November 2018 holte mich mein Bandkollege Norbert morgens ab und\u2026","rel":"","context":"In &quot;Allgemein&quot;","block_context":{"text":"Allgemein","link":"https:\/\/timschraubtbass.tim-stelzer.de\/?cat=1"},"img":{"alt_text":"","src":"https:\/\/i0.wp.com\/timschraubtbass.tim-stelzer.de\/wp-content\/uploads\/2018\/12\/Musikmesse2018DeLorean.jpg?resize=350%2C200&ssl=1","width":350,"height":200,"srcset":"https:\/\/i0.wp.com\/timschraubtbass.tim-stelzer.de\/wp-content\/uploads\/2018\/12\/Musikmesse2018DeLorean.jpg?resize=350%2C200&ssl=1 1x, https:\/\/i0.wp.com\/timschraubtbass.tim-stelzer.de\/wp-content\/uploads\/2018\/12\/Musikmesse2018DeLorean.jpg?resize=525%2C300&ssl=1 1.5x, https:\/\/i0.wp.com\/timschraubtbass.tim-stelzer.de\/wp-content\/uploads\/2018\/12\/Musikmesse2018DeLorean.jpg?resize=700%2C400&ssl=1 2x, https:\/\/i0.wp.com\/timschraubtbass.tim-stelzer.de\/wp-content\/uploads\/2018\/12\/Musikmesse2018DeLorean.jpg?resize=1050%2C600&ssl=1 3x, https:\/\/i0.wp.com\/timschraubtbass.tim-stelzer.de\/wp-content\/uploads\/2018\/12\/Musikmesse2018DeLorean.jpg?resize=1400%2C800&ssl=1 4x"},"classes":[]},{"id":2777,"url":"https:\/\/timschraubtbass.tim-stelzer.de\/?p=2777","url_meta":{"origin":939,"position":2},"title":"93 BARONMETER","author":"timschraubtbass","date":"18. Mai 2021","format":false,"excerpt":"\u201dIt's got to be perfect\u201d Mehr als ein halbes Jahr habe ich meine Geburtstagsgitarre jetzt \u2013 meine wundersch\u00f6ne \u201dBaron Modell 1\u201d. \u00dcber die Hintergr\u00fcnde, die (er)baulichen Details und die ersten Eindr\u00fccke habe ich ja bereits mehrmals ausf\u00fchrlich berichtet. Aber wie sieht's jetzt aus, Monate sp\u00e4ter? Was ist der Stand der\u2026","rel":"","context":"In &quot;Allgemein&quot;","block_context":{"text":"Allgemein","link":"https:\/\/timschraubtbass.tim-stelzer.de\/?cat=1"},"img":{"alt_text":"","src":"https:\/\/i0.wp.com\/timschraubtbass.tim-stelzer.de\/wp-content\/uploads\/2021\/05\/IMG_3183D-scaled.jpeg?resize=350%2C200&ssl=1","width":350,"height":200,"srcset":"https:\/\/i0.wp.com\/timschraubtbass.tim-stelzer.de\/wp-content\/uploads\/2021\/05\/IMG_3183D-scaled.jpeg?resize=350%2C200&ssl=1 1x, https:\/\/i0.wp.com\/timschraubtbass.tim-stelzer.de\/wp-content\/uploads\/2021\/05\/IMG_3183D-scaled.jpeg?resize=525%2C300&ssl=1 1.5x, https:\/\/i0.wp.com\/timschraubtbass.tim-stelzer.de\/wp-content\/uploads\/2021\/05\/IMG_3183D-scaled.jpeg?resize=700%2C400&ssl=1 2x, https:\/\/i0.wp.com\/timschraubtbass.tim-stelzer.de\/wp-content\/uploads\/2021\/05\/IMG_3183D-scaled.jpeg?resize=1050%2C600&ssl=1 3x, https:\/\/i0.wp.com\/timschraubtbass.tim-stelzer.de\/wp-content\/uploads\/2021\/05\/IMG_3183D-scaled.jpeg?resize=1400%2C800&ssl=1 4x"},"classes":[]},{"id":1344,"url":"https:\/\/timschraubtbass.tim-stelzer.de\/?p=1344","url_meta":{"origin":939,"position":3},"title":"63 B\u00dcNDE F\u00dcRS LEBEN","author":"timschraubtbass","date":"23. April 2018","format":false,"excerpt":"Tsch\u00fc\u00df Scheppern! Als ich letztes Jahr den Hals f\u00fcr meinen Schraubbass bei BassParts.de bestellt habe, bekam ich den freundlichen Hinweis: Die B\u00fcnde sollten dann besser noch mal (m\u00f6glichst professionell) abgerichtet werden, wenn der Bass fertig ist. Aus Gr\u00fcnden: Von dem Scheppern, dass sich w\u00e4hrend des Winters an\u00a0einigen Stellen des Halses\u2026","rel":"","context":"In &quot;Allgemein&quot;","block_context":{"text":"Allgemein","link":"https:\/\/timschraubtbass.tim-stelzer.de\/?cat=1"},"img":{"alt_text":"","src":"https:\/\/i0.wp.com\/tim-stelzer.de\/timschraubtbass\/wp-content\/uploads\/2017\/06\/IMG_8544-1024x320.jpg?resize=350%2C200","width":350,"height":200,"srcset":"https:\/\/i0.wp.com\/tim-stelzer.de\/timschraubtbass\/wp-content\/uploads\/2017\/06\/IMG_8544-1024x320.jpg?resize=350%2C200 1x, https:\/\/i0.wp.com\/tim-stelzer.de\/timschraubtbass\/wp-content\/uploads\/2017\/06\/IMG_8544-1024x320.jpg?resize=525%2C300 1.5x"},"classes":[]},{"id":2435,"url":"https:\/\/timschraubtbass.tim-stelzer.de\/?p=2435","url_meta":{"origin":939,"position":4},"title":"87 JIVE TALKIN&#8216;","author":"timschraubtbass","date":"22. September 2020","format":false,"excerpt":"\u201dYou got so much!\u201d Effektger\u00e4te? F\u00fcr den Bass? F\u00fcr meinen Bass? Anfang der 90er, in meiner hei\u00dfen Zeit als Bassist & Co-S\u00e4nger einer kleinen, feinen Power-Pop-Combo in meiner Heimatstadt Wilhelmshaven, hie\u00df meine Antwort stets \u201dOch \u2026 N\u00f6.\u201d Ich hatte schon genug mit gleichzeitig Bass spielen, singen und Text vergessen zu\u2026","rel":"","context":"In &quot;Allgemein&quot;","block_context":{"text":"Allgemein","link":"https:\/\/timschraubtbass.tim-stelzer.de\/?cat=1"},"img":{"alt_text":"","src":"https:\/\/i0.wp.com\/timschraubtbass.tim-stelzer.de\/wp-content\/uploads\/2017\/09\/IMG_0863.jpg?resize=350%2C200&ssl=1","width":350,"height":200,"srcset":"https:\/\/i0.wp.com\/timschraubtbass.tim-stelzer.de\/wp-content\/uploads\/2017\/09\/IMG_0863.jpg?resize=350%2C200&ssl=1 1x, https:\/\/i0.wp.com\/timschraubtbass.tim-stelzer.de\/wp-content\/uploads\/2017\/09\/IMG_0863.jpg?resize=525%2C300&ssl=1 1.5x, https:\/\/i0.wp.com\/timschraubtbass.tim-stelzer.de\/wp-content\/uploads\/2017\/09\/IMG_0863.jpg?resize=700%2C400&ssl=1 2x, https:\/\/i0.wp.com\/timschraubtbass.tim-stelzer.de\/wp-content\/uploads\/2017\/09\/IMG_0863.jpg?resize=1050%2C600&ssl=1 3x, https:\/\/i0.wp.com\/timschraubtbass.tim-stelzer.de\/wp-content\/uploads\/2017\/09\/IMG_0863.jpg?resize=1400%2C800&ssl=1 4x"},"classes":[]},{"id":2267,"url":"https:\/\/timschraubtbass.tim-stelzer.de\/?p=2267","url_meta":{"origin":939,"position":5},"title":"82 THE BASS BABY (III)","author":"timschraubtbass","date":"15. November 2019","format":false,"excerpt":"\u201dMan h\u00f6rt, dass es ein Helliver-Instrument ist.\u201d \u2013 Oliver Baron im Interview (Teil 3 des Bass-Berichts). Wie versprochen gibt's heute den Helliver-Chef & -Gr\u00fcnder Oliver im O-Ton. Der freundliche Dipl.-Des. spricht \u00fcber den ersten Bass aus seiner Werkstatt \u2013 und l\u00e4sst dabei angemessen tief blicken, was seine Arbeits- und Herangehensweise\u2026","rel":"","context":"In &quot;Allgemein&quot;","block_context":{"text":"Allgemein","link":"https:\/\/timschraubtbass.tim-stelzer.de\/?cat=1"},"img":{"alt_text":"","src":"https:\/\/i0.wp.com\/timschraubtbass.tim-stelzer.de\/wp-content\/uploads\/2019\/10\/IMG_7882.jpeg?resize=350%2C200&ssl=1","width":350,"height":200,"srcset":"https:\/\/i0.wp.com\/timschraubtbass.tim-stelzer.de\/wp-content\/uploads\/2019\/10\/IMG_7882.jpeg?resize=350%2C200&ssl=1 1x, https:\/\/i0.wp.com\/timschraubtbass.tim-stelzer.de\/wp-content\/uploads\/2019\/10\/IMG_7882.jpeg?resize=525%2C300&ssl=1 1.5x, https:\/\/i0.wp.com\/timschraubtbass.tim-stelzer.de\/wp-content\/uploads\/2019\/10\/IMG_7882.jpeg?resize=700%2C400&ssl=1 2x, https:\/\/i0.wp.com\/timschraubtbass.tim-stelzer.de\/wp-content\/uploads\/2019\/10\/IMG_7882.jpeg?resize=1050%2C600&ssl=1 3x, https:\/\/i0.wp.com\/timschraubtbass.tim-stelzer.de\/wp-content\/uploads\/2019\/10\/IMG_7882.jpeg?resize=1400%2C800&ssl=1 4x"},"classes":[]}],"_links":{"self":[{"href":"https:\/\/timschraubtbass.tim-stelzer.de\/index.php?rest_route=\/wp\/v2\/posts\/939","targetHints":{"allow":["GET"]}}],"collection":[{"href":"https:\/\/timschraubtbass.tim-stelzer.de\/index.php?rest_route=\/wp\/v2\/posts"}],"about":[{"href":"https:\/\/timschraubtbass.tim-stelzer.de\/index.php?rest_route=\/wp\/v2\/types\/post"}],"author":[{"embeddable":true,"href":"https:\/\/timschraubtbass.tim-stelzer.de\/index.php?rest_route=\/wp\/v2\/users\/1"}],"replies":[{"embeddable":true,"href":"https:\/\/timschraubtbass.tim-stelzer.de\/index.php?rest_route=%2Fwp%2Fv2%2Fcomments&post=939"}],"version-history":[{"count":43,"href":"https:\/\/timschraubtbass.tim-stelzer.de\/index.php?rest_route=\/wp\/v2\/posts\/939\/revisions"}],"predecessor-version":[{"id":986,"href":"https:\/\/timschraubtbass.tim-stelzer.de\/index.php?rest_route=\/wp\/v2\/posts\/939\/revisions\/986"}],"wp:attachment":[{"href":"https:\/\/timschraubtbass.tim-stelzer.de\/index.php?rest_route=%2Fwp%2Fv2%2Fmedia&parent=939"}],"wp:term":[{"taxonomy":"category","embeddable":true,"href":"https:\/\/timschraubtbass.tim-stelzer.de\/index.php?rest_route=%2Fwp%2Fv2%2Fcategories&post=939"},{"taxonomy":"post_tag","embeddable":true,"href":"https:\/\/timschraubtbass.tim-stelzer.de\/index.php?rest_route=%2Fwp%2Fv2%2Ftags&post=939"}],"curies":[{"name":"wp","href":"https:\/\/api.w.org\/{rel}","templated":true}]}}