{"id":924,"date":"2017-11-10T12:59:21","date_gmt":"2017-11-10T11:59:21","guid":{"rendered":"http:\/\/tim-stelzer.de\/timschraubtbass\/?p=924"},"modified":"2017-11-10T12:59:21","modified_gmt":"2017-11-10T11:59:21","slug":"44-improtube","status":"publish","type":"post","link":"https:\/\/timschraubtbass.tim-stelzer.de\/?p=924","title":{"rendered":"44 IMPROTUBE"},"content":{"rendered":"<h1><strong>Untitled Bass<\/strong><\/h1>\n<p><strong>Da schraubt er wieder \u2026 die kurze Urlaubspause ist over. Ich habe mich jetzt auch mal wieder etwas n\u00e4her mit dem\u00a0<a href=\"http:\/\/www.ikmultimedia.com\/products\/irighd2\/\">iRig HD 2 <\/a>und <a href=\"http:\/\/www.ikmultimedia.com\/products\/amplitubeios\/\">AmpliTube<\/a> besch\u00e4ftigt (hatte vom Kauf ja <a href=\"http:\/\/tim-stelzer.de\/timschraubtbass\/?p=844\">berichtet<\/a>) \u2013 und komme jetzt ganz gut damit klar. Vor allem, seitdem ich mir ein\u00a0<\/strong><b><a href=\"http:\/\/www.ikmultimedia.com\/news\/index.php?item_id=5148\">Erweiterungs-Pack<\/a> im Sonderangebot gekauft habe. In-App-K\u00e4ufe sind ja sowas von praktisch &#8230; \ud83d\ude09<\/b><\/p>\n<p>Heute habe ich dann mal mit AmpliTube einen kurzen <strong>Drum-Groove<\/strong> zusammengeschraubt und dazu spontan einen <strong>Bass-Groove improvisiert<\/strong>. Als Verst\u00e4rker-Simulation habe ich einen <strong>Orange<\/strong> gew\u00e4hlt. Ansonsten <strong>keine Effekte<\/strong>. Der Sound der Aufnahme bildet den Bass <strong>ganz OK<\/strong> ab \u2013 f\u00fcrs Erste jedenfalls. Da kann noch viel geschraubt werden \u2026<\/p>\n<p><strong>Viel Spa\u00df beim H\u00f6ren \u2013 und sch\u00f6nes Wochenende!<\/strong><\/p>\n<p><iframe loading=\"lazy\" title=\"Untitled Bassimpro by timusik\" width=\"525\" height=\"400\" scrolling=\"no\" frameborder=\"no\" src=\"https:\/\/w.soundcloud.com\/player\/?visual=true&#038;url=https%3A%2F%2Fapi.soundcloud.com%2Ftracks%2F353764628&#038;show_artwork=true&#038;maxheight=788&#038;maxwidth=525\"><\/iframe><\/p>\n<p>&nbsp;<\/p>\n","protected":false},"excerpt":{"rendered":"<p>Untitled Bass Da schraubt er wieder \u2026 die kurze Urlaubspause ist over. Ich habe mich jetzt auch mal wieder etwas n\u00e4her mit dem\u00a0iRig HD 2 und AmpliTube besch\u00e4ftigt (hatte vom Kauf ja berichtet) \u2013 und komme jetzt ganz gut damit klar. Vor allem, seitdem ich mir ein\u00a0Erweiterungs-Pack im Sonderangebot gekauft habe. In-App-K\u00e4ufe sind ja sowas &hellip; <\/p>\n<p class=\"link-more\"><a href=\"https:\/\/timschraubtbass.tim-stelzer.de\/?p=924\" class=\"more-link\"><span class=\"screen-reader-text\">\u201e44 IMPROTUBE\u201c <\/span>weiterlesen<\/a><\/p>\n","protected":false},"author":1,"featured_media":0,"comment_status":"open","ping_status":"open","sticky":false,"template":"","format":"standard","meta":{"jetpack_post_was_ever_published":false,"_jetpack_newsletter_access":"","_jetpack_dont_email_post_to_subs":false,"_jetpack_newsletter_tier_id":0,"_jetpack_memberships_contains_paywalled_content":false,"_jetpack_memberships_contains_paid_content":false,"footnotes":"","jetpack_publicize_message":"","jetpack_publicize_feature_enabled":true,"jetpack_social_post_already_shared":true,"jetpack_social_options":{"image_generator_settings":{"template":"highway","default_image_id":0,"font":"","enabled":false},"version":2}},"categories":[1],"tags":[],"class_list":["post-924","post","type-post","status-publish","format-standard","hentry","category-allgemein"],"jetpack_publicize_connections":[],"jetpack_featured_media_url":"","jetpack_sharing_enabled":true,"jetpack_shortlink":"https:\/\/wp.me\/p8SMry-eU","jetpack-related-posts":[{"id":1059,"url":"https:\/\/timschraubtbass.tim-stelzer.de\/?p=1059","url_meta":{"origin":924,"position":0},"title":"49 GREEN &#038; BLUE","author":"timschraubtbass","date":"12. Dezember 2017","format":false,"excerpt":"Das gro\u00dfe Messen (Teil 3) Adventszeit. Was da jetzt auch noch endlich mal ankommt, ist der dritte und abschlie\u00dfende Teil meines Berichts \u00fcber die Hausmesse 2017 bei Musik Produktiv in Ibbenb\u00fcren. Ich hatte ja schon im ersten und im zweiten Teil von meinem Gespr\u00e4ch mit Gerald Marleaux berichtet. Doch was\u2026","rel":"","context":"In &quot;Allgemein&quot;","block_context":{"text":"Allgemein","link":"https:\/\/timschraubtbass.tim-stelzer.de\/?cat=1"},"img":{"alt_text":"","src":"https:\/\/i0.wp.com\/tim-stelzer.de\/timschraubtbass\/wp-content\/uploads\/2017\/12\/IMG_1462-1024x1024.jpg?resize=350%2C200","width":350,"height":200,"srcset":"https:\/\/i0.wp.com\/tim-stelzer.de\/timschraubtbass\/wp-content\/uploads\/2017\/12\/IMG_1462-1024x1024.jpg?resize=350%2C200 1x, https:\/\/i0.wp.com\/tim-stelzer.de\/timschraubtbass\/wp-content\/uploads\/2017\/12\/IMG_1462-1024x1024.jpg?resize=525%2C300 1.5x"},"classes":[]},{"id":884,"url":"https:\/\/timschraubtbass.tim-stelzer.de\/?p=884","url_meta":{"origin":924,"position":1},"title":"41 GET INTO THE GROOVE","author":"timschraubtbass","date":"13. Oktober 2017","format":false,"excerpt":"Der Bass geht\u00a0weiter. Wie versprochen gibt's jetzt endlich ein paar weitere Aufnahmen vom geschraubten\u00a0Preci. Ich habe mich weiter mit dem\u00a0iRig HD2\u00a0besch\u00e4ftigt \u2013 und die folgenden Beispiele sind dabei herausgekommen. Gestern Abend hatte ich ein wenig Zeit und habe mich mit dem Bass aufs Sofa verzogen, um mit meinem neuen iRig\u2026","rel":"","context":"In &quot;Allgemein&quot;","block_context":{"text":"Allgemein","link":"https:\/\/timschraubtbass.tim-stelzer.de\/?cat=1"},"img":{"alt_text":"","src":"https:\/\/i0.wp.com\/tim-stelzer.de\/timschraubtbass\/wp-content\/uploads\/2017\/10\/IMG_1184-1024x768.jpg?resize=350%2C200","width":350,"height":200,"srcset":"https:\/\/i0.wp.com\/tim-stelzer.de\/timschraubtbass\/wp-content\/uploads\/2017\/10\/IMG_1184-1024x768.jpg?resize=350%2C200 1x, https:\/\/i0.wp.com\/tim-stelzer.de\/timschraubtbass\/wp-content\/uploads\/2017\/10\/IMG_1184-1024x768.jpg?resize=525%2C300 1.5x"},"classes":[]},{"id":894,"url":"https:\/\/timschraubtbass.tim-stelzer.de\/?p=894","url_meta":{"origin":924,"position":2},"title":"42 THE NEXT LEVEL","author":"timschraubtbass","date":"20. Oktober 2017","format":false,"excerpt":"Life, the Universe, and Everything. Der 42. Blogbeitrag. Eine gute Zahl, um zwischendurch mal wieder ein paar \u00a0eher periphere Gedanken rund um mein Bassschraub- und Blog-Projekt zu formulieren. Oder sind es etwa doch eher sehr zentrale Gedanken?\u00a0 Ausgerechnet heute fr\u00fch bekam ich in meiner bevorzugten Muckibude diesen Schlie\u00dffachschl\u00fcssel ausgeh\u00e4ndigt: Auf\u2026","rel":"","context":"In &quot;Allgemein&quot;","block_context":{"text":"Allgemein","link":"https:\/\/timschraubtbass.tim-stelzer.de\/?cat=1"},"img":{"alt_text":"","src":"https:\/\/i0.wp.com\/tim-stelzer.de\/timschraubtbass\/wp-content\/uploads\/2017\/10\/IMG_1199-e1508490637794-997x1024.jpg?resize=350%2C200","width":350,"height":200,"srcset":"https:\/\/i0.wp.com\/tim-stelzer.de\/timschraubtbass\/wp-content\/uploads\/2017\/10\/IMG_1199-e1508490637794-997x1024.jpg?resize=350%2C200 1x, https:\/\/i0.wp.com\/tim-stelzer.de\/timschraubtbass\/wp-content\/uploads\/2017\/10\/IMG_1199-e1508490637794-997x1024.jpg?resize=525%2C300 1.5x"},"classes":[]},{"id":1186,"url":"https:\/\/timschraubtbass.tim-stelzer.de\/?p=1186","url_meta":{"origin":924,"position":3},"title":"54 BLOOPER REEL","author":"timschraubtbass","date":"24. Januar 2018","format":false,"excerpt":"Meine gr\u00f6\u00dften\u00a0Failer. Nach dem kritischen Zwischenfazit im letzten Beitrag gehe ich jetzt doch noch einen Schritt weiter. Dahin, wo es wirklich weh tut. Und wo meine grunds\u00e4tzliche Untauglichkeit f\u00fcr ein handwerkliches Projekt wie dieses noch einmal \u00fcberdeutlich wird. Aber hinterher ist es dann eben doch lustig \u2013 auch wenn ich\u2026","rel":"","context":"In &quot;Allgemein&quot;","block_context":{"text":"Allgemein","link":"https:\/\/timschraubtbass.tim-stelzer.de\/?cat=1"},"img":{"alt_text":"","src":"https:\/\/i0.wp.com\/tim-stelzer.de\/timschraubtbass\/wp-content\/uploads\/2018\/01\/IMG_1831-1024x946.jpg?resize=350%2C200","width":350,"height":200,"srcset":"https:\/\/i0.wp.com\/tim-stelzer.de\/timschraubtbass\/wp-content\/uploads\/2018\/01\/IMG_1831-1024x946.jpg?resize=350%2C200 1x, https:\/\/i0.wp.com\/tim-stelzer.de\/timschraubtbass\/wp-content\/uploads\/2018\/01\/IMG_1831-1024x946.jpg?resize=525%2C300 1.5x"},"classes":[]},{"id":2295,"url":"https:\/\/timschraubtbass.tim-stelzer.de\/?p=2295","url_meta":{"origin":924,"position":4},"title":"83 KELLERMANN","author":"timschraubtbass","date":"29. November 2019","format":false,"excerpt":"Musik f\u00fcr Harald. Auf Haralds Bass gespielt. Es ist jetzt fast eineinhalb Jahre her, dass mein guter Freund Harald gestorben ist. Ich hatte hier im letzten Jahr bereits ausf\u00fchrlich dar\u00fcber geschrieben. Jetzt habe ich ein Bass-Solo-St\u00fcck aufgenommen, das seinen Namen tr\u00e4gt \u2013 und das ich auf dem Bass eingespielt habe,\u2026","rel":"","context":"In &quot;Allgemein&quot;","block_context":{"text":"Allgemein","link":"https:\/\/timschraubtbass.tim-stelzer.de\/?cat=1"},"img":{"alt_text":"","src":"https:\/\/i0.wp.com\/timschraubtbass.tim-stelzer.de\/wp-content\/uploads\/2018\/07\/IMG_3240.jpg?resize=350%2C200&ssl=1","width":350,"height":200,"srcset":"https:\/\/i0.wp.com\/timschraubtbass.tim-stelzer.de\/wp-content\/uploads\/2018\/07\/IMG_3240.jpg?resize=350%2C200&ssl=1 1x, https:\/\/i0.wp.com\/timschraubtbass.tim-stelzer.de\/wp-content\/uploads\/2018\/07\/IMG_3240.jpg?resize=525%2C300&ssl=1 1.5x, https:\/\/i0.wp.com\/timschraubtbass.tim-stelzer.de\/wp-content\/uploads\/2018\/07\/IMG_3240.jpg?resize=700%2C400&ssl=1 2x, https:\/\/i0.wp.com\/timschraubtbass.tim-stelzer.de\/wp-content\/uploads\/2018\/07\/IMG_3240.jpg?resize=1050%2C600&ssl=1 3x"},"classes":[]},{"id":844,"url":"https:\/\/timschraubtbass.tim-stelzer.de\/?p=844","url_meta":{"origin":924,"position":5},"title":"38 GL\u00dcCK IST","author":"timschraubtbass","date":"20. September 2017","format":false,"excerpt":"Einsatz, bitte! Momentan bin ich viel mit Bassspielen besch\u00e4ftigt,\u00a0weniger mit Schrauben & Schreiben. Denn ich groove mich weiter auf meinem neuen, selbst zusammengeschraubten Bass ein \u2013 und teste, auf welche Art & Weise ich ihn am besten aufnehme. Mir steht hier zwar auch ein\u00a0umfangreich ausgestattetes digitales Heimstudio zur Verf\u00fcgung, aber\u2026","rel":"","context":"In &quot;Allgemein&quot;","block_context":{"text":"Allgemein","link":"https:\/\/timschraubtbass.tim-stelzer.de\/?cat=1"},"img":{"alt_text":"","src":"https:\/\/i0.wp.com\/tim-stelzer.de\/timschraubtbass\/wp-content\/uploads\/2017\/09\/IMG_0985-1024x768.jpg?resize=350%2C200","width":350,"height":200,"srcset":"https:\/\/i0.wp.com\/tim-stelzer.de\/timschraubtbass\/wp-content\/uploads\/2017\/09\/IMG_0985-1024x768.jpg?resize=350%2C200 1x, https:\/\/i0.wp.com\/tim-stelzer.de\/timschraubtbass\/wp-content\/uploads\/2017\/09\/IMG_0985-1024x768.jpg?resize=525%2C300 1.5x"},"classes":[]}],"_links":{"self":[{"href":"https:\/\/timschraubtbass.tim-stelzer.de\/index.php?rest_route=\/wp\/v2\/posts\/924","targetHints":{"allow":["GET"]}}],"collection":[{"href":"https:\/\/timschraubtbass.tim-stelzer.de\/index.php?rest_route=\/wp\/v2\/posts"}],"about":[{"href":"https:\/\/timschraubtbass.tim-stelzer.de\/index.php?rest_route=\/wp\/v2\/types\/post"}],"author":[{"embeddable":true,"href":"https:\/\/timschraubtbass.tim-stelzer.de\/index.php?rest_route=\/wp\/v2\/users\/1"}],"replies":[{"embeddable":true,"href":"https:\/\/timschraubtbass.tim-stelzer.de\/index.php?rest_route=%2Fwp%2Fv2%2Fcomments&post=924"}],"version-history":[{"count":7,"href":"https:\/\/timschraubtbass.tim-stelzer.de\/index.php?rest_route=\/wp\/v2\/posts\/924\/revisions"}],"predecessor-version":[{"id":931,"href":"https:\/\/timschraubtbass.tim-stelzer.de\/index.php?rest_route=\/wp\/v2\/posts\/924\/revisions\/931"}],"wp:attachment":[{"href":"https:\/\/timschraubtbass.tim-stelzer.de\/index.php?rest_route=%2Fwp%2Fv2%2Fmedia&parent=924"}],"wp:term":[{"taxonomy":"category","embeddable":true,"href":"https:\/\/timschraubtbass.tim-stelzer.de\/index.php?rest_route=%2Fwp%2Fv2%2Fcategories&post=924"},{"taxonomy":"post_tag","embeddable":true,"href":"https:\/\/timschraubtbass.tim-stelzer.de\/index.php?rest_route=%2Fwp%2Fv2%2Ftags&post=924"}],"curies":[{"name":"wp","href":"https:\/\/api.w.org\/{rel}","templated":true}]}}