{"id":876,"date":"2017-10-06T14:46:59","date_gmt":"2017-10-06T12:46:59","guid":{"rendered":"http:\/\/tim-stelzer.de\/timschraubtbass\/?p=876"},"modified":"2023-11-03T19:35:16","modified_gmt":"2023-11-03T18:35:16","slug":"40-die-berater","status":"publish","type":"post","link":"https:\/\/timschraubtbass.tim-stelzer.de\/?p=876","title":{"rendered":"40 DIE BERATER"},"content":{"rendered":"<h1><strong>Live und in Farbe<\/strong><\/h1>\n<p><strong>Den ersten Gig mit dem neuen Bass\u00a0hatte ich ja <a href=\"http:\/\/tim-stelzer.de\/timschraubtbass\/?p=817\">schon erw\u00e4hnt<\/a> und <a href=\"http:\/\/tim-stelzer.de\/timschraubtbass\/?p=826\">Fotos davon<\/a> gezeigt. Jetzt ist auch ein kleiner Video-Zusammenschnitt des Auftritts verf\u00fcgbar.<\/strong><\/p>\n<p>Gefilmt aus erster und zweiter Reihe vermittelt er <strong>einen ersten Eindruck<\/strong> von unserer Musik. Der <strong>Sound<\/strong> ist halbwegs <strong>OK<\/strong>, der Bass kommt <strong>ganz gut<\/strong> r\u00fcber, das Ganze sieht eben eher nach \u201dauthentisch\u201d aus und weniger nach geplanter Produktion.<\/p>\n<p>Gut zu sehen ist nat\u00fcrlich auch, dass wir als Band <strong>noch an unserer optischen Wirkung arbeiten<\/strong> k\u00f6nnen \u2026 \ud83d\ude09<\/p>\n<p>Aber was schreibe ich hier noch viel davon \u2026 Einfach mal selbst in die <strong>rund 13 Minuten<\/strong> reinschauen \u2026 <strong>Viel Spa\u00df dabei &amp; sch\u00f6nes Wochenende!<\/strong><\/p>\n<p><span class=\"embed-youtube\" style=\"text-align:center; display: block;\"><iframe loading=\"lazy\" class=\"youtube-player\" width=\"525\" height=\"296\" src=\"https:\/\/www.youtube.com\/embed\/tu4_zxggb-8?version=3&#038;rel=1&#038;showsearch=0&#038;showinfo=1&#038;iv_load_policy=1&#038;fs=1&#038;hl=de-DE&#038;autohide=2&#038;wmode=transparent\" allowfullscreen=\"true\" style=\"border:0;\" sandbox=\"allow-scripts allow-same-origin allow-popups allow-presentation allow-popups-to-escape-sandbox\"><\/iframe><\/span><\/p>\n<p>&nbsp;<\/p>\n","protected":false},"excerpt":{"rendered":"<p>Live und in Farbe Den ersten Gig mit dem neuen Bass\u00a0hatte ich ja schon erw\u00e4hnt und Fotos davon gezeigt. Jetzt ist auch ein kleiner Video-Zusammenschnitt des Auftritts verf\u00fcgbar. Gefilmt aus erster und zweiter Reihe vermittelt er einen ersten Eindruck von unserer Musik. Der Sound ist halbwegs OK, der Bass kommt ganz gut r\u00fcber, das Ganze &hellip; <\/p>\n<p class=\"link-more\"><a href=\"https:\/\/timschraubtbass.tim-stelzer.de\/?p=876\" class=\"more-link\"><span class=\"screen-reader-text\">\u201e40 DIE BERATER\u201c <\/span>weiterlesen<\/a><\/p>\n","protected":false},"author":1,"featured_media":0,"comment_status":"closed","ping_status":"open","sticky":false,"template":"","format":"standard","meta":{"jetpack_post_was_ever_published":false,"_jetpack_newsletter_access":"","_jetpack_dont_email_post_to_subs":false,"_jetpack_newsletter_tier_id":0,"_jetpack_memberships_contains_paywalled_content":false,"_jetpack_memberships_contains_paid_content":false,"footnotes":"","jetpack_publicize_message":"","jetpack_publicize_feature_enabled":true,"jetpack_social_post_already_shared":true,"jetpack_social_options":{"image_generator_settings":{"template":"highway","default_image_id":0,"font":"","enabled":false},"version":2}},"categories":[1],"tags":[],"class_list":["post-876","post","type-post","status-publish","format-standard","hentry","category-allgemein"],"jetpack_publicize_connections":[],"jetpack_featured_media_url":"","jetpack_sharing_enabled":true,"jetpack_shortlink":"https:\/\/wp.me\/p8SMry-e8","jetpack-related-posts":[{"id":826,"url":"https:\/\/timschraubtbass.tim-stelzer.de\/?p=826","url_meta":{"origin":876,"position":0},"title":"37 BASS ALLES","author":"timschraubtbass","date":"15. September 2017","format":false,"excerpt":"\u2026 und noch viel mehr! Heute gibt's ein paar mehr Fotos vom Auftritt meiner Band DIE BERATER. Und ein frisches Soundfile von meinem Bass. Und die Aufl\u00f6sung eines R\u00e4tsels aus einem der letzten Blog-Beitr\u00e4ge. Und dann ist Wochenende! So sah es f\u00fcr mich letzten Samstag aus Ego-Perspektive aus: Und so\u2026","rel":"","context":"In &quot;Allgemein&quot;","block_context":{"text":"Allgemein","link":"https:\/\/timschraubtbass.tim-stelzer.de\/?cat=1"},"img":{"alt_text":"","src":"https:\/\/i0.wp.com\/tim-stelzer.de\/timschraubtbass\/wp-content\/uploads\/2017\/09\/IMG_0863-1024x768.jpg?resize=350%2C200","width":350,"height":200,"srcset":"https:\/\/i0.wp.com\/tim-stelzer.de\/timschraubtbass\/wp-content\/uploads\/2017\/09\/IMG_0863-1024x768.jpg?resize=350%2C200 1x, https:\/\/i0.wp.com\/tim-stelzer.de\/timschraubtbass\/wp-content\/uploads\/2017\/09\/IMG_0863-1024x768.jpg?resize=525%2C300 1.5x"},"classes":[]},{"id":3586,"url":"https:\/\/timschraubtbass.tim-stelzer.de\/?p=3586","url_meta":{"origin":876,"position":1},"title":"106 JAZZ SPASS (Teil 2)","author":"timschraubtbass","date":"20. Dezember 2024","format":false,"excerpt":"Die \u00d6lprinzessin Rein grammatisch gesehen sind Gitarren feminin und B\u00e4sse maskulin. Aber in meinem Kopf ist bei B\u00e4ssen eine Binnen-Differenzierung, warum auch immer: Fender Precis sind m\u00e4nnlich, Fender Jazz B\u00e4sse sind weiblich. Liegt es an ihren Formen? An den (ziemlich genderklischeehaften) (B)Assoziationen \u201dPreci = f\u00fcrs Grobe\u201d & \u201dJazz Bass =\u2026","rel":"","context":"In &quot;Allgemein&quot;","block_context":{"text":"Allgemein","link":"https:\/\/timschraubtbass.tim-stelzer.de\/?cat=1"},"img":{"alt_text":"","src":"https:\/\/i0.wp.com\/timschraubtbass.tim-stelzer.de\/wp-content\/uploads\/2024\/11\/7A1D208A-E19B-42AF-8740-FDD89035628B_1_105_c.jpeg?resize=350%2C200&ssl=1","width":350,"height":200,"srcset":"https:\/\/i0.wp.com\/timschraubtbass.tim-stelzer.de\/wp-content\/uploads\/2024\/11\/7A1D208A-E19B-42AF-8740-FDD89035628B_1_105_c.jpeg?resize=350%2C200&ssl=1 1x, https:\/\/i0.wp.com\/timschraubtbass.tim-stelzer.de\/wp-content\/uploads\/2024\/11\/7A1D208A-E19B-42AF-8740-FDD89035628B_1_105_c.jpeg?resize=525%2C300&ssl=1 1.5x, https:\/\/i0.wp.com\/timschraubtbass.tim-stelzer.de\/wp-content\/uploads\/2024\/11\/7A1D208A-E19B-42AF-8740-FDD89035628B_1_105_c.jpeg?resize=700%2C400&ssl=1 2x"},"classes":[]},{"id":668,"url":"https:\/\/timschraubtbass.tim-stelzer.de\/?p=668","url_meta":{"origin":876,"position":2},"title":"30 INTERLUDE","author":"timschraubtbass","date":"1. September 2017","format":false,"excerpt":"\u201dWith great Incompetence comes great Responsibility.\u201d Einmal tief Luft holen. Hey, der Bass ist fast fertig! Bevor ich den Sattel vom Sound Ranger feilen und den Bass damit bespielbar machen lasse, passt es wohl ganz gut, kurz zur\u00fcck und nach vorne zu blicken.\u00a0 So fing es an: So ging es\u2026","rel":"","context":"In &quot;Allgemein&quot;","block_context":{"text":"Allgemein","link":"https:\/\/timschraubtbass.tim-stelzer.de\/?cat=1"},"img":{"alt_text":"","src":"https:\/\/i0.wp.com\/tim-stelzer.de\/timschraubtbass\/wp-content\/uploads\/2017\/06\/IMG_9883-1024x418.jpg?resize=350%2C200","width":350,"height":200,"srcset":"https:\/\/i0.wp.com\/tim-stelzer.de\/timschraubtbass\/wp-content\/uploads\/2017\/06\/IMG_9883-1024x418.jpg?resize=350%2C200 1x, https:\/\/i0.wp.com\/tim-stelzer.de\/timschraubtbass\/wp-content\/uploads\/2017\/06\/IMG_9883-1024x418.jpg?resize=525%2C300 1.5x"},"classes":[]},{"id":2267,"url":"https:\/\/timschraubtbass.tim-stelzer.de\/?p=2267","url_meta":{"origin":876,"position":3},"title":"82 THE BASS BABY (III)","author":"timschraubtbass","date":"15. November 2019","format":false,"excerpt":"\u201dMan h\u00f6rt, dass es ein Helliver-Instrument ist.\u201d \u2013 Oliver Baron im Interview (Teil 3 des Bass-Berichts). Wie versprochen gibt's heute den Helliver-Chef & -Gr\u00fcnder Oliver im O-Ton. Der freundliche Dipl.-Des. spricht \u00fcber den ersten Bass aus seiner Werkstatt \u2013 und l\u00e4sst dabei angemessen tief blicken, was seine Arbeits- und Herangehensweise\u2026","rel":"","context":"In &quot;Allgemein&quot;","block_context":{"text":"Allgemein","link":"https:\/\/timschraubtbass.tim-stelzer.de\/?cat=1"},"img":{"alt_text":"","src":"https:\/\/i0.wp.com\/timschraubtbass.tim-stelzer.de\/wp-content\/uploads\/2019\/10\/IMG_7882.jpeg?resize=350%2C200&ssl=1","width":350,"height":200,"srcset":"https:\/\/i0.wp.com\/timschraubtbass.tim-stelzer.de\/wp-content\/uploads\/2019\/10\/IMG_7882.jpeg?resize=350%2C200&ssl=1 1x, https:\/\/i0.wp.com\/timschraubtbass.tim-stelzer.de\/wp-content\/uploads\/2019\/10\/IMG_7882.jpeg?resize=525%2C300&ssl=1 1.5x, https:\/\/i0.wp.com\/timschraubtbass.tim-stelzer.de\/wp-content\/uploads\/2019\/10\/IMG_7882.jpeg?resize=700%2C400&ssl=1 2x, https:\/\/i0.wp.com\/timschraubtbass.tim-stelzer.de\/wp-content\/uploads\/2019\/10\/IMG_7882.jpeg?resize=1050%2C600&ssl=1 3x, https:\/\/i0.wp.com\/timschraubtbass.tim-stelzer.de\/wp-content\/uploads\/2019\/10\/IMG_7882.jpeg?resize=1400%2C800&ssl=1 4x"},"classes":[]},{"id":1151,"url":"https:\/\/timschraubtbass.tim-stelzer.de\/?p=1151","url_meta":{"origin":876,"position":4},"title":"53 THE GOOD, THE BAD &#038; THE BEAUTIFUL BASS","author":"timschraubtbass","date":"17. Januar 2018","format":false,"excerpt":"Blick zur\u00fcck nach vorn. \u201dTim schraubt Bass\u201d ist jetzt ein gutes halbes Jahr online. Der Bass ist seit ein paar Monaten in einem Zustand, den man \u201dfertig\u201d nennen kann. Und er ist seitdem kontinuierlich im Einsatz, sowohl im (dann nicht so) stillen\u00a0K\u00e4mmerlein zu Hause als auch\u00a0bei den w\u00f6chentlichen Proben meiner\u2026","rel":"","context":"In &quot;Allgemein&quot;","block_context":{"text":"Allgemein","link":"https:\/\/timschraubtbass.tim-stelzer.de\/?cat=1"},"img":{"alt_text":"","src":"https:\/\/i0.wp.com\/tim-stelzer.de\/timschraubtbass\/wp-content\/uploads\/2018\/01\/IMG_1794-768x1024.jpg?resize=350%2C200","width":350,"height":200,"srcset":"https:\/\/i0.wp.com\/tim-stelzer.de\/timschraubtbass\/wp-content\/uploads\/2018\/01\/IMG_1794-768x1024.jpg?resize=350%2C200 1x, https:\/\/i0.wp.com\/tim-stelzer.de\/timschraubtbass\/wp-content\/uploads\/2018\/01\/IMG_1794-768x1024.jpg?resize=525%2C300 1.5x"},"classes":[]},{"id":3326,"url":"https:\/\/timschraubtbass.tim-stelzer.de\/?p=3326","url_meta":{"origin":876,"position":5},"title":"101 MARLEAUX 101","author":"timschraubtbass","date":"20. Oktober 2023","format":false,"excerpt":"Grundkurs Edelbass Willkommen beim #timschraubtbass-Seminar \u201dBoutique-Bass\u201d, Folge 101. Ein Einstiegs-Grundkurs f\u00fcr komplette Newbies mit unter anderem den folgenden Inhalten: Was macht man eigentlich mit so einem Wahnsinns-Instrument im Haus? Wie herum h\u00e4ngt man ihn korrekt an die Wand? Darf man alle f\u00fcnf Saiten gleichzeitig bet\u00e4tigen? In welchen zertifizierten Fachwerkst\u00e4tten muss\u2026","rel":"","context":"In &quot;Allgemein&quot;","block_context":{"text":"Allgemein","link":"https:\/\/timschraubtbass.tim-stelzer.de\/?cat=1"},"img":{"alt_text":"","src":"https:\/\/i0.wp.com\/timschraubtbass.tim-stelzer.de\/wp-content\/uploads\/2023\/10\/IMG_3951-150x150.jpg?resize=350%2C200&ssl=1","width":350,"height":200,"srcset":"https:\/\/i0.wp.com\/timschraubtbass.tim-stelzer.de\/wp-content\/uploads\/2023\/10\/IMG_3951-150x150.jpg?resize=350%2C200&ssl=1 1x, https:\/\/i0.wp.com\/timschraubtbass.tim-stelzer.de\/wp-content\/uploads\/2023\/10\/IMG_3951-150x150.jpg?resize=525%2C300&ssl=1 1.5x, https:\/\/i0.wp.com\/timschraubtbass.tim-stelzer.de\/wp-content\/uploads\/2023\/10\/IMG_3951-150x150.jpg?resize=700%2C400&ssl=1 2x, https:\/\/i0.wp.com\/timschraubtbass.tim-stelzer.de\/wp-content\/uploads\/2023\/10\/IMG_3951-150x150.jpg?resize=1050%2C600&ssl=1 3x, https:\/\/i0.wp.com\/timschraubtbass.tim-stelzer.de\/wp-content\/uploads\/2023\/10\/IMG_3951-150x150.jpg?resize=1400%2C800&ssl=1 4x"},"classes":[]}],"_links":{"self":[{"href":"https:\/\/timschraubtbass.tim-stelzer.de\/index.php?rest_route=\/wp\/v2\/posts\/876","targetHints":{"allow":["GET"]}}],"collection":[{"href":"https:\/\/timschraubtbass.tim-stelzer.de\/index.php?rest_route=\/wp\/v2\/posts"}],"about":[{"href":"https:\/\/timschraubtbass.tim-stelzer.de\/index.php?rest_route=\/wp\/v2\/types\/post"}],"author":[{"embeddable":true,"href":"https:\/\/timschraubtbass.tim-stelzer.de\/index.php?rest_route=\/wp\/v2\/users\/1"}],"replies":[{"embeddable":true,"href":"https:\/\/timschraubtbass.tim-stelzer.de\/index.php?rest_route=%2Fwp%2Fv2%2Fcomments&post=876"}],"version-history":[{"count":6,"href":"https:\/\/timschraubtbass.tim-stelzer.de\/index.php?rest_route=\/wp\/v2\/posts\/876\/revisions"}],"predecessor-version":[{"id":882,"href":"https:\/\/timschraubtbass.tim-stelzer.de\/index.php?rest_route=\/wp\/v2\/posts\/876\/revisions\/882"}],"wp:attachment":[{"href":"https:\/\/timschraubtbass.tim-stelzer.de\/index.php?rest_route=%2Fwp%2Fv2%2Fmedia&parent=876"}],"wp:term":[{"taxonomy":"category","embeddable":true,"href":"https:\/\/timschraubtbass.tim-stelzer.de\/index.php?rest_route=%2Fwp%2Fv2%2Fcategories&post=876"},{"taxonomy":"post_tag","embeddable":true,"href":"https:\/\/timschraubtbass.tim-stelzer.de\/index.php?rest_route=%2Fwp%2Fv2%2Ftags&post=876"}],"curies":[{"name":"wp","href":"https:\/\/api.w.org\/{rel}","templated":true}]}}