{"id":817,"date":"2017-09-13T11:30:46","date_gmt":"2017-09-13T09:30:46","guid":{"rendered":"http:\/\/tim-stelzer.de\/timschraubtbass\/?p=817"},"modified":"2017-09-13T11:30:46","modified_gmt":"2017-09-13T09:30:46","slug":"36-premiere","status":"publish","type":"post","link":"https:\/\/timschraubtbass.tim-stelzer.de\/?p=817","title":{"rendered":"36 PREMIERE"},"content":{"rendered":"<h1><strong>Drei-Wetter-Bass<\/strong><\/h1>\n<p><strong>Am vergangenen Wochenende kam der Bass zum ersten Mal live zum Einsatz \u2013 beim ersten Auftritt meiner Band <a href=\"http:\/\/www.dieberaterband.de\">DIE BERATER<\/a>. Und das lief sehr gut!<\/strong><\/p>\n<p>Ein besonders gro\u00dfe Freude war f\u00fcr mich dabei \u2013 abgesehen von meinem selbstgeschraubten Bass \u2013, dass <strong>meine Familie<\/strong> auch mit beim Auftritt war. Und dass <strong>meine beiden Kinder so begeistert<\/strong>\u00a0waren. <strong>Meine Tochter<\/strong> (6) hat sogar ein Bild vom Auftritt in ihr Schultagebuch gemalt. Darauf sieht man zwar den Bass nicht und auch nicht meine Bandkollegen (sie hatte zu wenig Zeit, sagt sie), aber es ist trotzdem <strong>einfach toll<\/strong> geworden:<\/p>\n<p><a href=\"http:\/\/tim-stelzer.de\/timschraubtbass\/wp-content\/uploads\/2017\/09\/IMG_0898.jpg\"><img loading=\"lazy\" decoding=\"async\" data-attachment-id=\"813\" data-permalink=\"https:\/\/timschraubtbass.tim-stelzer.de\/?attachment_id=813\" data-orig-file=\"https:\/\/timschraubtbass.tim-stelzer.de\/wp-content\/uploads\/2017\/09\/IMG_0898.jpg\" data-orig-size=\"3024,4032\" data-comments-opened=\"1\" data-image-meta=\"{&quot;aperture&quot;:&quot;2.2&quot;,&quot;credit&quot;:&quot;&quot;,&quot;camera&quot;:&quot;iPhone 6s&quot;,&quot;caption&quot;:&quot;&quot;,&quot;created_timestamp&quot;:&quot;1505157935&quot;,&quot;copyright&quot;:&quot;&quot;,&quot;focal_length&quot;:&quot;4.15&quot;,&quot;iso&quot;:&quot;50&quot;,&quot;shutter_speed&quot;:&quot;0.03030303030303&quot;,&quot;title&quot;:&quot;&quot;,&quot;orientation&quot;:&quot;0&quot;}\" data-image-title=\"IMG_0898\" data-image-description=\"\" data-image-caption=\"\" data-large-file=\"https:\/\/timschraubtbass.tim-stelzer.de\/wp-content\/uploads\/2017\/09\/IMG_0898-768x1024.jpg\" class=\"alignnone size-large wp-image-813\" src=\"http:\/\/tim-stelzer.de\/timschraubtbass\/wp-content\/uploads\/2017\/09\/IMG_0898-768x1024.jpg\" alt=\"\" width=\"525\" height=\"700\" srcset=\"https:\/\/timschraubtbass.tim-stelzer.de\/wp-content\/uploads\/2017\/09\/IMG_0898-768x1024.jpg 768w, https:\/\/timschraubtbass.tim-stelzer.de\/wp-content\/uploads\/2017\/09\/IMG_0898-225x300.jpg 225w\" sizes=\"auto, (max-width: 525px) 100vw, 525px\" \/><\/a><\/p>\n<p>Ich werde demn\u00e4chst noch <strong>ein paar Fotos mehr vom Auftritt<\/strong> zeigen, dann kann man gut sehen, wie <strong>treffend<\/strong> sie mich gemalt hat \u2026 \ud83d\ude09<\/p>\n<p>Aber ganz kurz noch die wichtigsten Dinge zum Auftritt beantwortet:<\/p>\n<p><strong>Wie war&#8217;s?<\/strong><\/p>\n<p>Sehr gut! Wir haben als Band <strong>erst im Mai 2015 zusammengefunden<\/strong> und seitdem ein Repertoire an 14 eigenen St\u00fccken aufgebaut. Wir sind alle auf unterschiedliche Weise <strong>ziemlich eingespannt<\/strong> (Beruf, Familie, Bass schrauben etc.) \u2013 und das wir trotzdem in den bisher knapp zweieinhalb Jahren so weit gekommen sind, ist schon <strong>ein ziemlich gutes Zeichen<\/strong>. Bei unserem ersten \u00f6ffentlichen Auftritt liefen nur ein paar Sachen nicht ganz rund \u2013 aber das laufen sie ja <strong>eigentlich nie<\/strong>. Ich kenne jedenfalls keinen Musiker, der nach irgendeinem Auftritt mal gesagt h\u00e4tte: \u201dJa, lief einfach super, bin zu 100 % zufrieden und gl\u00fccklich!\u201d \ud83d\ude09<\/p>\n<p><strong>Und wie war&#8217;s mit dem Bass?<\/strong><\/p>\n<p>Sehr gut! Nicht nur mit dem <strong>Sound<\/strong> und <strong>Spielgef\u00fchl<\/strong> war ich sehr gl\u00fccklich. Vor allem ein Detail hat mich weiter von der <strong>soliden Qualit\u00e4t<\/strong> meines Basses \u00fcberzeugt: Am vergangenen Samstag war das <strong>Wetter erb\u00e4rmlich<\/strong>, es hat oft und heftig geregnet. Und wir haben in einem Zelt gespielt \u2013 ohne Boden, wir standen also schon nachmittags beim Soundcheck <strong>auf nassem Asphalt<\/strong>.<\/p>\n<p>Kam dann zwischendurch die <strong>Sonne<\/strong> raus, wurde es <strong>sehr warm<\/strong>. Und die <strong>Luftfeuchtigkeit<\/strong> stieg entsprechend. Bis zum Auftritt am sp\u00e4teren Abend kam \u00a0der Bass wieder <strong>in den Koffer<\/strong>. Dann wieder <strong>raus<\/strong> f\u00fcr den Auftritt. Danach dann wieder <strong>in den Koffer<\/strong>, ins Auto und nach Hause. Und am n\u00e4chsten Tag dann wieder hier in meine Mansarde.<\/p>\n<p>Aber <strong>jedes Mal<\/strong>, wenn ich den Basses nachstimmen wollte, war er immer noch <strong>nahezu perfekt in tune<\/strong>. Vor dem Soundcheck, nach dem Soundcheck, vor dem Auftritt, einen Tag nach dem Auftritt. <strong>Prima!<\/strong><\/p>\n<p><strong>Demn\u00e4chst mehr dazu<\/strong>. Ich werde ab jetzt <strong>nicht mehr wochent\u00e4glich<\/strong> Beitr\u00e4ge schreiben k\u00f6nnen, aber macht ja nix. Dann ist das alles auch nicht so anstrengend viel zu lesen \u2026 \ud83d\ude09<\/p>\n<p>&nbsp;<\/p>\n<p>&nbsp;<\/p>\n<p>&nbsp;<\/p>\n<p>&nbsp;<\/p>\n<p>&nbsp;<\/p>\n<p>&nbsp;<\/p>\n<p>&nbsp;<\/p>\n<p>&nbsp;<\/p>\n","protected":false},"excerpt":{"rendered":"<p>Drei-Wetter-Bass Am vergangenen Wochenende kam der Bass zum ersten Mal live zum Einsatz \u2013 beim ersten Auftritt meiner Band DIE BERATER. Und das lief sehr gut! Ein besonders gro\u00dfe Freude war f\u00fcr mich dabei \u2013 abgesehen von meinem selbstgeschraubten Bass \u2013, dass meine Familie auch mit beim Auftritt war. Und dass meine beiden Kinder so &hellip; <\/p>\n<p class=\"link-more\"><a href=\"https:\/\/timschraubtbass.tim-stelzer.de\/?p=817\" class=\"more-link\"><span class=\"screen-reader-text\">\u201e36 PREMIERE\u201c <\/span>weiterlesen<\/a><\/p>\n","protected":false},"author":1,"featured_media":0,"comment_status":"open","ping_status":"open","sticky":false,"template":"","format":"standard","meta":{"jetpack_post_was_ever_published":false,"_jetpack_newsletter_access":"","_jetpack_dont_email_post_to_subs":false,"_jetpack_newsletter_tier_id":0,"_jetpack_memberships_contains_paywalled_content":false,"_jetpack_memberships_contains_paid_content":false,"footnotes":"","jetpack_publicize_message":"","jetpack_publicize_feature_enabled":true,"jetpack_social_post_already_shared":true,"jetpack_social_options":{"image_generator_settings":{"template":"highway","default_image_id":0,"font":"","enabled":false},"version":2}},"categories":[1],"tags":[],"class_list":["post-817","post","type-post","status-publish","format-standard","hentry","category-allgemein"],"jetpack_publicize_connections":[],"jetpack_featured_media_url":"","jetpack_sharing_enabled":true,"jetpack_shortlink":"https:\/\/wp.me\/p8SMry-db","jetpack-related-posts":[{"id":791,"url":"https:\/\/timschraubtbass.tim-stelzer.de\/?p=791","url_meta":{"origin":817,"position":0},"title":"35 SETUP II &#038; GO!","author":"timschraubtbass","date":"8. September 2017","format":false,"excerpt":"Walhalla Rising \u2013 oder: \u201dEr wird von Bass getrieben.\u201d Der Bass ist einsatzbereit! Es bietet sich an, ihn nach dem ersten Setup ausf\u00fchrlich einzuspielen. Denn meine Band hat morgen ihren ersten Auftritt \u2013 beim Jubil\u00e4umsfest\u00a0des Unternehmens unseres Gitarristen. Nur geladene G\u00e4ste, Sorry! ;-) Die Einstellarbeiten von gestern haben etwas Zeit\u2026","rel":"","context":"In &quot;Allgemein&quot;","block_context":{"text":"Allgemein","link":"https:\/\/timschraubtbass.tim-stelzer.de\/?cat=1"},"img":{"alt_text":"","src":"https:\/\/i0.wp.com\/tim-stelzer.de\/timschraubtbass\/wp-content\/uploads\/2017\/09\/IMG_0858-1024x768.jpg?resize=350%2C200","width":350,"height":200,"srcset":"https:\/\/i0.wp.com\/tim-stelzer.de\/timschraubtbass\/wp-content\/uploads\/2017\/09\/IMG_0858-1024x768.jpg?resize=350%2C200 1x, https:\/\/i0.wp.com\/tim-stelzer.de\/timschraubtbass\/wp-content\/uploads\/2017\/09\/IMG_0858-1024x768.jpg?resize=525%2C300 1.5x"},"classes":[]},{"id":2267,"url":"https:\/\/timschraubtbass.tim-stelzer.de\/?p=2267","url_meta":{"origin":817,"position":1},"title":"82 THE BASS BABY (III)","author":"timschraubtbass","date":"15. November 2019","format":false,"excerpt":"\u201dMan h\u00f6rt, dass es ein Helliver-Instrument ist.\u201d \u2013 Oliver Baron im Interview (Teil 3 des Bass-Berichts). Wie versprochen gibt's heute den Helliver-Chef & -Gr\u00fcnder Oliver im O-Ton. Der freundliche Dipl.-Des. spricht \u00fcber den ersten Bass aus seiner Werkstatt \u2013 und l\u00e4sst dabei angemessen tief blicken, was seine Arbeits- und Herangehensweise\u2026","rel":"","context":"In &quot;Allgemein&quot;","block_context":{"text":"Allgemein","link":"https:\/\/timschraubtbass.tim-stelzer.de\/?cat=1"},"img":{"alt_text":"","src":"https:\/\/i0.wp.com\/timschraubtbass.tim-stelzer.de\/wp-content\/uploads\/2019\/10\/IMG_7882.jpeg?resize=350%2C200&ssl=1","width":350,"height":200,"srcset":"https:\/\/i0.wp.com\/timschraubtbass.tim-stelzer.de\/wp-content\/uploads\/2019\/10\/IMG_7882.jpeg?resize=350%2C200&ssl=1 1x, https:\/\/i0.wp.com\/timschraubtbass.tim-stelzer.de\/wp-content\/uploads\/2019\/10\/IMG_7882.jpeg?resize=525%2C300&ssl=1 1.5x, https:\/\/i0.wp.com\/timschraubtbass.tim-stelzer.de\/wp-content\/uploads\/2019\/10\/IMG_7882.jpeg?resize=700%2C400&ssl=1 2x, https:\/\/i0.wp.com\/timschraubtbass.tim-stelzer.de\/wp-content\/uploads\/2019\/10\/IMG_7882.jpeg?resize=1050%2C600&ssl=1 3x, https:\/\/i0.wp.com\/timschraubtbass.tim-stelzer.de\/wp-content\/uploads\/2019\/10\/IMG_7882.jpeg?resize=1400%2C800&ssl=1 4x"},"classes":[]},{"id":2206,"url":"https:\/\/timschraubtbass.tim-stelzer.de\/?p=2206","url_meta":{"origin":817,"position":2},"title":"81 THE BASS BABY (II)","author":"timschraubtbass","date":"1. November 2019","format":false,"excerpt":"Der Helliver-Nachwuchs im Praxis-Test (Teil 2) Wie im ersten Teil angek\u00fcndigt hat mir Oliver seine j\u00fcngste Kreation noch einmal zur Verf\u00fcgung gestellt, damit ich ihre Tauglichkeit bei einer Bandprobe unter die Lupe nehmen kann. Hurra! Das war sehr aufschlussreich \u2013 und abgesehen davon nat\u00fcrlich auch total cool. Jedenfalls f\u00fcr mich.\u2026","rel":"","context":"In &quot;Allgemein&quot;","block_context":{"text":"Allgemein","link":"https:\/\/timschraubtbass.tim-stelzer.de\/?cat=1"},"img":{"alt_text":"","src":"https:\/\/i0.wp.com\/timschraubtbass.tim-stelzer.de\/wp-content\/uploads\/2019\/10\/IMG_7902.jpeg?resize=350%2C200&ssl=1","width":350,"height":200,"srcset":"https:\/\/i0.wp.com\/timschraubtbass.tim-stelzer.de\/wp-content\/uploads\/2019\/10\/IMG_7902.jpeg?resize=350%2C200&ssl=1 1x, https:\/\/i0.wp.com\/timschraubtbass.tim-stelzer.de\/wp-content\/uploads\/2019\/10\/IMG_7902.jpeg?resize=525%2C300&ssl=1 1.5x, https:\/\/i0.wp.com\/timschraubtbass.tim-stelzer.de\/wp-content\/uploads\/2019\/10\/IMG_7902.jpeg?resize=700%2C400&ssl=1 2x, https:\/\/i0.wp.com\/timschraubtbass.tim-stelzer.de\/wp-content\/uploads\/2019\/10\/IMG_7902.jpeg?resize=1050%2C600&ssl=1 3x, https:\/\/i0.wp.com\/timschraubtbass.tim-stelzer.de\/wp-content\/uploads\/2019\/10\/IMG_7902.jpeg?resize=1400%2C800&ssl=1 4x"},"classes":[]},{"id":826,"url":"https:\/\/timschraubtbass.tim-stelzer.de\/?p=826","url_meta":{"origin":817,"position":3},"title":"37 BASS ALLES","author":"timschraubtbass","date":"15. September 2017","format":false,"excerpt":"\u2026 und noch viel mehr! Heute gibt's ein paar mehr Fotos vom Auftritt meiner Band DIE BERATER. Und ein frisches Soundfile von meinem Bass. Und die Aufl\u00f6sung eines R\u00e4tsels aus einem der letzten Blog-Beitr\u00e4ge. Und dann ist Wochenende! So sah es f\u00fcr mich letzten Samstag aus Ego-Perspektive aus: Und so\u2026","rel":"","context":"In &quot;Allgemein&quot;","block_context":{"text":"Allgemein","link":"https:\/\/timschraubtbass.tim-stelzer.de\/?cat=1"},"img":{"alt_text":"","src":"https:\/\/i0.wp.com\/tim-stelzer.de\/timschraubtbass\/wp-content\/uploads\/2017\/09\/IMG_0863-1024x768.jpg?resize=350%2C200","width":350,"height":200,"srcset":"https:\/\/i0.wp.com\/tim-stelzer.de\/timschraubtbass\/wp-content\/uploads\/2017\/09\/IMG_0863-1024x768.jpg?resize=350%2C200 1x, https:\/\/i0.wp.com\/tim-stelzer.de\/timschraubtbass\/wp-content\/uploads\/2017\/09\/IMG_0863-1024x768.jpg?resize=525%2C300 1.5x"},"classes":[]},{"id":2028,"url":"https:\/\/timschraubtbass.tim-stelzer.de\/?p=2028","url_meta":{"origin":817,"position":4},"title":"74 BASS LIVE","author":"timschraubtbass","date":"20. Februar 2019","format":false,"excerpt":"\u201dIch kann dir nicht sagen, wie gut ich mich gerade f\u00fchle \u2026\u201d Mein Bassblog-Hobby kommt gerade etwas kurz, aber aus Gr\u00fcnden. Neben mehreren gr\u00f6\u00dferen beruflichen Projekten war ich in letzter Zeit auch mit meiner Band DIE BERATER ziemlich aktiv \u2013 zwei Auftritte innerhalb einer Woche, das ist f\u00fcr uns viel.\u2026","rel":"","context":"In &quot;Allgemein&quot;","block_context":{"text":"Allgemein","link":"https:\/\/timschraubtbass.tim-stelzer.de\/?cat=1"},"img":{"alt_text":"","src":"https:\/\/i0.wp.com\/timschraubtbass.tim-stelzer.de\/wp-content\/uploads\/2019\/02\/IMG_3975.jpeg?resize=350%2C200&ssl=1","width":350,"height":200,"srcset":"https:\/\/i0.wp.com\/timschraubtbass.tim-stelzer.de\/wp-content\/uploads\/2019\/02\/IMG_3975.jpeg?resize=350%2C200&ssl=1 1x, https:\/\/i0.wp.com\/timschraubtbass.tim-stelzer.de\/wp-content\/uploads\/2019\/02\/IMG_3975.jpeg?resize=525%2C300&ssl=1 1.5x, https:\/\/i0.wp.com\/timschraubtbass.tim-stelzer.de\/wp-content\/uploads\/2019\/02\/IMG_3975.jpeg?resize=700%2C400&ssl=1 2x, https:\/\/i0.wp.com\/timschraubtbass.tim-stelzer.de\/wp-content\/uploads\/2019\/02\/IMG_3975.jpeg?resize=1050%2C600&ssl=1 3x, https:\/\/i0.wp.com\/timschraubtbass.tim-stelzer.de\/wp-content\/uploads\/2019\/02\/IMG_3975.jpeg?resize=1400%2C800&ssl=1 4x"},"classes":[]},{"id":861,"url":"https:\/\/timschraubtbass.tim-stelzer.de\/?p=861","url_meta":{"origin":817,"position":5},"title":"39 IMMER B\u00c4SSER","author":"timschraubtbass","date":"29. September 2017","format":false,"excerpt":"Gef\u00fchlter Fortschritt OK, mit den Aufnahmen hat's noch keinen weiteren Fortschritt gegeben. Aber macht ja nix. Ich habe meinen neuen Bass trotzdem oft gespielt, auch bei den Proben meiner Band. Vom Spielgef\u00fchl & Sound war ich ja schon beim ersten Gig begeistert. Und, was soll ich sagen: Es wird immer\u2026","rel":"","context":"In &quot;Allgemein&quot;","block_context":{"text":"Allgemein","link":"https:\/\/timschraubtbass.tim-stelzer.de\/?cat=1"},"img":{"alt_text":"","src":"https:\/\/i0.wp.com\/tim-stelzer.de\/timschraubtbass\/wp-content\/uploads\/2017\/09\/IMG_1138-e1506694550590-770x1024.jpg?resize=350%2C200","width":350,"height":200,"srcset":"https:\/\/i0.wp.com\/tim-stelzer.de\/timschraubtbass\/wp-content\/uploads\/2017\/09\/IMG_1138-e1506694550590-770x1024.jpg?resize=350%2C200 1x, https:\/\/i0.wp.com\/tim-stelzer.de\/timschraubtbass\/wp-content\/uploads\/2017\/09\/IMG_1138-e1506694550590-770x1024.jpg?resize=525%2C300 1.5x"},"classes":[]}],"_links":{"self":[{"href":"https:\/\/timschraubtbass.tim-stelzer.de\/index.php?rest_route=\/wp\/v2\/posts\/817","targetHints":{"allow":["GET"]}}],"collection":[{"href":"https:\/\/timschraubtbass.tim-stelzer.de\/index.php?rest_route=\/wp\/v2\/posts"}],"about":[{"href":"https:\/\/timschraubtbass.tim-stelzer.de\/index.php?rest_route=\/wp\/v2\/types\/post"}],"author":[{"embeddable":true,"href":"https:\/\/timschraubtbass.tim-stelzer.de\/index.php?rest_route=\/wp\/v2\/users\/1"}],"replies":[{"embeddable":true,"href":"https:\/\/timschraubtbass.tim-stelzer.de\/index.php?rest_route=%2Fwp%2Fv2%2Fcomments&post=817"}],"version-history":[{"count":7,"href":"https:\/\/timschraubtbass.tim-stelzer.de\/index.php?rest_route=\/wp\/v2\/posts\/817\/revisions"}],"predecessor-version":[{"id":824,"href":"https:\/\/timschraubtbass.tim-stelzer.de\/index.php?rest_route=\/wp\/v2\/posts\/817\/revisions\/824"}],"wp:attachment":[{"href":"https:\/\/timschraubtbass.tim-stelzer.de\/index.php?rest_route=%2Fwp%2Fv2%2Fmedia&parent=817"}],"wp:term":[{"taxonomy":"category","embeddable":true,"href":"https:\/\/timschraubtbass.tim-stelzer.de\/index.php?rest_route=%2Fwp%2Fv2%2Fcategories&post=817"},{"taxonomy":"post_tag","embeddable":true,"href":"https:\/\/timschraubtbass.tim-stelzer.de\/index.php?rest_route=%2Fwp%2Fv2%2Ftags&post=817"}],"curies":[{"name":"wp","href":"https:\/\/api.w.org\/{rel}","templated":true}]}}