{"id":375,"date":"2017-07-12T10:20:58","date_gmt":"2017-07-12T08:20:58","guid":{"rendered":"http:\/\/tim-stelzer.de\/timschraubtbass\/?p=375"},"modified":"2017-07-12T10:23:56","modified_gmt":"2017-07-12T08:23:56","slug":"08-na-super","status":"publish","type":"post","link":"https:\/\/timschraubtbass.tim-stelzer.de\/?p=375","title":{"rendered":"08 NA SUPER!"},"content":{"rendered":"<h1><a href=\"http:\/\/www.dailymotion.com\/video\/x235s_bloodhound-gang-the-roof-is-on-fire_music\"><strong>&#8222;The Roof is on Fire&#8220;<\/strong><\/a><\/h1>\n<p><b>Weltweit werden t\u00e4glich tausende B\u00e4sse produziert. In weitgehend automatisierten Arbeitsprozessen oder von handwerklich geschickten H\u00e4nden in gut ausgestatteten Werkst\u00e4tten. Und jetzt komme ich!<\/b><\/p>\n<p>Meinen Arbeitsplatz richte ich mir auf dem Dachboden ein. Das Dach ist zwar unisoliert, aber deshalb ist es auch sch\u00f6n luftig hier. Nun ja, im Sommer knallt vormittags die Sonne drauf und es ist etwas warm. Meist sogar ziemlich warm. \u00a0Wobei &#8222;warm&#8220; in diesem Fall als &#8222;wie in der Sauna&#8220; zu verstehen ist. So sieht&#8217;s aus:<\/p>\n<p><a href=\"http:\/\/tim-stelzer.de\/timschraubtbass\/wp-content\/uploads\/2017\/07\/img_9897.jpg\"><img loading=\"lazy\" decoding=\"async\" data-attachment-id=\"208\" data-permalink=\"https:\/\/timschraubtbass.tim-stelzer.de\/?attachment_id=208\" data-orig-file=\"https:\/\/timschraubtbass.tim-stelzer.de\/wp-content\/uploads\/2017\/07\/img_9897.jpg\" data-orig-size=\"3024,4032\" data-comments-opened=\"1\" data-image-meta=\"{&quot;aperture&quot;:&quot;2.2&quot;,&quot;credit&quot;:&quot;&quot;,&quot;camera&quot;:&quot;iPhone 6s&quot;,&quot;caption&quot;:&quot;&quot;,&quot;created_timestamp&quot;:&quot;1498831752&quot;,&quot;copyright&quot;:&quot;&quot;,&quot;focal_length&quot;:&quot;4.15&quot;,&quot;iso&quot;:&quot;160&quot;,&quot;shutter_speed&quot;:&quot;0.03030303030303&quot;,&quot;title&quot;:&quot;&quot;,&quot;orientation&quot;:&quot;1&quot;}\" data-image-title=\"img_9897\" data-image-description=\"\" data-image-caption=\"\" data-large-file=\"https:\/\/timschraubtbass.tim-stelzer.de\/wp-content\/uploads\/2017\/07\/img_9897-768x1024.jpg\" class=\"alignnone wp-image-208 size-large\" src=\"http:\/\/tim-stelzer.de\/timschraubtbass\/wp-content\/uploads\/2017\/07\/img_9897-768x1024.jpg\" alt=\"\" width=\"525\" height=\"700\" srcset=\"https:\/\/timschraubtbass.tim-stelzer.de\/wp-content\/uploads\/2017\/07\/img_9897-768x1024.jpg 768w, https:\/\/timschraubtbass.tim-stelzer.de\/wp-content\/uploads\/2017\/07\/img_9897-225x300.jpg 225w\" sizes=\"auto, (max-width: 525px) 100vw, 525px\" \/><\/a><\/p>\n<p><strong>Alles bereit f\u00fcr den ersten Arbeitsschritt?<\/strong> Yes &#8230; we can! Oder \u2026?<\/p>\n<p>Es ist eigentlich ganz einfach. Der Sattel, den ich mitbestellt hatte, ist f\u00fcr meine bevorzugte Saitenst\u00e4rke 45-65-85-105 gekerbt. Aber er ist nicht eingeklebt. Laut Martina von <a href=\"http:\/\/BassParts.de\">BassParts.de<\/a> reicht da ein Tr\u00f6pfchen Sekundenkleber. Also los. Ganz einfach. <strong>Was sollte da schon schiefgehen?<\/strong><\/p>\n<p><a href=\"http:\/\/tim-stelzer.de\/timschraubtbass\/wp-content\/uploads\/2017\/07\/img_9900.jpg\"><img loading=\"lazy\" decoding=\"async\" data-attachment-id=\"207\" data-permalink=\"https:\/\/timschraubtbass.tim-stelzer.de\/?attachment_id=207\" data-orig-file=\"https:\/\/timschraubtbass.tim-stelzer.de\/wp-content\/uploads\/2017\/07\/img_9900.jpg\" data-orig-size=\"3024,3024\" data-comments-opened=\"1\" data-image-meta=\"{&quot;aperture&quot;:&quot;2.2&quot;,&quot;credit&quot;:&quot;&quot;,&quot;camera&quot;:&quot;iPhone 6s&quot;,&quot;caption&quot;:&quot;&quot;,&quot;created_timestamp&quot;:&quot;1498832350&quot;,&quot;copyright&quot;:&quot;&quot;,&quot;focal_length&quot;:&quot;4.15&quot;,&quot;iso&quot;:&quot;40&quot;,&quot;shutter_speed&quot;:&quot;0.03030303030303&quot;,&quot;title&quot;:&quot;&quot;,&quot;orientation&quot;:&quot;1&quot;}\" data-image-title=\"img_9900\" data-image-description=\"\" data-image-caption=\"\" data-large-file=\"https:\/\/timschraubtbass.tim-stelzer.de\/wp-content\/uploads\/2017\/07\/img_9900-1024x1024.jpg\" class=\"alignnone size-large wp-image-207\" src=\"http:\/\/tim-stelzer.de\/timschraubtbass\/wp-content\/uploads\/2017\/07\/img_9900-1024x1024.jpg\" alt=\"\" width=\"525\" height=\"525\" srcset=\"https:\/\/timschraubtbass.tim-stelzer.de\/wp-content\/uploads\/2017\/07\/img_9900-1024x1024.jpg 1024w, https:\/\/timschraubtbass.tim-stelzer.de\/wp-content\/uploads\/2017\/07\/img_9900-150x150.jpg 150w, https:\/\/timschraubtbass.tim-stelzer.de\/wp-content\/uploads\/2017\/07\/img_9900-300x300.jpg 300w, https:\/\/timschraubtbass.tim-stelzer.de\/wp-content\/uploads\/2017\/07\/img_9900-768x768.jpg 768w, https:\/\/timschraubtbass.tim-stelzer.de\/wp-content\/uploads\/2017\/07\/img_9900-100x100.jpg 100w\" sizes=\"auto, (max-width: 525px) 100vw, 525px\" \/><\/a><\/p>\n<p><b>OK, ich mach&#8217;s kurz: Ich versaue gleich den ersten Arbeitsschritt beim Zusammenschrauben meines Basses. Ganz instinktiv! \ud83d\ude09 <\/b><\/p>\n<p>Den wo w\u00fcrde ein halbwegs handwerklich denkender Mensch das Tr\u00f6pfchen Sekundenkleber auftragen? Richtig, auf die Unterseite des Sattels. und dann einfach in die Fr\u00e4sung setzen. Fertig.<\/p>\n<p><strong>Und was macht ein Dilettant stattdessen?<\/strong> Richtig. Ich versuche, den Tropfen in die Fr\u00e4sung zu applizieren. Was nat\u00fcrlich nicht sauber ausgeht: Links und rechts neben der Fr\u00e4sung sind jetzt kleine Stellen mit Sekundenkleber verschmiert. <strong>Na super!<\/strong><\/p>\n<p>Ich fange an zu schwitzen. Ich kann gerade noch den Impuls unterdr\u00fccken, den Sekundenkleber <strong>MIT DEM FINGER<\/strong> wegzuwischen. (&#8222;Herr Stelzer, erz\u00e4hlen Sie jetzt bitte auch noch mal all meinen Kollegen hier in der Praxis, wie der Basshals an Ihren Finger gekommen ist!&#8220;)<\/p>\n<p>Ich setze also den Sattel ein, achte auf korrekt mittigen Sitz und wische dann panisch mit dem Wolltuch den Kleber weg. Das Ergebnis:<\/p>\n<p><a href=\"http:\/\/tim-stelzer.de\/timschraubtbass\/wp-content\/uploads\/2017\/07\/img_9902.jpg\"><img loading=\"lazy\" decoding=\"async\" data-attachment-id=\"205\" data-permalink=\"https:\/\/timschraubtbass.tim-stelzer.de\/?attachment_id=205\" data-orig-file=\"https:\/\/timschraubtbass.tim-stelzer.de\/wp-content\/uploads\/2017\/07\/img_9902.jpg\" data-orig-size=\"4032,3024\" data-comments-opened=\"1\" data-image-meta=\"{&quot;aperture&quot;:&quot;2.2&quot;,&quot;credit&quot;:&quot;&quot;,&quot;camera&quot;:&quot;iPhone 6s&quot;,&quot;caption&quot;:&quot;&quot;,&quot;created_timestamp&quot;:&quot;1498832673&quot;,&quot;copyright&quot;:&quot;&quot;,&quot;focal_length&quot;:&quot;4.15&quot;,&quot;iso&quot;:&quot;100&quot;,&quot;shutter_speed&quot;:&quot;0.03030303030303&quot;,&quot;title&quot;:&quot;&quot;,&quot;orientation&quot;:&quot;1&quot;}\" data-image-title=\"img_9902\" data-image-description=\"\" data-image-caption=\"\" data-large-file=\"https:\/\/timschraubtbass.tim-stelzer.de\/wp-content\/uploads\/2017\/07\/img_9902-1024x768.jpg\" class=\"alignnone size-large wp-image-205\" src=\"http:\/\/tim-stelzer.de\/timschraubtbass\/wp-content\/uploads\/2017\/07\/img_9902-1024x768.jpg\" alt=\"\" width=\"525\" height=\"394\" srcset=\"https:\/\/timschraubtbass.tim-stelzer.de\/wp-content\/uploads\/2017\/07\/img_9902-1024x768.jpg 1024w, https:\/\/timschraubtbass.tim-stelzer.de\/wp-content\/uploads\/2017\/07\/img_9902-300x225.jpg 300w, https:\/\/timschraubtbass.tim-stelzer.de\/wp-content\/uploads\/2017\/07\/img_9902-768x576.jpg 768w\" sizes=\"auto, (max-width: 525px) 100vw, 525px\" \/><\/a><\/p>\n<p><strong>Grandios. Als h\u00e4tte ich beweisen wollen, warum dieses Bassbauprojekt f\u00fcr mich so eine Herausforderung ist.<\/strong><\/p>\n<p>Nun ja. Es hat wenigstens keine Auswirkungen auf Klang oder Funktionalit\u00e4t des Instruments. Auch wenn es mir jetzt so vorkommt, dass der Sattel unten doch ein wenig \u00fcbersteht, einen halben Millimeter oder so. Ob das zum Problem wird? Das werde ich sp\u00e4ter sehen. Und kann es dann ja noch korrigieren (lassen).<\/p>\n<p>Schnell zum n\u00e4chsten Arbeitsschritt: Das Griffbrett muss noch ge\u00f6lt werden. Damit kenne ich mich aus, das geh\u00f6rt ja zu den empfehlenswerten regelm\u00e4\u00dfigen Wartungs- und Pflegearbeiten f\u00fcr Gitarren und B\u00e4sse. Also los, <a href=\"https:\/\/www.thomann.de\/de\/dunlop_lemon_oil.htm?ref=search_rslt_Griffbrett+%F6l_189610_0\">mit dem passenden Produkt<\/a>:<\/p>\n<p><a href=\"http:\/\/tim-stelzer.de\/timschraubtbass\/wp-content\/uploads\/2017\/07\/img_9903.jpg\"><img loading=\"lazy\" decoding=\"async\" data-attachment-id=\"209\" data-permalink=\"https:\/\/timschraubtbass.tim-stelzer.de\/?attachment_id=209\" data-orig-file=\"https:\/\/timschraubtbass.tim-stelzer.de\/wp-content\/uploads\/2017\/07\/img_9903.jpg\" data-orig-size=\"3024,4032\" data-comments-opened=\"1\" data-image-meta=\"{&quot;aperture&quot;:&quot;2.2&quot;,&quot;credit&quot;:&quot;&quot;,&quot;camera&quot;:&quot;iPhone 6s&quot;,&quot;caption&quot;:&quot;&quot;,&quot;created_timestamp&quot;:&quot;1498832839&quot;,&quot;copyright&quot;:&quot;&quot;,&quot;focal_length&quot;:&quot;4.15&quot;,&quot;iso&quot;:&quot;64&quot;,&quot;shutter_speed&quot;:&quot;0.03030303030303&quot;,&quot;title&quot;:&quot;&quot;,&quot;orientation&quot;:&quot;1&quot;}\" data-image-title=\"img_9903\" data-image-description=\"\" data-image-caption=\"\" data-large-file=\"https:\/\/timschraubtbass.tim-stelzer.de\/wp-content\/uploads\/2017\/07\/img_9903-768x1024.jpg\" class=\"alignnone size-large wp-image-209\" src=\"http:\/\/tim-stelzer.de\/timschraubtbass\/wp-content\/uploads\/2017\/07\/img_9903-768x1024.jpg\" alt=\"\" width=\"525\" height=\"700\" srcset=\"https:\/\/timschraubtbass.tim-stelzer.de\/wp-content\/uploads\/2017\/07\/img_9903-768x1024.jpg 768w, https:\/\/timschraubtbass.tim-stelzer.de\/wp-content\/uploads\/2017\/07\/img_9903-225x300.jpg 225w\" sizes=\"auto, (max-width: 525px) 100vw, 525px\" \/><\/a><\/p>\n<p>Ich lasse das \u00d6l sch\u00f6n lange einziehen, trage dann noch ein bisschen auf und reibe das Griffbrett dann vorsichtig mit einem Baumwolltuch ab. Fertig.<\/p>\n<p><strong>Ich bin komplett nassgeschwitzt und v\u00f6llig ersch\u00f6pft. Meine fehlende handwerkliche Intuition erstaunt mich immer wieder!<\/strong><\/p>\n<p>Ich brauche jetzt eine Pause. Morgen geht&#8217;s weiter \u2026<\/p>\n","protected":false},"excerpt":{"rendered":"<p>&#8222;The Roof is on Fire&#8220; Weltweit werden t\u00e4glich tausende B\u00e4sse produziert. In weitgehend automatisierten Arbeitsprozessen oder von handwerklich geschickten H\u00e4nden in gut ausgestatteten Werkst\u00e4tten. Und jetzt komme ich! Meinen Arbeitsplatz richte ich mir auf dem Dachboden ein. Das Dach ist zwar unisoliert, aber deshalb ist es auch sch\u00f6n luftig hier. Nun ja, im Sommer knallt &hellip; <\/p>\n<p class=\"link-more\"><a href=\"https:\/\/timschraubtbass.tim-stelzer.de\/?p=375\" class=\"more-link\"><span class=\"screen-reader-text\">\u201e08 NA SUPER!\u201c <\/span>weiterlesen<\/a><\/p>\n","protected":false},"author":1,"featured_media":0,"comment_status":"open","ping_status":"open","sticky":false,"template":"","format":"standard","meta":{"jetpack_post_was_ever_published":false,"_jetpack_newsletter_access":"","_jetpack_dont_email_post_to_subs":false,"_jetpack_newsletter_tier_id":0,"_jetpack_memberships_contains_paywalled_content":false,"_jetpack_memberships_contains_paid_content":false,"footnotes":"","jetpack_publicize_message":"","jetpack_publicize_feature_enabled":true,"jetpack_social_post_already_shared":true,"jetpack_social_options":{"image_generator_settings":{"template":"highway","default_image_id":0,"font":"","enabled":false},"version":2}},"categories":[1],"tags":[],"class_list":["post-375","post","type-post","status-publish","format-standard","hentry","category-allgemein"],"jetpack_publicize_connections":[],"jetpack_featured_media_url":"","jetpack_sharing_enabled":true,"jetpack_shortlink":"https:\/\/wp.me\/p8SMry-63","jetpack-related-posts":[{"id":3225,"url":"https:\/\/timschraubtbass.tim-stelzer.de\/?p=3225","url_meta":{"origin":375,"position":0},"title":"100 LOB UND ADEL","author":"timschraubtbass","date":"31. August 2023","format":false,"excerpt":"Meine BARON MODELL 1:Holz as Holz can. Es gibt viele Fragen, die mir leider nie jemand stellt. Zum Beispiel diese: \u201dSag mal, Tim \u2013 wie ist eigentlich das Leben mit gleich zwei einzigartigen Boutique-Instrumenten?\u201d Aber zum Gl\u00fcck habe ich #timschraubtbass. Und wann sonst als zur Feier der jetzt erreichten Dreistelligkeit\u2026","rel":"","context":"In &quot;Allgemein&quot;","block_context":{"text":"Allgemein","link":"https:\/\/timschraubtbass.tim-stelzer.de\/?cat=1"},"img":{"alt_text":"","src":"https:\/\/i0.wp.com\/timschraubtbass.tim-stelzer.de\/wp-content\/uploads\/2023\/08\/IMG_1151D-scaled-e1693231760839.jpg?resize=350%2C200&ssl=1","width":350,"height":200,"srcset":"https:\/\/i0.wp.com\/timschraubtbass.tim-stelzer.de\/wp-content\/uploads\/2023\/08\/IMG_1151D-scaled-e1693231760839.jpg?resize=350%2C200&ssl=1 1x, https:\/\/i0.wp.com\/timschraubtbass.tim-stelzer.de\/wp-content\/uploads\/2023\/08\/IMG_1151D-scaled-e1693231760839.jpg?resize=525%2C300&ssl=1 1.5x, https:\/\/i0.wp.com\/timschraubtbass.tim-stelzer.de\/wp-content\/uploads\/2023\/08\/IMG_1151D-scaled-e1693231760839.jpg?resize=700%2C400&ssl=1 2x"},"classes":[]},{"id":1506,"url":"https:\/\/timschraubtbass.tim-stelzer.de\/?p=1506","url_meta":{"origin":375,"position":1},"title":"71 WOW, WILFER! (Teil 2)","author":"timschraubtbass","date":"15. November 2018","format":false,"excerpt":"\u201dGeduld, \u00dcbung, Passion.\u201d Wie im letzten Beitrag ausf\u00fchrlich und im Detail erl\u00e4utert, hatte Warwick-Gr\u00fcnder und Bassbau-Legende Hans-Peter Wilfer zugesagt, mir ein paar Fragen zu beantworten. Aber die musste ich mir erstmal\u00a0\u00fcberlegen. Infos \u00fcber ihn und Interviews mit ihm gibt es ja bereits in H\u00fclle und F\u00fclle \u2013 seit Anfang der\u2026","rel":"","context":"In &quot;Allgemein&quot;","block_context":{"text":"Allgemein","link":"https:\/\/timschraubtbass.tim-stelzer.de\/?cat=1"},"img":{"alt_text":"","src":"https:\/\/i0.wp.com\/tim-stelzer.de\/timschraubtbass\/wp-content\/uploads\/2018\/11\/IMG_4478-1024x1024.jpg?resize=350%2C200","width":350,"height":200,"srcset":"https:\/\/i0.wp.com\/tim-stelzer.de\/timschraubtbass\/wp-content\/uploads\/2018\/11\/IMG_4478-1024x1024.jpg?resize=350%2C200 1x, https:\/\/i0.wp.com\/tim-stelzer.de\/timschraubtbass\/wp-content\/uploads\/2018\/11\/IMG_4478-1024x1024.jpg?resize=525%2C300 1.5x"},"classes":[]},{"id":1329,"url":"https:\/\/timschraubtbass.tim-stelzer.de\/?p=1329","url_meta":{"origin":375,"position":2},"title":"61 SUNDAY BLUESY SUNDAY","author":"timschraubtbass","date":"19. M\u00e4rz 2018","format":false,"excerpt":"Ohne\u00a0Titel (noch) Gestern, am Sonntagnachmittag, spielte ich ein bisschen Bass in meiner B\u00fcromansarde. Mir war aus verschiedenen\u00a0Gr\u00fcnden sch\u00f6n melancholisch zumute. Und wie das dann manchmal so ist, spulte sich pl\u00f6tzlich eine kleine Melodie aus meinen Fingern. Und dann wurde mein alter Fender\u00a0Bassman 135 pl\u00f6tzlich immer leiser und gab schlie\u00dflich gar\u2026","rel":"","context":"In &quot;Allgemein&quot;","block_context":{"text":"Allgemein","link":"https:\/\/timschraubtbass.tim-stelzer.de\/?cat=1"},"img":{"alt_text":"","src":"https:\/\/i0.wp.com\/tim-stelzer.de\/timschraubtbass\/wp-content\/uploads\/2017\/08\/IMG_0077-768x1024.jpg?resize=350%2C200","width":350,"height":200,"srcset":"https:\/\/i0.wp.com\/tim-stelzer.de\/timschraubtbass\/wp-content\/uploads\/2017\/08\/IMG_0077-768x1024.jpg?resize=350%2C200 1x, https:\/\/i0.wp.com\/tim-stelzer.de\/timschraubtbass\/wp-content\/uploads\/2017\/08\/IMG_0077-768x1024.jpg?resize=525%2C300 1.5x"},"classes":[]},{"id":2267,"url":"https:\/\/timschraubtbass.tim-stelzer.de\/?p=2267","url_meta":{"origin":375,"position":3},"title":"82 THE BASS BABY (III)","author":"timschraubtbass","date":"15. November 2019","format":false,"excerpt":"\u201dMan h\u00f6rt, dass es ein Helliver-Instrument ist.\u201d \u2013 Oliver Baron im Interview (Teil 3 des Bass-Berichts). Wie versprochen gibt's heute den Helliver-Chef & -Gr\u00fcnder Oliver im O-Ton. Der freundliche Dipl.-Des. spricht \u00fcber den ersten Bass aus seiner Werkstatt \u2013 und l\u00e4sst dabei angemessen tief blicken, was seine Arbeits- und Herangehensweise\u2026","rel":"","context":"In &quot;Allgemein&quot;","block_context":{"text":"Allgemein","link":"https:\/\/timschraubtbass.tim-stelzer.de\/?cat=1"},"img":{"alt_text":"","src":"https:\/\/i0.wp.com\/timschraubtbass.tim-stelzer.de\/wp-content\/uploads\/2019\/10\/IMG_7882.jpeg?resize=350%2C200&ssl=1","width":350,"height":200,"srcset":"https:\/\/i0.wp.com\/timschraubtbass.tim-stelzer.de\/wp-content\/uploads\/2019\/10\/IMG_7882.jpeg?resize=350%2C200&ssl=1 1x, https:\/\/i0.wp.com\/timschraubtbass.tim-stelzer.de\/wp-content\/uploads\/2019\/10\/IMG_7882.jpeg?resize=525%2C300&ssl=1 1.5x, https:\/\/i0.wp.com\/timschraubtbass.tim-stelzer.de\/wp-content\/uploads\/2019\/10\/IMG_7882.jpeg?resize=700%2C400&ssl=1 2x, https:\/\/i0.wp.com\/timschraubtbass.tim-stelzer.de\/wp-content\/uploads\/2019\/10\/IMG_7882.jpeg?resize=1050%2C600&ssl=1 3x, https:\/\/i0.wp.com\/timschraubtbass.tim-stelzer.de\/wp-content\/uploads\/2019\/10\/IMG_7882.jpeg?resize=1400%2C800&ssl=1 4x"},"classes":[]},{"id":2777,"url":"https:\/\/timschraubtbass.tim-stelzer.de\/?p=2777","url_meta":{"origin":375,"position":4},"title":"93 BARONMETER","author":"timschraubtbass","date":"18. Mai 2021","format":false,"excerpt":"\u201dIt's got to be perfect\u201d Mehr als ein halbes Jahr habe ich meine Geburtstagsgitarre jetzt \u2013 meine wundersch\u00f6ne \u201dBaron Modell 1\u201d. \u00dcber die Hintergr\u00fcnde, die (er)baulichen Details und die ersten Eindr\u00fccke habe ich ja bereits mehrmals ausf\u00fchrlich berichtet. Aber wie sieht's jetzt aus, Monate sp\u00e4ter? Was ist der Stand der\u2026","rel":"","context":"In &quot;Allgemein&quot;","block_context":{"text":"Allgemein","link":"https:\/\/timschraubtbass.tim-stelzer.de\/?cat=1"},"img":{"alt_text":"","src":"https:\/\/i0.wp.com\/timschraubtbass.tim-stelzer.de\/wp-content\/uploads\/2021\/05\/IMG_3183D-scaled.jpeg?resize=350%2C200&ssl=1","width":350,"height":200,"srcset":"https:\/\/i0.wp.com\/timschraubtbass.tim-stelzer.de\/wp-content\/uploads\/2021\/05\/IMG_3183D-scaled.jpeg?resize=350%2C200&ssl=1 1x, https:\/\/i0.wp.com\/timschraubtbass.tim-stelzer.de\/wp-content\/uploads\/2021\/05\/IMG_3183D-scaled.jpeg?resize=525%2C300&ssl=1 1.5x, https:\/\/i0.wp.com\/timschraubtbass.tim-stelzer.de\/wp-content\/uploads\/2021\/05\/IMG_3183D-scaled.jpeg?resize=700%2C400&ssl=1 2x, https:\/\/i0.wp.com\/timschraubtbass.tim-stelzer.de\/wp-content\/uploads\/2021\/05\/IMG_3183D-scaled.jpeg?resize=1050%2C600&ssl=1 3x, https:\/\/i0.wp.com\/timschraubtbass.tim-stelzer.de\/wp-content\/uploads\/2021\/05\/IMG_3183D-scaled.jpeg?resize=1400%2C800&ssl=1 4x"},"classes":[]},{"id":1151,"url":"https:\/\/timschraubtbass.tim-stelzer.de\/?p=1151","url_meta":{"origin":375,"position":5},"title":"53 THE GOOD, THE BAD &#038; THE BEAUTIFUL BASS","author":"timschraubtbass","date":"17. Januar 2018","format":false,"excerpt":"Blick zur\u00fcck nach vorn. \u201dTim schraubt Bass\u201d ist jetzt ein gutes halbes Jahr online. Der Bass ist seit ein paar Monaten in einem Zustand, den man \u201dfertig\u201d nennen kann. Und er ist seitdem kontinuierlich im Einsatz, sowohl im (dann nicht so) stillen\u00a0K\u00e4mmerlein zu Hause als auch\u00a0bei den w\u00f6chentlichen Proben meiner\u2026","rel":"","context":"In &quot;Allgemein&quot;","block_context":{"text":"Allgemein","link":"https:\/\/timschraubtbass.tim-stelzer.de\/?cat=1"},"img":{"alt_text":"","src":"https:\/\/i0.wp.com\/tim-stelzer.de\/timschraubtbass\/wp-content\/uploads\/2018\/01\/IMG_1794-768x1024.jpg?resize=350%2C200","width":350,"height":200,"srcset":"https:\/\/i0.wp.com\/tim-stelzer.de\/timschraubtbass\/wp-content\/uploads\/2018\/01\/IMG_1794-768x1024.jpg?resize=350%2C200 1x, https:\/\/i0.wp.com\/tim-stelzer.de\/timschraubtbass\/wp-content\/uploads\/2018\/01\/IMG_1794-768x1024.jpg?resize=525%2C300 1.5x"},"classes":[]}],"_links":{"self":[{"href":"https:\/\/timschraubtbass.tim-stelzer.de\/index.php?rest_route=\/wp\/v2\/posts\/375","targetHints":{"allow":["GET"]}}],"collection":[{"href":"https:\/\/timschraubtbass.tim-stelzer.de\/index.php?rest_route=\/wp\/v2\/posts"}],"about":[{"href":"https:\/\/timschraubtbass.tim-stelzer.de\/index.php?rest_route=\/wp\/v2\/types\/post"}],"author":[{"embeddable":true,"href":"https:\/\/timschraubtbass.tim-stelzer.de\/index.php?rest_route=\/wp\/v2\/users\/1"}],"replies":[{"embeddable":true,"href":"https:\/\/timschraubtbass.tim-stelzer.de\/index.php?rest_route=%2Fwp%2Fv2%2Fcomments&post=375"}],"version-history":[{"count":10,"href":"https:\/\/timschraubtbass.tim-stelzer.de\/index.php?rest_route=\/wp\/v2\/posts\/375\/revisions"}],"predecessor-version":[{"id":391,"href":"https:\/\/timschraubtbass.tim-stelzer.de\/index.php?rest_route=\/wp\/v2\/posts\/375\/revisions\/391"}],"wp:attachment":[{"href":"https:\/\/timschraubtbass.tim-stelzer.de\/index.php?rest_route=%2Fwp%2Fv2%2Fmedia&parent=375"}],"wp:term":[{"taxonomy":"category","embeddable":true,"href":"https:\/\/timschraubtbass.tim-stelzer.de\/index.php?rest_route=%2Fwp%2Fv2%2Fcategories&post=375"},{"taxonomy":"post_tag","embeddable":true,"href":"https:\/\/timschraubtbass.tim-stelzer.de\/index.php?rest_route=%2Fwp%2Fv2%2Ftags&post=375"}],"curies":[{"name":"wp","href":"https:\/\/api.w.org\/{rel}","templated":true}]}}