{"id":3120,"date":"2023-05-15T14:46:32","date_gmt":"2023-05-15T12:46:32","guid":{"rendered":"https:\/\/timschraubtbass.tim-stelzer.de\/?p=3120"},"modified":"2023-05-15T20:38:58","modified_gmt":"2023-05-15T18:38:58","slug":"99-tausend-plaene","status":"publish","type":"post","link":"https:\/\/timschraubtbass.tim-stelzer.de\/?p=3120","title":{"rendered":"99 TAUSEND PL\u00c4NE"},"content":{"rendered":"\n<h1 class=\"wp-block-heading\"><strong>\u201dThe past is never dead. It&#8217;s not even past.\u201d<\/strong><\/h1>\n\n\n\n<p><strong>Das <a rel=\"noreferrer noopener\" href=\"https:\/\/en.wikipedia.org\/wiki\/Requiem_for_a_Nun\" target=\"_blank\">Zitat<\/a> ist ber\u00fchmt. Aber so richtig verstanden habe ich es erst in den letzten Monaten. Denn da ist meine Vergangenheit pl\u00f6tzlich wieder h\u00f6chst lebendig in mein Leben getreten \u2013 was mir bis heute gro\u00dfe Freude macht. Das alles hat nat\u00fcrlich mit Musik zu tun. Und, \u00e4hnlich wie <a rel=\"noreferrer noopener\" href=\"http:\/\/timschraubtbass.tim-stelzer.de\/?p=3054\" target=\"_blank\">in den zuletzt hier berichteten Geschichten<\/a>, mit der r\u00e4tselhaften Macht des Internets, Zeit und Raum zu \u00fcberbr\u00fccken.<\/strong><\/p>\n\n\n\n<p>Drehen wir das Rad also ein paar Jahrzehnte (!) zur\u00fcck und fangen an: Es war einmal in Wilhelmshaven. Zu meiner musikalischen und instrumentalen Sozialisation dort habe ich k\u00fcrzlich (jedenfalls in den zeitlichen Dimensionen dieses Blogs) <a href=\"http:\/\/timschraubtbass.tim-stelzer.de\/?p=2957\" target=\"_blank\" rel=\"noreferrer noopener\">bereits ein bisschen was geschrieben<\/a>. Tats\u00e4chlich k\u00f6nnte ich B\u00fccher f\u00fcllen mit dem, was damals so los war in der \u201d<a href=\"https:\/\/www.wilhelmshaven.de\/Tourismus\/Stadtportrait\/Stadtportrait.php\" target=\"_blank\" rel=\"noreferrer noopener\">Jadestadt<\/a>\u201d (die nichts, aber auch wirklich nichts mit einem <a rel=\"noreferrer noopener\" href=\"https:\/\/de.wikipedia.org\/wiki\/Jade\" target=\"_blank\">Schmuckstein<\/a> gemein hat) im Norden. Wo die Autobahn endet und die Nordsee anf\u00e4ngt, wie ich fr\u00fcher zu sagen pflegte. Aber nicht nur die. Es gab damals noch viel mehr, was anfing.<\/p>\n\n\n\n<p>Ende der 1980er war ich bereits vielf\u00e4ltig musikalisch aktiv. Nach den Anf\u00e4ngen in der lokalen <a rel=\"noreferrer noopener\" href=\"https:\/\/de.wikipedia.org\/wiki\/Ten_Sing\" target=\"_blank\">Ten-Sing-Gruppe<\/a> hatte ich mit Andi und Knut meine erste eigene Band gegr\u00fcndet, Room Six. Ich fing an, eigene Songs zu schreiben. Au\u00dferdem nahm ich klassischen Kontrabass-Unterricht. Und wurde von meinem coolen, aber resoluten Lehrer be\u00e4ngstigend fr\u00fchzeitig gen\u00f6tigt, beim \u201dStreichorchester der Gymnasien\u201d vorstellig zu werden. Dessen einziger (und leicht \u00fcberforderter) Kontrabassist ich dann f\u00fcr rund zwei Jahre war. Was tats\u00e4chlich nochmal reichlich Stoff f\u00fcr eine eigene Geschichte w\u00e4re.<\/p>\n\n\n\n<p>Ziemlich viele Anf\u00e4nge schon bis hierhin, oder?<\/p>\n\n\n\n<h2 class=\"wp-block-heading\"><strong>Bewegte Zeiten<\/strong><\/h2>\n\n\n\n<p>So 1989\/90, relativ kurz vor dem Abitur, lernte ich \u00fcber eine gemeinsame Bekannte (auch eine lange Geschichte) zwei Musiker kennen. Gleicher Jahrgang, andere Schule. Marc spielte Gitarre, und das beeindruckend gut. Jens spielte Keyboards, dito. Das erste Treffen habe ich zwar so in Erinnerung, dass man es heute wohl als \u201dawkward\u201d labeln w\u00fcrde. Aber da kurze Zeit sp\u00e4ter das Telefon klingelte (Yep, Kinder <em><strong>das<\/strong><\/em> Telefon, und es klingelte analog, und sonst hatten wir ja auch nichts) und ich (mit meinem Bass) von den beiden zu einer Session eingeladen wurde, hatte es wohl doch irgendwie Klick gemacht zwischen uns.<\/p>\n\n\n\n<p>Es war f\u00fcr mich das erste Mal, dass ich \u201drichtige\u201d Musiker kennen lernte. Heute w\u00fcrde man \u201dMusik-Nerds\u201d sagen. Also Menschen, die sich intensiv mit Musik, Musiktheorie, ihrem Instrument, instrumentaler \u201dVirtuosit\u00e4t\u201d (diese alte, falsche Schlange) und Musiktechnik allgemein besch\u00e4ftigten \u2013 so wie ich.<\/p>\n\n\n\n<p>Andi und Knut (und sp\u00e4ter Sven) von meiner Band waren zwar keinesfalls weniger \u201drichtige\u201d Musiker. Aber auf ganz andere Art: Wir verstanden uns musikalisch vor allem auf Song-Ebene hervorragend. Da galten alle g\u00e4ngigen Metaphern wie \u201dan einem Strang ziehen\u201d, \u201dblind vertrauen\u201d oder \u201dmehr als die Summe der Teile\u201d. Ich spielte ihnen einen Song von mir vor \u2013 und sie wussten sofort, was ich meinte. Ich habe \u00fcber die Jahre gelernt, dass so etwas nicht nur selten, sondern absolut au\u00dfergew\u00f6hnlich ist (zu meiner gro\u00dfen Freude darf ich mit <a rel=\"noreferrer noopener\" href=\"https:\/\/www.facebook.com\/dieberaterband\/\" target=\"_blank\">meiner jetzigen Band<\/a> etwas \u00c4hnliches erleben). Und wir waren damit auch jahrelang auf lokaler Ebene ziemlich erfolgreich.<\/p>\n\n\n\n<p>Doch mit Jens und Marc waren Sachen drin, die mich musikalisch und instrumental ganz anders forderten. Jazz-Rock, Al Di Meola, Hendrix. Wir machten ein paar Aufnahmen, denn Jens hatte einen Vierspurrekorder (hei\u00df begehrtes, teures Equipment damals), wobei sich die beiden auch noch als ziemlich f\u00e4hige Schlagzeuger erwiesen (im Gegensatz zu mir). Ich erinnere mich an ein runtergekommenes, leerstehendes Geb\u00e4ude in irgendeinem Gewerbegebiet. An einen Raum mit Eierkartons an den W\u00e4nden. Feuchte Luft, leichter Schimmelgeruch. Ein paar <a rel=\"noreferrer noopener\" href=\"http:\/\/martinlingnau.com\" target=\"_blank\">andere befreundete Musiker<\/a> waren manchmal auch noch dabei, aber ich erinnere mich nicht mehr an alle.<\/p>\n\n\n\n<p>Irgendwann klingelte dann schon wieder das Telefon. Bewegte Zeiten! Ein gewisser Holger wollte wissen, ob ich Lust habe, bei dem Bandprojekt mitzumachen, das er gerade auf die Beine stellte. Und Marc und Jens h\u00e4tten mich als Bassisten empfohlen. Und die beiden seien auch dabei. Nur ein Schlagzeuger fehlte noch.<\/p>\n\n\n\n<p>Room Six hatte gerade Pause \u2013 ich glaube, wir suchten gerade einen neuen Proberaum. Also brachte ich Knut ins Spiel. Andi war nicht amused, verst\u00e4ndlicherweise.<\/p>\n\n\n\n<p>Aber es sollte ja nur ein Projekt auf Zeit sein. Was es dann auch war. Wenn ich ich richtig erinnere, waren es die kompletten Osterferien 1990, die wir in in einem Gemeindehaus in Wilhelmshaven verbrachten, um Holgers Songs einzu\u00fcben.<\/p>\n\n\n\n<h2 class=\"wp-block-heading\"><strong>\u201dPraying for the Past\u201d<\/strong><\/h2>\n\n\n\n<p>Holger war gro\u00dfer Springsteen-Fan, das merkte man seinen eigenen Songs an, und den Cover-Songs in unserem Programm auch. Ich habe, wie ich letztens zuf\u00e4llig feststellte, die Mappe von damals noch im Schrank:<\/p>\n\n\n\n<figure class=\"wp-block-image size-large\"><a href=\"https:\/\/timschraubtbass.tim-stelzer.de\/wp-content\/uploads\/2023\/05\/IMG_1369-scaled.jpg\"><img loading=\"lazy\" decoding=\"async\" width=\"1024\" height=\"768\" data-attachment-id=\"3145\" data-permalink=\"https:\/\/timschraubtbass.tim-stelzer.de\/?attachment_id=3145\" data-orig-file=\"https:\/\/timschraubtbass.tim-stelzer.de\/wp-content\/uploads\/2023\/05\/IMG_1369-scaled.jpg\" data-orig-size=\"2560,1920\" data-comments-opened=\"1\" data-image-meta=\"{&quot;aperture&quot;:&quot;1.6&quot;,&quot;credit&quot;:&quot;&quot;,&quot;camera&quot;:&quot;iPhone 13&quot;,&quot;caption&quot;:&quot;&quot;,&quot;created_timestamp&quot;:&quot;1680178147&quot;,&quot;copyright&quot;:&quot;&quot;,&quot;focal_length&quot;:&quot;5.1&quot;,&quot;iso&quot;:&quot;80&quot;,&quot;shutter_speed&quot;:&quot;0.01&quot;,&quot;title&quot;:&quot;&quot;,&quot;orientation&quot;:&quot;1&quot;}\" data-image-title=\"IMG_1369\" data-image-description=\"\" data-image-caption=\"\" data-large-file=\"https:\/\/timschraubtbass.tim-stelzer.de\/wp-content\/uploads\/2023\/05\/IMG_1369-1024x768.jpg\" src=\"https:\/\/timschraubtbass.tim-stelzer.de\/wp-content\/uploads\/2023\/05\/IMG_1369-1024x768.jpg\" alt=\"\" class=\"wp-image-3145\" srcset=\"https:\/\/timschraubtbass.tim-stelzer.de\/wp-content\/uploads\/2023\/05\/IMG_1369-1024x768.jpg 1024w, https:\/\/timschraubtbass.tim-stelzer.de\/wp-content\/uploads\/2023\/05\/IMG_1369-300x225.jpg 300w, https:\/\/timschraubtbass.tim-stelzer.de\/wp-content\/uploads\/2023\/05\/IMG_1369-768x576.jpg 768w, https:\/\/timschraubtbass.tim-stelzer.de\/wp-content\/uploads\/2023\/05\/IMG_1369-1536x1152.jpg 1536w, https:\/\/timschraubtbass.tim-stelzer.de\/wp-content\/uploads\/2023\/05\/IMG_1369-2048x1536.jpg 2048w\" sizes=\"auto, (max-width: 767px) 89vw, (max-width: 1000px) 54vw, (max-width: 1071px) 543px, 580px\" \/><\/a><\/figure>\n\n\n\n<p><\/p>\n\n\n\n<p>Ich denke, wir d\u00fcrfen ruhig ein bisschen genauer hinschauen \u2013 ist ja lang genug her \u2026 \ud83d\ude09<\/p>\n\n\n\n<figure class=\"wp-block-image size-full\"><img loading=\"lazy\" decoding=\"async\" width=\"891\" height=\"800\" data-attachment-id=\"3147\" data-permalink=\"https:\/\/timschraubtbass.tim-stelzer.de\/?attachment_id=3147\" data-orig-file=\"https:\/\/timschraubtbass.tim-stelzer.de\/wp-content\/uploads\/2023\/05\/HSnurFoto-1.jpeg\" data-orig-size=\"891,800\" data-comments-opened=\"1\" data-image-meta=\"{&quot;aperture&quot;:&quot;0&quot;,&quot;credit&quot;:&quot;&quot;,&quot;camera&quot;:&quot;Brother DCP-J1800DW&quot;,&quot;caption&quot;:&quot;&quot;,&quot;created_timestamp&quot;:&quot;1683839467&quot;,&quot;copyright&quot;:&quot;&quot;,&quot;focal_length&quot;:&quot;0&quot;,&quot;iso&quot;:&quot;0&quot;,&quot;shutter_speed&quot;:&quot;0&quot;,&quot;title&quot;:&quot;&quot;,&quot;orientation&quot;:&quot;1&quot;}\" data-image-title=\"HSnurFoto\" data-image-description=\"\" data-image-caption=\"\" data-large-file=\"https:\/\/timschraubtbass.tim-stelzer.de\/wp-content\/uploads\/2023\/05\/HSnurFoto-1.jpeg\" src=\"https:\/\/timschraubtbass.tim-stelzer.de\/wp-content\/uploads\/2023\/05\/HSnurFoto-1.jpeg\" alt=\"\" class=\"wp-image-3147\" srcset=\"https:\/\/timschraubtbass.tim-stelzer.de\/wp-content\/uploads\/2023\/05\/HSnurFoto-1.jpeg 891w, https:\/\/timschraubtbass.tim-stelzer.de\/wp-content\/uploads\/2023\/05\/HSnurFoto-1-300x269.jpeg 300w, https:\/\/timschraubtbass.tim-stelzer.de\/wp-content\/uploads\/2023\/05\/HSnurFoto-1-768x690.jpeg 768w\" sizes=\"auto, (max-width: 767px) 89vw, (max-width: 1000px) 54vw, (max-width: 1071px) 543px, 580px\" \/><figcaption class=\"wp-element-caption\">v.l.n.r.: Knut, yours truly, Marc, Holger, Jens<\/figcaption><\/figure>\n\n\n\n<p>Wir hatten tats\u00e4chlich einen gemeinsamen Auftritt \u2013 im Country Club in Wilhelmshaven. Auch eine eigene, geradezu unglaubliche Geschichte (\u201dBullenschei\u00dfe!\u201d), aber man muss dabei gewesen sein. Beim zweiten Auftritt in der <a rel=\"noreferrer noopener\" href=\"https:\/\/ruscherei.com\" target=\"_blank\">Ruscherei<\/a> war Knut dann schon nicht mehr dabei, wenn ich mich recht erinnere. Room Six waren inzwischen wieder sehr aktiv geworden. Und dann machten wir alle Abi und Holgers Band war mehr oder weniger Geschichte. Aber eine ganz gute, finde ich immer noch.<\/p>\n\n\n\n<p>Der Austausch mit Marc und Jens ging weiter, auf vielen Ebenen. Marc war einmal Session-Gast bei einer Probe von Room Six, davon gibt es sogar einen Mitschnitt. Ich ging mit ihm zu einem Konzert eines meiner Lieblingsgitarristen, <a rel=\"noreferrer noopener\" href=\"https:\/\/peter-finger.com\" target=\"_blank\">Peter Finger<\/a>, was Marc dazu inspirierte, <a rel=\"noreferrer noopener\" href=\"https:\/\/www.youtube.com\/watch?v=W4LzSz934kw\" target=\"_blank\">ein St\u00fcck von ihm<\/a> in seiner Abi-Pr\u00fcfung vorzutragen. Jens engagierte mich am Bass f\u00fcr den Vortrag eines Jazz-Standards (\u201dDon&#8217;t get around much anymore\u201d) in der Ruscherei (auch eine Pr\u00fcfung, wenn ich mich richtig erinnere) \u2013 und wir waren eine Zeit lang generell viel in Kontakt.<\/p>\n\n\n\n<p>Sp\u00e4ter spielte Marc in ein paar Bands in Wilhelmshaven, mit Jens tauschte ich Tapes aus, ab und zu trafen wir uns irgendwo, zuf\u00e4llig oder geplant. Wilhelmshaven war damals zwar noch gr\u00f6\u00dfer, aber immer noch \u00fcbersichtlich. Dann war ich erst Zivi in Delmenhorst und sp\u00e4ter Studi in M\u00fcnster, aber wegen der vielf\u00e4ltigen Aktivit\u00e4ten von Room Six noch jahrelang (bis ca. 1995) am Wochenende  regelm\u00e4\u00dfig in meiner Heimatstadt. Man lief sich manchmal noch \u00fcber den Weg, meistens im legend\u00e4ren <a rel=\"noreferrer noopener\" href=\"https:\/\/www.dj-night-jever.de\/das-palazzo-in-whv-und-andere-untergaenge\/\" target=\"_blank\">Palazzo<\/a>. Irgendwann in diesen Jahren riss der Faden dann ab.<\/p>\n\n\n\n<h2 class=\"wp-block-heading\"><strong>Zoom Forward. 30 Jahre.<\/strong><\/h2>\n\n\n\n<p>Als ich letzten Herbst damit anfing, mein Heimstudio-Setup komplett umzubauen, fiel mir bei den Auf- und Umr\u00e4umarbeiten ein Karton mit alten Kassetten in die H\u00e4nde. Die hier war auch dabei:<\/p>\n\n\n\n<figure class=\"wp-block-image size-full\"><img loading=\"lazy\" decoding=\"async\" width=\"640\" height=\"480\" data-attachment-id=\"3152\" data-permalink=\"https:\/\/timschraubtbass.tim-stelzer.de\/?attachment_id=3152\" data-orig-file=\"https:\/\/timschraubtbass.tim-stelzer.de\/wp-content\/uploads\/2023\/05\/A7CDE91A-8DD7-45E6-8896-224BE94F611B_1_105_c.jpeg\" data-orig-size=\"640,480\" data-comments-opened=\"1\" data-image-meta=\"{&quot;aperture&quot;:&quot;1.6&quot;,&quot;credit&quot;:&quot;&quot;,&quot;camera&quot;:&quot;iPhone 13&quot;,&quot;caption&quot;:&quot;&quot;,&quot;created_timestamp&quot;:&quot;1666699011&quot;,&quot;copyright&quot;:&quot;&quot;,&quot;focal_length&quot;:&quot;5.1&quot;,&quot;iso&quot;:&quot;160&quot;,&quot;shutter_speed&quot;:&quot;0.016666666666667&quot;,&quot;title&quot;:&quot;&quot;,&quot;orientation&quot;:&quot;1&quot;}\" data-image-title=\"A7CDE91A-8DD7-45E6-8896-224BE94F611B_1_105_c\" data-image-description=\"\" data-image-caption=\"\" data-large-file=\"https:\/\/timschraubtbass.tim-stelzer.de\/wp-content\/uploads\/2023\/05\/A7CDE91A-8DD7-45E6-8896-224BE94F611B_1_105_c.jpeg\" src=\"https:\/\/timschraubtbass.tim-stelzer.de\/wp-content\/uploads\/2023\/05\/A7CDE91A-8DD7-45E6-8896-224BE94F611B_1_105_c.jpeg\" alt=\"\" class=\"wp-image-3152\" srcset=\"https:\/\/timschraubtbass.tim-stelzer.de\/wp-content\/uploads\/2023\/05\/A7CDE91A-8DD7-45E6-8896-224BE94F611B_1_105_c.jpeg 640w, https:\/\/timschraubtbass.tim-stelzer.de\/wp-content\/uploads\/2023\/05\/A7CDE91A-8DD7-45E6-8896-224BE94F611B_1_105_c-300x225.jpeg 300w\" sizes=\"auto, (max-width: 640px) 100vw, 640px\" \/><figcaption class=\"wp-element-caption\">\u201dDas ist ja meine Handschrift\u201d, kommentiere Jens, als ich ihn mit dem Tape konfrontierte.<\/figcaption><\/figure>\n\n\n\n<p>Auf Seite A sind einige Aufnahmen, die ich damals mit Jens und Marc gemacht hatte. Jens hatte mir die Kassette zusammengestellt. Seite B hatte ich f\u00fcr Demos von Songs f\u00fcr Room Six genutzt. Speicherplatz war damals schon wertvoll.<\/p>\n\n\n\n<p>Solche Zufallsfunde k\u00f6nnen bekanntlich <a rel=\"noreferrer noopener\" href=\"https:\/\/www.youtube.com\/watch?v=YWqs2hDO4Eg\" target=\"_blank\">zu schicksalhaften Wendungen f\u00fchren und immens gl\u00fccklich machen<\/a>. Auch in diesem Fall.<\/p>\n\n\n\n<p>Vom Gedanken \u201dWas macht Jens jetzt wohl so?\u201d war es nicht weit zum n\u00e4chsten Google-Fenster. Und, wer h\u00e4tte das gedacht, <a rel=\"noreferrer noopener\" href=\"https:\/\/soundcloud.com\/jens-bsdok\" target=\"_blank\">Jens hat einen Account bei SoundCloud<\/a>. In diesem fand ich <a rel=\"noreferrer noopener\" href=\"https:\/\/soundcloud.com\/jens-bsdok\/do-you-remember\" target=\"_blank\">einen Song f\u00fcr einen gewissen Holger<\/a>. Den Jens erst ein Jahr zuvor zusammen mit Marc aufgenommen hatte.<\/p>\n\n\n\n<p><a href=\"https:\/\/www.youtube.com\/watch?v=YqAyz1coj44\" target=\"_blank\" rel=\"noreferrer noopener\">Bingo<\/a>! \uf601<\/p>\n\n\n\n<p>Nach den ersten Nachrichten \u00fcber SoundCloud folgten E-Mails. Jens (inzwischen in Hannover wohnhaft) und ich tauschten uns dar\u00fcber aus, was die vergangenen 30 (!!) Jahre so passiert war. Dann gab&#8217;s eine Chat-Gruppe, gemeinsam mit Marc (wieder in Wilhelmshaven) und Holger (irgendwo in Ostfriesland).<\/p>\n\n\n\n<p>Und, oh Wunder, Jens &amp; Marc waren musikalisch auch noch aktiv, \u00fcberaus sogar, und verf\u00fcgen \u00fcber Heimstudios (in Marcs Fall wohl schon eher ein Studioheim), also alles \u00e4hnlich wie ich. Jens schlug vor, doch mal wieder was gemeinsam zu machen. Zum Gl\u00fcck war ich ja gerade im Umstieg von meinem <a rel=\"noreferrer noopener\" href=\"https:\/\/www.roland.com\/de\/products\/vs-1680\/\" target=\"_blank\">alten, eher propriet\u00e4ren Studio-Setup<\/a> hinzu Logic Pro. Dem Austausch von Files, Tracks &amp; Songs stand also nichts im Wege.<\/p>\n\n\n\n<p>Wir legten einfach mal los. Als h\u00e4tten wir uns erst k\u00fcrzlich zuletzt gesehen.<\/p>\n\n\n\n<h2 class=\"wp-block-heading\"><strong>Tausend Pl\u00e4ne<\/strong><\/h2>\n\n\n\n<p>Jens suchte sich einen Song aus meinen Demos aus, die ich in der Corona-Zeit produziert hatte, eigentlich als Demos f\u00fcr <a rel=\"noreferrer noopener\" href=\"https:\/\/www.facebook.com\/dieberaterband\/\" target=\"_blank\">meine Band<\/a>. Das war sogar der erste Song, den ich am Rechner (mit GarageBand) produziert hatte, noch mit eher schlechten Interfaces \u2013 um zu testen, wie ich mit diesem Produktionsweg klar komme. Der Song hei\u00dft \u201dTausend Pl\u00e4ne\u201d. Wer auf Vorher\/Nachher-Effekte steht, kann sich <a rel=\"noreferrer noopener\" href=\"https:\/\/www.dropbox.com\/s\/tmrob85gmw6dthv\/TausendPl%C3%A4ne_Demo1.mp3?dl=0\" target=\"_blank\">hier das urspr\u00fcngliche Demo<\/a> anh\u00f6ren.<\/p>\n\n\n\n<p>Jens nahm sich die Tracks vor, programmierte neue Drums, spielte Keyboards (Orgel) &amp; A-Gitarren ein, ich spielte den Bass neu ein und nahm die Vocals neu auf, Jens&#8216; Tochter Swenja f\u00fcgte sehr stimmigen Background-Gesang hinzu \u2013 und am Ende veredelte Marc alles mit einer wahrhaft marcigen Sologitarre.<\/p>\n\n\n\n<p>Ich war baff. Und \u00e4u\u00dferst entz\u00fcckt. Wof\u00fcr ich euch nat\u00fcrlich auch die Chance geben m\u00f6chte:<\/p>\n\n\n\n<figure class=\"wp-block-embed is-type-rich is-provider-soundcloud wp-block-embed-soundcloud\"><div class=\"wp-block-embed__wrapper\">\n<iframe loading=\"lazy\" title=\"Tausend Pl\u00e4ne by timusik\" width=\"525\" height=\"400\" scrolling=\"no\" frameborder=\"no\" src=\"https:\/\/w.soundcloud.com\/player\/?visual=true&#038;url=https%3A%2F%2Fapi.soundcloud.com%2Ftracks%2F1514097217&#038;show_artwork=true&#038;maxheight=788&#038;maxwidth=525\"><\/iframe>\n<\/div><\/figure>\n\n\n\n<p>Zauberhaft, oder? Wir haben uns daf\u00fcr nicht ein einziges Mal getroffen, noch nicht mal telefoniert \u2013 wir haben einfach in unseren Studios in Hannover, M\u00fcnster und Wilhelmshaven die Tracks aufgenommen und hin- und hergeschickt. Jens \u00fcbernahm am Ende Mixing &amp; Mastering. Meisterhaft.<\/p>\n\n\n\n<h2 class=\"wp-block-heading\"><strong>Spell<\/strong><\/h2>\n\n\n\n<p>Apropos zauberhaft: Jens schickte dann auch ein paar seiner Demos an mich, darunter eine Song-Idee namens \u201dSpell\u201d. It caught my ear. Ich entwickelte in Absprache mit Jens einen deutschen Text, basierend auf seiner Grundidee, spielte den Bass ein und nahm den Gesang auf. Marc \u00fcbernahm die Gitarrenparts und am Ende wurde alles von Jens wieder sch\u00f6n rund gemischt. Enjoy:<\/p>\n\n\n\n<figure class=\"wp-block-embed is-type-rich is-provider-soundcloud wp-block-embed-soundcloud\"><div class=\"wp-block-embed__wrapper\">\n<iframe loading=\"lazy\" title=\"Re:Mote - Spell by Jens Bsdok\" width=\"525\" height=\"400\" scrolling=\"no\" frameborder=\"no\" src=\"https:\/\/w.soundcloud.com\/player\/?visual=true&#038;url=https%3A%2F%2Fapi.soundcloud.com%2Ftracks%2F1506311899&#038;show_artwork=true&#038;maxheight=788&#038;maxwidth=525\"><\/iframe>\n<\/div><\/figure>\n\n\n\n<p>Die beiden Songs sind \u00fcbrigens auch eine sehr gute Gelegenheit, <a href=\"http:\/\/timschraubtbass.tim-stelzer.de\/?p=754\" target=\"_blank\" rel=\"noreferrer noopener\">meinen Schraub-Preci<\/a> in Action zu erleben. In einem Fall ein bisschen angezerrt, im anderen sch\u00f6n tief und ausgewogen. Finde ich.<\/p>\n\n\n\n<h2 class=\"wp-block-heading\"><strong>\u201dThe future is never dead. It&#8217;s very present!\u201d<\/strong><\/h2>\n\n\n\n<p>Das <a rel=\"noreferrer noopener\" href=\"https:\/\/en.wikipedia.org\/wiki\/The_End_of_History_and_the_Last_Man\" target=\"_blank\">Ende der Geschichte<\/a>: Es gibt kein Ende. Es gibt lauter neue Anf\u00e4nge \u2013 wenn man es zul\u00e4sst. Und sich ein bisschen M\u00fche gibt.<\/p>\n\n\n\n<p>Ich freue mich jedenfalls sehr dar\u00fcber, dass eine vor langer Zeit begonnen und beendet geglaubte Geschichte jetzt einfach so weitergegangen ist. Hatte ich am Anfang des Artikels geschrieben, das Internet k\u00f6nne Zeit und Raum \u00fcberbr\u00fccken? Vielleicht stimmt das gar nicht. Wahrscheinlich haben wir es hier mit einer viel gr\u00f6\u00dferen (und \u00e4lteren Macht) zu tun, die das vermag: mit der Musik.<\/p>\n\n\n\n<h2 class=\"wp-block-heading\"><strong>Bald gibt&#8217;s neue Berichte &amp; Geschichten an dieser Stelle \u2013 stay tuned!<\/strong><\/h2>\n","protected":false},"excerpt":{"rendered":"<p>\u201dThe past is never dead. It&#8217;s not even past.\u201d Das Zitat ist ber\u00fchmt. Aber so richtig verstanden habe ich es erst in den letzten Monaten. Denn da ist meine Vergangenheit pl\u00f6tzlich wieder h\u00f6chst lebendig in mein Leben getreten \u2013 was mir bis heute gro\u00dfe Freude macht. Das alles hat nat\u00fcrlich mit Musik zu tun. Und, &hellip; <\/p>\n<p class=\"link-more\"><a href=\"https:\/\/timschraubtbass.tim-stelzer.de\/?p=3120\" class=\"more-link\"><span class=\"screen-reader-text\">\u201e99 TAUSEND PL\u00c4NE\u201c <\/span>weiterlesen<\/a><\/p>\n","protected":false},"author":1,"featured_media":0,"comment_status":"open","ping_status":"open","sticky":false,"template":"","format":"standard","meta":{"jetpack_post_was_ever_published":false,"_jetpack_newsletter_access":"","_jetpack_dont_email_post_to_subs":false,"_jetpack_newsletter_tier_id":0,"_jetpack_memberships_contains_paywalled_content":false,"_jetpack_memberships_contains_paid_content":false,"footnotes":"","jetpack_publicize_message":"Schon wieder Neues von #timschraubtbass? Das ging ja schnell! Nein, eigentlich nicht \u2013 30 Jahre verstrichen, bis es weiterging. Aber lest selbst. Und h\u00f6rt vor allem selbst. Enjoy!","jetpack_publicize_feature_enabled":true,"jetpack_social_post_already_shared":false,"jetpack_social_options":{"image_generator_settings":{"template":"highway","default_image_id":0,"font":"","enabled":false},"version":2}},"categories":[1],"tags":[5,85,84,13,27],"class_list":["post-3120","post","type-post","status-publish","format-standard","hentry","category-allgemein","tag-die-berater","tag-geschichte","tag-room-six","tag-timschraubtbass","tag-wilhelmshaven"],"jetpack_publicize_connections":[],"jetpack_featured_media_url":"","jetpack_sharing_enabled":true,"jetpack_shortlink":"https:\/\/wp.me\/p8SMry-Ok","jetpack-related-posts":[{"id":3656,"url":"https:\/\/timschraubtbass.tim-stelzer.de\/?p=3656","url_meta":{"origin":3120,"position":0},"title":"105 MERRY CHRISTBASS","author":"timschraubtbass","date":"19. Dezember 2024","format":false,"excerpt":"Just come on over Nein, das ist immer noch nicht der n\u00e4chste Teil von \u201dJAZZ SPASS\u201d, sorry! Aber der kommt noch vor Weihnachten, versprochen. Jetzt erstmal was Saisonales. Wie ich hier letztens ausf\u00fchrlich berichtete, habe ich nach schlappen 30 Jahren wieder Kontakt zu zwei fr\u00fcheren Musik\/Recording\/Band-Buddies aus meiner Heimatstadt Wilhelmshaven.\u2026","rel":"","context":"In &quot;Allgemein&quot;","block_context":{"text":"Allgemein","link":"https:\/\/timschraubtbass.tim-stelzer.de\/?cat=1"},"img":{"alt_text":"","src":"https:\/\/i0.wp.com\/timschraubtbass.tim-stelzer.de\/wp-content\/uploads\/2024\/12\/Bildschirmfoto-2024-12-19-um-08.37.14-scaled.jpg?resize=350%2C200&ssl=1","width":350,"height":200,"srcset":"https:\/\/i0.wp.com\/timschraubtbass.tim-stelzer.de\/wp-content\/uploads\/2024\/12\/Bildschirmfoto-2024-12-19-um-08.37.14-scaled.jpg?resize=350%2C200&ssl=1 1x, https:\/\/i0.wp.com\/timschraubtbass.tim-stelzer.de\/wp-content\/uploads\/2024\/12\/Bildschirmfoto-2024-12-19-um-08.37.14-scaled.jpg?resize=525%2C300&ssl=1 1.5x, https:\/\/i0.wp.com\/timschraubtbass.tim-stelzer.de\/wp-content\/uploads\/2024\/12\/Bildschirmfoto-2024-12-19-um-08.37.14-scaled.jpg?resize=700%2C400&ssl=1 2x, https:\/\/i0.wp.com\/timschraubtbass.tim-stelzer.de\/wp-content\/uploads\/2024\/12\/Bildschirmfoto-2024-12-19-um-08.37.14-scaled.jpg?resize=1050%2C600&ssl=1 3x, https:\/\/i0.wp.com\/timschraubtbass.tim-stelzer.de\/wp-content\/uploads\/2024\/12\/Bildschirmfoto-2024-12-19-um-08.37.14-scaled.jpg?resize=1400%2C800&ssl=1 4x"},"classes":[]},{"id":2435,"url":"https:\/\/timschraubtbass.tim-stelzer.de\/?p=2435","url_meta":{"origin":3120,"position":1},"title":"87 JIVE TALKIN&#8216;","author":"timschraubtbass","date":"22. September 2020","format":false,"excerpt":"\u201dYou got so much!\u201d Effektger\u00e4te? F\u00fcr den Bass? F\u00fcr meinen Bass? Anfang der 90er, in meiner hei\u00dfen Zeit als Bassist & Co-S\u00e4nger einer kleinen, feinen Power-Pop-Combo in meiner Heimatstadt Wilhelmshaven, hie\u00df meine Antwort stets \u201dOch \u2026 N\u00f6.\u201d Ich hatte schon genug mit gleichzeitig Bass spielen, singen und Text vergessen zu\u2026","rel":"","context":"In &quot;Allgemein&quot;","block_context":{"text":"Allgemein","link":"https:\/\/timschraubtbass.tim-stelzer.de\/?cat=1"},"img":{"alt_text":"","src":"https:\/\/i0.wp.com\/timschraubtbass.tim-stelzer.de\/wp-content\/uploads\/2017\/09\/IMG_0863.jpg?resize=350%2C200&ssl=1","width":350,"height":200,"srcset":"https:\/\/i0.wp.com\/timschraubtbass.tim-stelzer.de\/wp-content\/uploads\/2017\/09\/IMG_0863.jpg?resize=350%2C200&ssl=1 1x, https:\/\/i0.wp.com\/timschraubtbass.tim-stelzer.de\/wp-content\/uploads\/2017\/09\/IMG_0863.jpg?resize=525%2C300&ssl=1 1.5x, https:\/\/i0.wp.com\/timschraubtbass.tim-stelzer.de\/wp-content\/uploads\/2017\/09\/IMG_0863.jpg?resize=700%2C400&ssl=1 2x, https:\/\/i0.wp.com\/timschraubtbass.tim-stelzer.de\/wp-content\/uploads\/2017\/09\/IMG_0863.jpg?resize=1050%2C600&ssl=1 3x, https:\/\/i0.wp.com\/timschraubtbass.tim-stelzer.de\/wp-content\/uploads\/2017\/09\/IMG_0863.jpg?resize=1400%2C800&ssl=1 4x"},"classes":[]},{"id":2957,"url":"https:\/\/timschraubtbass.tim-stelzer.de\/?p=2957","url_meta":{"origin":3120,"position":2},"title":"97 TIME AFTER TIME","author":"timschraubtbass","date":"30. November 2022","format":false,"excerpt":"Die Geschichte(n) mit Chet Vor \u00fcber einem halben Jahr habe ich ein Konzert besucht \u2013 so ziemlich das erste, bei dem ich seit Ausbruch der Pandemie war. Und da sich daraus nicht nur eine sehr sch\u00f6ne Bass-Begegnung, sondern auch (mindestens) eine erz\u00e4hlenswerte Geschichte ergab, will ich diese nun endlich mal\u2026","rel":"","context":"In &quot;Allgemein&quot;","block_context":{"text":"Allgemein","link":"https:\/\/timschraubtbass.tim-stelzer.de\/?cat=1"},"img":{"alt_text":"","src":"https:\/\/i0.wp.com\/timschraubtbass.tim-stelzer.de\/wp-content\/uploads\/2022\/11\/3dcbb18b05ea9f28a4244ffdf4bd5f5313d5d80a7a32053fe697f67003c1ae3d.jpg?resize=350%2C200&ssl=1","width":350,"height":200,"srcset":"https:\/\/i0.wp.com\/timschraubtbass.tim-stelzer.de\/wp-content\/uploads\/2022\/11\/3dcbb18b05ea9f28a4244ffdf4bd5f5313d5d80a7a32053fe697f67003c1ae3d.jpg?resize=350%2C200&ssl=1 1x, https:\/\/i0.wp.com\/timschraubtbass.tim-stelzer.de\/wp-content\/uploads\/2022\/11\/3dcbb18b05ea9f28a4244ffdf4bd5f5313d5d80a7a32053fe697f67003c1ae3d.jpg?resize=525%2C300&ssl=1 1.5x, https:\/\/i0.wp.com\/timschraubtbass.tim-stelzer.de\/wp-content\/uploads\/2022\/11\/3dcbb18b05ea9f28a4244ffdf4bd5f5313d5d80a7a32053fe697f67003c1ae3d.jpg?resize=700%2C400&ssl=1 2x, https:\/\/i0.wp.com\/timschraubtbass.tim-stelzer.de\/wp-content\/uploads\/2022\/11\/3dcbb18b05ea9f28a4244ffdf4bd5f5313d5d80a7a32053fe697f67003c1ae3d.jpg?resize=1050%2C600&ssl=1 3x, https:\/\/i0.wp.com\/timschraubtbass.tim-stelzer.de\/wp-content\/uploads\/2022\/11\/3dcbb18b05ea9f28a4244ffdf4bd5f5313d5d80a7a32053fe697f67003c1ae3d.jpg?resize=1400%2C800&ssl=1 4x"},"classes":[]},{"id":894,"url":"https:\/\/timschraubtbass.tim-stelzer.de\/?p=894","url_meta":{"origin":3120,"position":3},"title":"42 THE NEXT LEVEL","author":"timschraubtbass","date":"20. Oktober 2017","format":false,"excerpt":"Life, the Universe, and Everything. Der 42. Blogbeitrag. Eine gute Zahl, um zwischendurch mal wieder ein paar \u00a0eher periphere Gedanken rund um mein Bassschraub- und Blog-Projekt zu formulieren. Oder sind es etwa doch eher sehr zentrale Gedanken?\u00a0 Ausgerechnet heute fr\u00fch bekam ich in meiner bevorzugten Muckibude diesen Schlie\u00dffachschl\u00fcssel ausgeh\u00e4ndigt: Auf\u2026","rel":"","context":"In &quot;Allgemein&quot;","block_context":{"text":"Allgemein","link":"https:\/\/timschraubtbass.tim-stelzer.de\/?cat=1"},"img":{"alt_text":"","src":"https:\/\/i0.wp.com\/tim-stelzer.de\/timschraubtbass\/wp-content\/uploads\/2017\/10\/IMG_1199-e1508490637794-997x1024.jpg?resize=350%2C200","width":350,"height":200,"srcset":"https:\/\/i0.wp.com\/tim-stelzer.de\/timschraubtbass\/wp-content\/uploads\/2017\/10\/IMG_1199-e1508490637794-997x1024.jpg?resize=350%2C200 1x, https:\/\/i0.wp.com\/tim-stelzer.de\/timschraubtbass\/wp-content\/uploads\/2017\/10\/IMG_1199-e1508490637794-997x1024.jpg?resize=525%2C300 1.5x"},"classes":[]},{"id":3225,"url":"https:\/\/timschraubtbass.tim-stelzer.de\/?p=3225","url_meta":{"origin":3120,"position":4},"title":"100 LOB UND ADEL","author":"timschraubtbass","date":"31. August 2023","format":false,"excerpt":"Meine BARON MODELL 1:Holz as Holz can. Es gibt viele Fragen, die mir leider nie jemand stellt. Zum Beispiel diese: \u201dSag mal, Tim \u2013 wie ist eigentlich das Leben mit gleich zwei einzigartigen Boutique-Instrumenten?\u201d Aber zum Gl\u00fcck habe ich #timschraubtbass. Und wann sonst als zur Feier der jetzt erreichten Dreistelligkeit\u2026","rel":"","context":"In &quot;Allgemein&quot;","block_context":{"text":"Allgemein","link":"https:\/\/timschraubtbass.tim-stelzer.de\/?cat=1"},"img":{"alt_text":"","src":"https:\/\/i0.wp.com\/timschraubtbass.tim-stelzer.de\/wp-content\/uploads\/2023\/08\/IMG_1151D-scaled-e1693231760839.jpg?resize=350%2C200&ssl=1","width":350,"height":200,"srcset":"https:\/\/i0.wp.com\/timschraubtbass.tim-stelzer.de\/wp-content\/uploads\/2023\/08\/IMG_1151D-scaled-e1693231760839.jpg?resize=350%2C200&ssl=1 1x, https:\/\/i0.wp.com\/timschraubtbass.tim-stelzer.de\/wp-content\/uploads\/2023\/08\/IMG_1151D-scaled-e1693231760839.jpg?resize=525%2C300&ssl=1 1.5x, https:\/\/i0.wp.com\/timschraubtbass.tim-stelzer.de\/wp-content\/uploads\/2023\/08\/IMG_1151D-scaled-e1693231760839.jpg?resize=700%2C400&ssl=1 2x"},"classes":[]},{"id":1384,"url":"https:\/\/timschraubtbass.tim-stelzer.de\/?p=1384","url_meta":{"origin":3120,"position":5},"title":"65 DAS VERDAMMTE KLEINE \u201de\u201d","author":"timschraubtbass","date":"29. Juli 2018","format":false,"excerpt":"Abschied von Harald.An meiner Wand h\u00e4ngt ein neuer E-Bass. Nein. Er ist\u00a0nicht neu \u2013 er geh\u00f6rt meinem Freund Harald Kellermann. Nein. Er geh\u00f6rte Harald. Ich schaue auf den E-Bass, es ist ein sehr sch\u00f6ner Fender Jazz Bass, aber ich sehe nur dieses kleine \u201de\u201d, das aus \u201dgeh\u00f6rt\u201d einfach \u201dgeh\u00f6rte\u201d gemacht\u2026","rel":"","context":"In &quot;Allgemein&quot;","block_context":{"text":"Allgemein","link":"https:\/\/timschraubtbass.tim-stelzer.de\/?cat=1"},"img":{"alt_text":"","src":"https:\/\/i0.wp.com\/tim-stelzer.de\/timschraubtbass\/wp-content\/uploads\/2018\/07\/Tim-und-Claudia-150-744x1024.jpg?resize=350%2C200","width":350,"height":200,"srcset":"https:\/\/i0.wp.com\/tim-stelzer.de\/timschraubtbass\/wp-content\/uploads\/2018\/07\/Tim-und-Claudia-150-744x1024.jpg?resize=350%2C200 1x, https:\/\/i0.wp.com\/tim-stelzer.de\/timschraubtbass\/wp-content\/uploads\/2018\/07\/Tim-und-Claudia-150-744x1024.jpg?resize=525%2C300 1.5x"},"classes":[]}],"_links":{"self":[{"href":"https:\/\/timschraubtbass.tim-stelzer.de\/index.php?rest_route=\/wp\/v2\/posts\/3120","targetHints":{"allow":["GET"]}}],"collection":[{"href":"https:\/\/timschraubtbass.tim-stelzer.de\/index.php?rest_route=\/wp\/v2\/posts"}],"about":[{"href":"https:\/\/timschraubtbass.tim-stelzer.de\/index.php?rest_route=\/wp\/v2\/types\/post"}],"author":[{"embeddable":true,"href":"https:\/\/timschraubtbass.tim-stelzer.de\/index.php?rest_route=\/wp\/v2\/users\/1"}],"replies":[{"embeddable":true,"href":"https:\/\/timschraubtbass.tim-stelzer.de\/index.php?rest_route=%2Fwp%2Fv2%2Fcomments&post=3120"}],"version-history":[{"count":92,"href":"https:\/\/timschraubtbass.tim-stelzer.de\/index.php?rest_route=\/wp\/v2\/posts\/3120\/revisions"}],"predecessor-version":[{"id":3217,"href":"https:\/\/timschraubtbass.tim-stelzer.de\/index.php?rest_route=\/wp\/v2\/posts\/3120\/revisions\/3217"}],"wp:attachment":[{"href":"https:\/\/timschraubtbass.tim-stelzer.de\/index.php?rest_route=%2Fwp%2Fv2%2Fmedia&parent=3120"}],"wp:term":[{"taxonomy":"category","embeddable":true,"href":"https:\/\/timschraubtbass.tim-stelzer.de\/index.php?rest_route=%2Fwp%2Fv2%2Fcategories&post=3120"},{"taxonomy":"post_tag","embeddable":true,"href":"https:\/\/timschraubtbass.tim-stelzer.de\/index.php?rest_route=%2Fwp%2Fv2%2Ftags&post=3120"}],"curies":[{"name":"wp","href":"https:\/\/api.w.org\/{rel}","templated":true}]}}