{"id":3054,"date":"2023-05-02T17:53:12","date_gmt":"2023-05-02T15:53:12","guid":{"rendered":"https:\/\/timschraubtbass.tim-stelzer.de\/?p=3054"},"modified":"2023-05-02T17:53:12","modified_gmt":"2023-05-02T15:53:12","slug":"98-the-stelzer","status":"publish","type":"post","link":"https:\/\/timschraubtbass.tim-stelzer.de\/?p=3054","title":{"rendered":"98 THE STELZER"},"content":{"rendered":"\n<h2 class=\"wp-block-heading\"><strong>\u201dI know nothing about this bass\u201d<\/strong><\/h2>\n\n\n\n<p><strong>Das Netz ist unfassbar. Voll von Geschichten, Bildern und Begegnungen, die unser Verst\u00e4ndnis von Rea- und Normalit\u00e4t auf immer wieder neue Weise herausfordern. Oder ist es genau andersherum? Ich wei\u00df es nicht. Seit ich herausgefunden habe, dass ich in einer parallelen (?) Dimension richtiger Bassbauer und nicht nur schn\u00f6der -schrauber bin, zweifle ich an \u2026 an \u2026 an allem, was ich meinte, zu wissen zu glauben? Inklusive der grammatischen Korrektheit von Infinitivh\u00e4ufungen am Satzende? Seufz. \u201dIf only someone here were a native German speaker&#8230;\u201d Und schon sind wir mittendrin in der ersten von drei geradezu un-glaub-lich-en Storys.<\/strong><\/p>\n\n\n\n<h3 class=\"wp-block-heading\"><strong>1) \u201dThat is nice looking.\u201d<\/strong><\/h3>\n\n\n\n<p>Ich wei\u00df nicht mehr, was ich gegoogelt hatte. Aber ich landete eines Tages im letzten Jahr <a href=\"https:\/\/bassoutpost.com\/index.php?topic=11859.0\" target=\"_blank\" rel=\"noreferrer noopener\">auf dieser Forums-Seite<\/a>:<\/p>\n\n\n\n<figure class=\"wp-block-image size-full\"><a href=\"https:\/\/timschraubtbass.tim-stelzer.de\/wp-content\/uploads\/2023\/04\/Bildschirmfoto-2023-04-28-um-12.13.10.jpg\" target=\"_blank\" rel=\"noreferrer noopener\"><img loading=\"lazy\" decoding=\"async\" width=\"2424\" height=\"2368\" data-attachment-id=\"3060\" data-permalink=\"https:\/\/timschraubtbass.tim-stelzer.de\/?attachment_id=3060\" data-orig-file=\"https:\/\/timschraubtbass.tim-stelzer.de\/wp-content\/uploads\/2023\/04\/Bildschirmfoto-2023-04-28-um-12.13.10.jpg\" data-orig-size=\"2424,2368\" data-comments-opened=\"1\" data-image-meta=\"{&quot;aperture&quot;:&quot;0&quot;,&quot;credit&quot;:&quot;&quot;,&quot;camera&quot;:&quot;&quot;,&quot;caption&quot;:&quot;&quot;,&quot;created_timestamp&quot;:&quot;0&quot;,&quot;copyright&quot;:&quot;&quot;,&quot;focal_length&quot;:&quot;0&quot;,&quot;iso&quot;:&quot;0&quot;,&quot;shutter_speed&quot;:&quot;0&quot;,&quot;title&quot;:&quot;&quot;,&quot;orientation&quot;:&quot;0&quot;}\" data-image-title=\"Bildschirmfoto 2023-04-28 um 12.13.10\" data-image-description=\"\" data-image-caption=\"\" data-large-file=\"https:\/\/timschraubtbass.tim-stelzer.de\/wp-content\/uploads\/2023\/04\/Bildschirmfoto-2023-04-28-um-12.13.10-1024x1000.jpg\" src=\"https:\/\/timschraubtbass.tim-stelzer.de\/wp-content\/uploads\/2023\/04\/Bildschirmfoto-2023-04-28-um-12.13.10.jpg\" alt=\"\" class=\"wp-image-3060\" srcset=\"https:\/\/timschraubtbass.tim-stelzer.de\/wp-content\/uploads\/2023\/04\/Bildschirmfoto-2023-04-28-um-12.13.10.jpg 2424w, https:\/\/timschraubtbass.tim-stelzer.de\/wp-content\/uploads\/2023\/04\/Bildschirmfoto-2023-04-28-um-12.13.10-300x293.jpg 300w, https:\/\/timschraubtbass.tim-stelzer.de\/wp-content\/uploads\/2023\/04\/Bildschirmfoto-2023-04-28-um-12.13.10-1024x1000.jpg 1024w, https:\/\/timschraubtbass.tim-stelzer.de\/wp-content\/uploads\/2023\/04\/Bildschirmfoto-2023-04-28-um-12.13.10-768x750.jpg 768w, https:\/\/timschraubtbass.tim-stelzer.de\/wp-content\/uploads\/2023\/04\/Bildschirmfoto-2023-04-28-um-12.13.10-1536x1501.jpg 1536w, https:\/\/timschraubtbass.tim-stelzer.de\/wp-content\/uploads\/2023\/04\/Bildschirmfoto-2023-04-28-um-12.13.10-2048x2001.jpg 2048w\" sizes=\"auto, (max-width: 767px) 89vw, (max-width: 1000px) 54vw, (max-width: 1071px) 543px, 580px\" \/><\/a><\/figure>\n\n\n\n<p>Ich las, stutzte und staunte. Und verstand erst beim Lesen dieses Beitrags, was hier los war:<\/p>\n\n\n\n<figure class=\"wp-block-image size-full\"><a href=\"https:\/\/timschraubtbass.tim-stelzer.de\/wp-content\/uploads\/2023\/04\/Bildschirmfoto-2023-04-28-um-12.16.20.jpg\" target=\"_blank\" rel=\"noreferrer noopener\"><img loading=\"lazy\" decoding=\"async\" width=\"1836\" height=\"1374\" data-attachment-id=\"3062\" data-permalink=\"https:\/\/timschraubtbass.tim-stelzer.de\/?attachment_id=3062\" data-orig-file=\"https:\/\/timschraubtbass.tim-stelzer.de\/wp-content\/uploads\/2023\/04\/Bildschirmfoto-2023-04-28-um-12.16.20.jpg\" data-orig-size=\"1836,1374\" data-comments-opened=\"1\" data-image-meta=\"{&quot;aperture&quot;:&quot;0&quot;,&quot;credit&quot;:&quot;&quot;,&quot;camera&quot;:&quot;&quot;,&quot;caption&quot;:&quot;&quot;,&quot;created_timestamp&quot;:&quot;0&quot;,&quot;copyright&quot;:&quot;&quot;,&quot;focal_length&quot;:&quot;0&quot;,&quot;iso&quot;:&quot;0&quot;,&quot;shutter_speed&quot;:&quot;0&quot;,&quot;title&quot;:&quot;&quot;,&quot;orientation&quot;:&quot;0&quot;}\" data-image-title=\"Bildschirmfoto 2023-04-28 um 12.16.20\" data-image-description=\"\" data-image-caption=\"\" data-large-file=\"https:\/\/timschraubtbass.tim-stelzer.de\/wp-content\/uploads\/2023\/04\/Bildschirmfoto-2023-04-28-um-12.16.20-1024x766.jpg\" src=\"https:\/\/timschraubtbass.tim-stelzer.de\/wp-content\/uploads\/2023\/04\/Bildschirmfoto-2023-04-28-um-12.16.20.jpg\" alt=\"\" class=\"wp-image-3062\" srcset=\"https:\/\/timschraubtbass.tim-stelzer.de\/wp-content\/uploads\/2023\/04\/Bildschirmfoto-2023-04-28-um-12.16.20.jpg 1836w, https:\/\/timschraubtbass.tim-stelzer.de\/wp-content\/uploads\/2023\/04\/Bildschirmfoto-2023-04-28-um-12.16.20-300x225.jpg 300w, https:\/\/timschraubtbass.tim-stelzer.de\/wp-content\/uploads\/2023\/04\/Bildschirmfoto-2023-04-28-um-12.16.20-1024x766.jpg 1024w, https:\/\/timschraubtbass.tim-stelzer.de\/wp-content\/uploads\/2023\/04\/Bildschirmfoto-2023-04-28-um-12.16.20-768x575.jpg 768w, https:\/\/timschraubtbass.tim-stelzer.de\/wp-content\/uploads\/2023\/04\/Bildschirmfoto-2023-04-28-um-12.16.20-1536x1149.jpg 1536w\" sizes=\"auto, (max-width: 767px) 89vw, (max-width: 1000px) 54vw, (max-width: 1071px) 543px, 580px\" \/><\/a><\/figure>\n\n\n\n<p>Offensichtlich eine Verwechslung. Meine Artikel \u00fcber <a href=\"https:\/\/barongitarren.de\" target=\"_blank\" rel=\"noreferrer noopener\">Oliver Barons<\/a> ersten Helliver Bass-Prototypen (<a href=\"http:\/\/timschraubtbass.tim-stelzer.de\/?p=2152\" target=\"_blank\" rel=\"noreferrer noopener\">Teil 1<\/a>, <a href=\"http:\/\/timschraubtbass.tim-stelzer.de\/?p=2206\" target=\"_blank\" rel=\"noreferrer noopener\">Teil 2<\/a>, <a href=\"http:\/\/timschraubtbass.tim-stelzer.de\/?p=2267\" target=\"_blank\" rel=\"noreferrer noopener\">Teil 3<\/a>) im Jahr 2019 waren irgendjemandem in den USA aufgefallen. Und dann sorgte die Sprachbarriere daf\u00fcr, dass ich pl\u00f6tzlich als Erbauer des von mir eigentlich nur getesteten und vorgestellten Bassmodells galt, das an einer Stelle (s. o.) sogar folgerichtig (und irgendwie liebevoll) \u201dThe Stelzer\u201d getauft wurde.<\/p>\n\n\n\n<p>Ist es zu fassen?<\/p>\n\n\n\n<p>Auch Oliver, den ich dar\u00fcber informierte, war \u00e4u\u00dferst erheitert. Doch als ich dann schrieb, ich m\u00fcsse das dann wohl besser schnell mal aufkl\u00e4ren \u2013 da meinte er ganz souver\u00e4n: \u201dOch, lass doch einfach. Ist doch lustig!\u201d<\/p>\n\n\n\n<h3 class=\"wp-block-heading\"><strong>2) \u201dHallo, Marleaux\u201d revisited<\/strong><\/h3>\n\n\n\n<p>Vor ein paar Jahren besuchte ich den Messestand von Marleaux auf der Hausmesse bei <a href=\"https:\/\/www.musik-produktiv.de\" target=\"_blank\" rel=\"noreferrer noopener\">Musik Produktiv<\/a> in Ibbenb\u00fcren. Wie ich da ins Gespr\u00e4ch mit Gerald Marleaux kam und wie geflasht ich davon war, <a rel=\"noreferrer noopener\" href=\"http:\/\/timschraubtbass.tim-stelzer.de\/?p=939\" data-type=\"URL\" data-id=\"timschraubtbass.tim-stelzer.de\/?p=939\" target=\"_blank\">kann man hier an anderer Stelle nachlesen<\/a>.<\/p>\n\n\n\n<p>Vor knapp zwei Jahren schrieb Marleaux einen <a rel=\"noreferrer noopener\" href=\"https:\/\/www.gitarrebass.de\/equipment\/marleaux-video-challenge-bass-im-wert-von-e-5500-gewinnen\/\" target=\"_blank\">Video-Wettbewerb<\/a> aus, den ich unglaublicherweise gewann. Wie es dazu kam und wie geflasht ich davon war, <a rel=\"noreferrer noopener\" href=\"http:\/\/timschraubtbass.tim-stelzer.de\/?p=2887\" target=\"_blank\">kann man hier ebenfalls nachlesen<\/a> (und es wird bald noch mehr dazu zu lesen geben, versprochen).<\/p>\n\n\n\n<p>Vor einiger Zeit, so ca. Herbst 2022, besuchte ich dann mal wieder <a rel=\"noreferrer noopener\" href=\"https:\/\/www.marleaux-bass.de\" target=\"_blank\">die Website von Marleaux<\/a>, die gerade einen kompletten Relaunch hinter sich hatte.<\/p>\n\n\n\n<p>Und, was strahlte mir direkt entgegen?<\/p>\n\n\n\n<p>Genau, mein Bass! &#x1f633;<\/p>\n\n\n\n<figure class=\"wp-block-image size-large\"><a href=\"https:\/\/timschraubtbass.tim-stelzer.de\/wp-content\/uploads\/2023\/05\/Bildschirmfoto-2023-05-01-um-16.27.15-scaled.jpg\" target=\"_blank\" rel=\"noreferrer noopener\"><img loading=\"lazy\" decoding=\"async\" width=\"1024\" height=\"763\" data-attachment-id=\"3074\" data-permalink=\"https:\/\/timschraubtbass.tim-stelzer.de\/?attachment_id=3074\" data-orig-file=\"https:\/\/timschraubtbass.tim-stelzer.de\/wp-content\/uploads\/2023\/05\/Bildschirmfoto-2023-05-01-um-16.27.15-scaled.jpg\" data-orig-size=\"2560,1908\" data-comments-opened=\"1\" data-image-meta=\"{&quot;aperture&quot;:&quot;0&quot;,&quot;credit&quot;:&quot;&quot;,&quot;camera&quot;:&quot;&quot;,&quot;caption&quot;:&quot;&quot;,&quot;created_timestamp&quot;:&quot;0&quot;,&quot;copyright&quot;:&quot;&quot;,&quot;focal_length&quot;:&quot;0&quot;,&quot;iso&quot;:&quot;0&quot;,&quot;shutter_speed&quot;:&quot;0&quot;,&quot;title&quot;:&quot;&quot;,&quot;orientation&quot;:&quot;0&quot;}\" data-image-title=\"Bildschirmfoto 2023-05-01 um 16.27.15\" data-image-description=\"\" data-image-caption=\"\" data-large-file=\"https:\/\/timschraubtbass.tim-stelzer.de\/wp-content\/uploads\/2023\/05\/Bildschirmfoto-2023-05-01-um-16.27.15-1024x763.jpg\" src=\"https:\/\/timschraubtbass.tim-stelzer.de\/wp-content\/uploads\/2023\/05\/Bildschirmfoto-2023-05-01-um-16.27.15-1024x763.jpg\" alt=\"\" class=\"wp-image-3074\" srcset=\"https:\/\/timschraubtbass.tim-stelzer.de\/wp-content\/uploads\/2023\/05\/Bildschirmfoto-2023-05-01-um-16.27.15-1024x763.jpg 1024w, https:\/\/timschraubtbass.tim-stelzer.de\/wp-content\/uploads\/2023\/05\/Bildschirmfoto-2023-05-01-um-16.27.15-300x224.jpg 300w, https:\/\/timschraubtbass.tim-stelzer.de\/wp-content\/uploads\/2023\/05\/Bildschirmfoto-2023-05-01-um-16.27.15-768x572.jpg 768w, https:\/\/timschraubtbass.tim-stelzer.de\/wp-content\/uploads\/2023\/05\/Bildschirmfoto-2023-05-01-um-16.27.15-1536x1145.jpg 1536w, https:\/\/timschraubtbass.tim-stelzer.de\/wp-content\/uploads\/2023\/05\/Bildschirmfoto-2023-05-01-um-16.27.15-2048x1526.jpg 2048w\" sizes=\"auto, (max-width: 767px) 89vw, (max-width: 1000px) 54vw, (max-width: 1071px) 543px, 580px\" \/><\/a><\/figure>\n\n\n\n<p>Und wenn man dann unter \u201dInstrumente\u201d <a rel=\"noreferrer noopener\" href=\"https:\/\/www.marleaux-bass.de\/instrumente\/consat\/\" target=\"_blank\">das Modell \u201dConsat\u201d <\/a>ausw\u00e4hlt, sieht man ihn auch wieder \u2013 als Inbegriff dieser Modellreihe.<\/p>\n\n\n\n<p><strong>Das ist MEIN Bass:<\/strong><\/p>\n\n\n\n<figure class=\"wp-block-image size-large\"><a href=\"https:\/\/timschraubtbass.tim-stelzer.de\/wp-content\/uploads\/2023\/05\/Bildschirmfoto-2023-05-01-um-16.32.03-scaled.jpg\" target=\"_blank\" rel=\"noreferrer noopener\"><img loading=\"lazy\" decoding=\"async\" width=\"1024\" height=\"742\" data-attachment-id=\"3076\" data-permalink=\"https:\/\/timschraubtbass.tim-stelzer.de\/?attachment_id=3076\" data-orig-file=\"https:\/\/timschraubtbass.tim-stelzer.de\/wp-content\/uploads\/2023\/05\/Bildschirmfoto-2023-05-01-um-16.32.03-scaled.jpg\" data-orig-size=\"2560,1856\" data-comments-opened=\"1\" data-image-meta=\"{&quot;aperture&quot;:&quot;0&quot;,&quot;credit&quot;:&quot;&quot;,&quot;camera&quot;:&quot;&quot;,&quot;caption&quot;:&quot;&quot;,&quot;created_timestamp&quot;:&quot;0&quot;,&quot;copyright&quot;:&quot;&quot;,&quot;focal_length&quot;:&quot;0&quot;,&quot;iso&quot;:&quot;0&quot;,&quot;shutter_speed&quot;:&quot;0&quot;,&quot;title&quot;:&quot;&quot;,&quot;orientation&quot;:&quot;0&quot;}\" data-image-title=\"Bildschirmfoto 2023-05-01 um 16.32.03\" data-image-description=\"\" data-image-caption=\"\" data-large-file=\"https:\/\/timschraubtbass.tim-stelzer.de\/wp-content\/uploads\/2023\/05\/Bildschirmfoto-2023-05-01-um-16.32.03-1024x742.jpg\" src=\"https:\/\/timschraubtbass.tim-stelzer.de\/wp-content\/uploads\/2023\/05\/Bildschirmfoto-2023-05-01-um-16.32.03-1024x742.jpg\" alt=\"\" class=\"wp-image-3076\" srcset=\"https:\/\/timschraubtbass.tim-stelzer.de\/wp-content\/uploads\/2023\/05\/Bildschirmfoto-2023-05-01-um-16.32.03-1024x742.jpg 1024w, https:\/\/timschraubtbass.tim-stelzer.de\/wp-content\/uploads\/2023\/05\/Bildschirmfoto-2023-05-01-um-16.32.03-300x217.jpg 300w, https:\/\/timschraubtbass.tim-stelzer.de\/wp-content\/uploads\/2023\/05\/Bildschirmfoto-2023-05-01-um-16.32.03-768x557.jpg 768w, https:\/\/timschraubtbass.tim-stelzer.de\/wp-content\/uploads\/2023\/05\/Bildschirmfoto-2023-05-01-um-16.32.03-1536x1113.jpg 1536w, https:\/\/timschraubtbass.tim-stelzer.de\/wp-content\/uploads\/2023\/05\/Bildschirmfoto-2023-05-01-um-16.32.03-2048x1485.jpg 2048w\" sizes=\"auto, (max-width: 767px) 89vw, (max-width: 1000px) 54vw, (max-width: 1071px) 543px, 580px\" \/><\/a><\/figure>\n\n\n\n<p>&#x1f60a;&#x1f60a;&#x1f60a;&#x1f60a;&#x1f60a;&#x1f60a;&#x1f60a;&#x1f60a;&#x1f60a;&#x1f60a;&#x1f60a;&#x1f60a;&#x1f60a;&#x1f60a;&#x1f60a;&#x1f60a;&#x1f60a;&#x1f60a;<\/p>\n\n\n\n<h3 class=\"wp-block-heading\"><strong>3) Nat\u00fcrliche Ausrede<\/strong><\/h3>\n\n\n\n<p>Twitter ist doof? Ja, mag sein. Aber Twitterinnen und Twitterer (oder sagt man \u201dTwitterende\u201d? Oder \u201dTwittende\u201d? Oder einfach \u201dTwitti\u201d \u2013 das w\u00e4re doch sch\u00f6n, oder?) sind es oft nicht. Nicht alle, OK. Jedenfalls habe ich bei Twitter jemanden kennen gelernt (wir wissen beide nicht mehr, wann und warum), der allein schon Grund genug daf\u00fcr w\u00e4re, dankbar f\u00fcr diese Plattform zu sein. Auch wenn wir uns inzwischen meistens nicht mehr via Twitter, sondern \u00fcber Textnachrichten (aka SMS) austauschen. Inhaltlich oft \u00fcber das, was er nebenberuflich im Netz Spannendes macht bzw. ver\u00f6ffentlicht. Und das fast jede Woche!<\/p>\n\n\n\n<p>Die Rede ist von <a href=\"http:\/\/skeleton-crew.de\/na\/\" target=\"_blank\" rel=\"noreferrer noopener\">Christopher Braucks und seinem sehr, sehr empfehlenswerten Podcast \u201dNat\u00fcrliche Ausrede\u201d<\/a>. <\/p>\n\n\n\n<p>Im Dezember 2022 begab es sich, dass ich Christopher um fachm\u00e4nnischen Rat frug, was meinen Studio-Umbau anging. Ich suchte nach neuen 19&#8243;-Racks f\u00fcr meinen Studio-Schreibtisch.  Er hatte tats\u00e4chlich viel mehr als einen guten Rat f\u00fcr mich: zwei perfekt in mein Beuteschema passende Racks im Keller, die er nicht mehr brauchte. Hurra!<\/p>\n\n\n\n<p>Wir einigten uns schnell auf die \u00fcblichen Privatverkaufsmaufmodalit\u00e4ten. Und dann bot Christopher sogar an, mir die Racks nach M\u00fcnster zu bringen. Nochmal Hurra!<\/p>\n\n\n\n<p>Bei der Gelegenheit begegneten wir uns zum ersten Mal pers\u00f6nlich, was eine noch gr\u00f6\u00dfere Freude als der Business-Anlass unseres Treffens war. Die beiden Racks passten wirklich perfekt (nachdem ich das Holz ein bisschen aufgearbeitet und gepflegt hatte, sowas kann ich jetzt ja, \u00fcbrigens mit dem gleichen \u00d6l-Wachs-Finish wie meinen Schraub-Preci):<\/p>\n\n\n\n<figure class=\"wp-block-image size-large\"><a href=\"https:\/\/timschraubtbass.tim-stelzer.de\/wp-content\/uploads\/2023\/05\/IMG_0273-scaled.jpg\" target=\"_blank\" rel=\"noreferrer noopener\"><img loading=\"lazy\" decoding=\"async\" width=\"1024\" height=\"768\" data-attachment-id=\"3086\" data-permalink=\"https:\/\/timschraubtbass.tim-stelzer.de\/?attachment_id=3086\" data-orig-file=\"https:\/\/timschraubtbass.tim-stelzer.de\/wp-content\/uploads\/2023\/05\/IMG_0273-scaled.jpg\" data-orig-size=\"2560,1920\" data-comments-opened=\"1\" data-image-meta=\"{&quot;aperture&quot;:&quot;1.6&quot;,&quot;credit&quot;:&quot;&quot;,&quot;camera&quot;:&quot;iPhone 13&quot;,&quot;caption&quot;:&quot;&quot;,&quot;created_timestamp&quot;:&quot;1669986010&quot;,&quot;copyright&quot;:&quot;&quot;,&quot;focal_length&quot;:&quot;5.1&quot;,&quot;iso&quot;:&quot;200&quot;,&quot;shutter_speed&quot;:&quot;0.02&quot;,&quot;title&quot;:&quot;&quot;,&quot;orientation&quot;:&quot;1&quot;}\" data-image-title=\"IMG_0273\" data-image-description=\"\" data-image-caption=\"\" data-large-file=\"https:\/\/timschraubtbass.tim-stelzer.de\/wp-content\/uploads\/2023\/05\/IMG_0273-1024x768.jpg\" src=\"https:\/\/timschraubtbass.tim-stelzer.de\/wp-content\/uploads\/2023\/05\/IMG_0273-1024x768.jpg\" alt=\"\" class=\"wp-image-3086\" srcset=\"https:\/\/timschraubtbass.tim-stelzer.de\/wp-content\/uploads\/2023\/05\/IMG_0273-1024x768.jpg 1024w, https:\/\/timschraubtbass.tim-stelzer.de\/wp-content\/uploads\/2023\/05\/IMG_0273-300x225.jpg 300w, https:\/\/timschraubtbass.tim-stelzer.de\/wp-content\/uploads\/2023\/05\/IMG_0273-768x576.jpg 768w, https:\/\/timschraubtbass.tim-stelzer.de\/wp-content\/uploads\/2023\/05\/IMG_0273-1536x1152.jpg 1536w, https:\/\/timschraubtbass.tim-stelzer.de\/wp-content\/uploads\/2023\/05\/IMG_0273-2048x1536.jpg 2048w\" sizes=\"auto, (max-width: 767px) 89vw, (max-width: 1000px) 54vw, (max-width: 1071px) 543px, 580px\" \/><\/a><\/figure>\n\n\n\n<figure class=\"wp-block-image size-large\"><a href=\"https:\/\/timschraubtbass.tim-stelzer.de\/wp-content\/uploads\/2023\/05\/IMG_0376-scaled.jpg\" target=\"_blank\" rel=\"noreferrer noopener\"><img loading=\"lazy\" decoding=\"async\" width=\"1024\" height=\"379\" data-attachment-id=\"3087\" data-permalink=\"https:\/\/timschraubtbass.tim-stelzer.de\/?attachment_id=3087\" data-orig-file=\"https:\/\/timschraubtbass.tim-stelzer.de\/wp-content\/uploads\/2023\/05\/IMG_0376-scaled-e1683035599861.jpg\" data-orig-size=\"2560,947\" data-comments-opened=\"1\" data-image-meta=\"{&quot;aperture&quot;:&quot;1.6&quot;,&quot;credit&quot;:&quot;&quot;,&quot;camera&quot;:&quot;iPhone 13&quot;,&quot;caption&quot;:&quot;&quot;,&quot;created_timestamp&quot;:&quot;1670240869&quot;,&quot;copyright&quot;:&quot;&quot;,&quot;focal_length&quot;:&quot;5.1&quot;,&quot;iso&quot;:&quot;500&quot;,&quot;shutter_speed&quot;:&quot;0.02&quot;,&quot;title&quot;:&quot;&quot;,&quot;orientation&quot;:&quot;1&quot;}\" data-image-title=\"IMG_0376\" data-image-description=\"\" data-image-caption=\"\" data-large-file=\"https:\/\/timschraubtbass.tim-stelzer.de\/wp-content\/uploads\/2023\/05\/IMG_0376-scaled-e1683035599861-1024x379.jpg\" src=\"https:\/\/timschraubtbass.tim-stelzer.de\/wp-content\/uploads\/2023\/05\/IMG_0376-scaled-e1683035599861-1024x379.jpg\" alt=\"\" class=\"wp-image-3087\" srcset=\"https:\/\/timschraubtbass.tim-stelzer.de\/wp-content\/uploads\/2023\/05\/IMG_0376-scaled-e1683035599861-1024x379.jpg 1024w, https:\/\/timschraubtbass.tim-stelzer.de\/wp-content\/uploads\/2023\/05\/IMG_0376-scaled-e1683035599861-300x111.jpg 300w, https:\/\/timschraubtbass.tim-stelzer.de\/wp-content\/uploads\/2023\/05\/IMG_0376-scaled-e1683035599861-768x284.jpg 768w, https:\/\/timschraubtbass.tim-stelzer.de\/wp-content\/uploads\/2023\/05\/IMG_0376-scaled-e1683035599861-1536x568.jpg 1536w, https:\/\/timschraubtbass.tim-stelzer.de\/wp-content\/uploads\/2023\/05\/IMG_0376-scaled-e1683035599861-2048x758.jpg 2048w\" sizes=\"auto, (max-width: 767px) 89vw, (max-width: 1000px) 54vw, (max-width: 1071px) 543px, 580px\" \/><\/a><\/figure>\n\n\n\n<p>Ich freute mich sehr dar\u00fcber, dass Chris mir die Racks extra nach M\u00fcnster brachte. Und dachte mir: Was kann ich Chris daf\u00fcr Gutes tun? Ich entschied mich daf\u00fcr, ihm einen interessanten Gespr\u00e4chspartner f\u00fcr seinen sehr, sehr empfehlenswerten Podcast zu vermitteln!<\/p>\n\n\n\n<p>Da der gute Chris <a rel=\"noreferrer noopener\" href=\"http:\/\/www.21hz-backline.de\" target=\"_blank\">beruflich viel mit Musik und Musik-Equipment zu tun hat<\/a> und ich ihn durch Twitter &amp; seinen Podcast schon etwas kennen gelernt hatte, kam ich schnell auf den perfekten \u201dMatch\u201d in M\u00fcnster f\u00fcr ihn. Die Terminfrage konnte schnell gekl\u00e4rt werden, ich f\u00fchrte Chris (nach einem gemeinsamen Burger-Lunch) noch an die Zieladresse \u2013 und der Rest ist Geschichte. Beziehungsweise <a rel=\"noreferrer noopener\" href=\"http:\/\/skeleton-crew.de\/na139\/\" target=\"_blank\">eine sehr, sehr empfehlenswerte Podcast-Folge von \u201dNat\u00fcrliche Ausrede\u201d<\/a>, die ich euch ganz besonders ans Herz legen m\u00f6chte:<\/p>\n\n\n\n<figure class=\"wp-block-embed is-type-rich is-provider-spotify wp-block-embed-spotify wp-embed-aspect-21-9 wp-has-aspect-ratio\"><div class=\"wp-block-embed__wrapper\">\n<iframe title=\"Spotify Embed: 139 Oliver Baron \" style=\"border-radius: 12px\" width=\"100%\" height=\"152\" frameborder=\"0\" allowfullscreen allow=\"autoplay; clipboard-write; encrypted-media; fullscreen; picture-in-picture\" loading=\"lazy\" src=\"https:\/\/open.spotify.com\/embed\/episode\/7BWUKgw259UlTxvNYP5cCO?utm_source=oembed\"><\/iframe>\n<\/div><\/figure>\n\n\n\n<h2 class=\"wp-block-heading\"><strong>Ist das Netz nicht unfassbar? Ich hoffe, meine drei kleinen Geschichten haben euch ebenso erfreut wie mich.<\/strong><\/h2>\n\n\n\n<h2 class=\"wp-block-heading\"><strong>Vielen Dank f\u00fcrs Lesen &amp; Klicken und bis bald (versprochen!) an dieser Stelle \u2013 mit mehr zu den beiden Dauerbrenner-Stichworten \u201dBaron\u201d und \u201dMarleaux\u201d. Stay tuned!<\/strong><\/h2>\n","protected":false},"excerpt":{"rendered":"<p>\u201dI know nothing about this bass\u201d Das Netz ist unfassbar. Voll von Geschichten, Bildern und Begegnungen, die unser Verst\u00e4ndnis von Rea- und Normalit\u00e4t auf immer wieder neue Weise herausfordern. Oder ist es genau andersherum? Ich wei\u00df es nicht. Seit ich herausgefunden habe, dass ich in einer parallelen (?) Dimension richtiger Bassbauer und nicht nur schn\u00f6der &hellip; <\/p>\n<p class=\"link-more\"><a href=\"https:\/\/timschraubtbass.tim-stelzer.de\/?p=3054\" class=\"more-link\"><span class=\"screen-reader-text\">\u201e98 THE STELZER\u201c <\/span>weiterlesen<\/a><\/p>\n","protected":false},"author":1,"featured_media":0,"comment_status":"open","ping_status":"open","sticky":false,"template":"","format":"standard","meta":{"jetpack_post_was_ever_published":true,"_jetpack_newsletter_access":"","_jetpack_dont_email_post_to_subs":false,"_jetpack_newsletter_tier_id":0,"_jetpack_memberships_contains_paywalled_content":false,"_jetpack_memberships_contains_paid_content":false,"footnotes":"","jetpack_publicize_message":"","jetpack_publicize_feature_enabled":true,"jetpack_social_post_already_shared":true,"jetpack_social_options":{"image_generator_settings":{"template":"highway","default_image_id":0,"font":"","enabled":false},"version":2}},"categories":[1],"tags":[77,41,33,79,58,82,83,78,80,81],"class_list":["post-3054","post","type-post","status-publish","format-standard","hentry","category-allgemein","tag-bass-2","tag-timschraubtbass-oliverbaron","tag-baron-elektrogitarren","tag-christopher-braucks","tag-gerald-marleaux","tag-marleaux","tag-marleaux-bass-2","tag-natuerliche-ausrede","tag-podcast","tag-the-stelzer"],"jetpack_publicize_connections":[],"jetpack_featured_media_url":"","jetpack_sharing_enabled":true,"jetpack_shortlink":"https:\/\/wp.me\/p8SMry-Ng","jetpack-related-posts":[{"id":939,"url":"https:\/\/timschraubtbass.tim-stelzer.de\/?p=939","url_meta":{"origin":3054,"position":0},"title":"45 HALLO, MARLEAUX!","author":"timschraubtbass","date":"14. November 2017","format":false,"excerpt":"Das gro\u00dfe Messen (Teil 1). Letztes Wochenende fand die\u00a0Musik Produktiv Messe 2017 in Ibbenb\u00fcren statt. Ich war zum ersten Mal da. Und hatte Gl\u00fcck. Zwar nicht bei\u00a0einer der vielen Gear-Verlosungen, die dort\u00a0dauernd\u00a0an jeder zweiten Ecke stattfinden \u2013 nein, besser. Sogar viel\u00a0b\u00e4sser. (Ich wei\u00df, ich muss mir dieses bl\u00f6de Wortspiel dringend\u2026","rel":"","context":"In &quot;Allgemein&quot;","block_context":{"text":"Allgemein","link":"https:\/\/timschraubtbass.tim-stelzer.de\/?cat=1"},"img":{"alt_text":"","src":"https:\/\/i0.wp.com\/tim-stelzer.de\/timschraubtbass\/wp-content\/uploads\/2017\/11\/IMG_1320-1024x768.jpg?resize=350%2C200","width":350,"height":200,"srcset":"https:\/\/i0.wp.com\/tim-stelzer.de\/timschraubtbass\/wp-content\/uploads\/2017\/11\/IMG_1320-1024x768.jpg?resize=350%2C200 1x, https:\/\/i0.wp.com\/tim-stelzer.de\/timschraubtbass\/wp-content\/uploads\/2017\/11\/IMG_1320-1024x768.jpg?resize=525%2C300 1.5x"},"classes":[]},{"id":2887,"url":"https:\/\/timschraubtbass.tim-stelzer.de\/?p=2887","url_meta":{"origin":3054,"position":1},"title":"95 GL\u00dcCK IM SPIEL","author":"timschraubtbass","date":"26. Januar 2022","format":false,"excerpt":"Unfassbare Freu(n)de! Im Sommer 2021 lag ich im Allg\u00e4u-Urlaub auf der Wiese vom Freibad und las in der Gitarre & Bass von der \u201dMarleaux Video Challenge\u201c. Ein paar Monate sp\u00e4ter h\u00e4ngt der begehrenswerte Bass, dessen Bild ich auf den Seiten der Zeitschrift bewundert hatte, hier bei mir an der Wand.\u2026","rel":"","context":"In &quot;Allgemein&quot;","block_context":{"text":"Allgemein","link":"https:\/\/timschraubtbass.tim-stelzer.de\/?cat=1"},"img":{"alt_text":"","src":"https:\/\/i0.wp.com\/img.youtube.com\/vi\/OzLeVX7eS1c\/0.jpg?resize=350%2C200","width":350,"height":200},"classes":[]},{"id":1059,"url":"https:\/\/timschraubtbass.tim-stelzer.de\/?p=1059","url_meta":{"origin":3054,"position":2},"title":"49 GREEN &#038; BLUE","author":"timschraubtbass","date":"12. Dezember 2017","format":false,"excerpt":"Das gro\u00dfe Messen (Teil 3) Adventszeit. Was da jetzt auch noch endlich mal ankommt, ist der dritte und abschlie\u00dfende Teil meines Berichts \u00fcber die Hausmesse 2017 bei Musik Produktiv in Ibbenb\u00fcren. Ich hatte ja schon im ersten und im zweiten Teil von meinem Gespr\u00e4ch mit Gerald Marleaux berichtet. Doch was\u2026","rel":"","context":"In &quot;Allgemein&quot;","block_context":{"text":"Allgemein","link":"https:\/\/timschraubtbass.tim-stelzer.de\/?cat=1"},"img":{"alt_text":"","src":"https:\/\/i0.wp.com\/tim-stelzer.de\/timschraubtbass\/wp-content\/uploads\/2017\/12\/IMG_1462-1024x1024.jpg?resize=350%2C200","width":350,"height":200,"srcset":"https:\/\/i0.wp.com\/tim-stelzer.de\/timschraubtbass\/wp-content\/uploads\/2017\/12\/IMG_1462-1024x1024.jpg?resize=350%2C200 1x, https:\/\/i0.wp.com\/tim-stelzer.de\/timschraubtbass\/wp-content\/uploads\/2017\/12\/IMG_1462-1024x1024.jpg?resize=525%2C300 1.5x"},"classes":[]},{"id":987,"url":"https:\/\/timschraubtbass.tim-stelzer.de\/?p=987","url_meta":{"origin":3054,"position":3},"title":"46 MARLEAUX AGAIN \u2026","author":"timschraubtbass","date":"16. November 2017","format":false,"excerpt":"Das gro\u00dfe Messen (Teil 2) Wie im ersten Teil\u00a0berichtet, war mein Besuch der\u00a0Hausmesse bei Musik Produktiv am 11.11.2017 vor allem von meiner Begegnung mit Gerald Marleaux gepr\u00e4gt. Und von der mit seinen B\u00e4ssen. Und von der enormen Lautst\u00e4rke auf der Messe, trotz derer wir uns ein bisschen unterhalten konnten. Auch\u2026","rel":"","context":"In &quot;Allgemein&quot;","block_context":{"text":"Allgemein","link":"https:\/\/timschraubtbass.tim-stelzer.de\/?cat=1"},"img":{"alt_text":"","src":"https:\/\/i0.wp.com\/tim-stelzer.de\/timschraubtbass\/wp-content\/uploads\/2017\/11\/IMG_1322-e1510746911274-590x1024.jpg?resize=350%2C200","width":350,"height":200,"srcset":"https:\/\/i0.wp.com\/tim-stelzer.de\/timschraubtbass\/wp-content\/uploads\/2017\/11\/IMG_1322-e1510746911274-590x1024.jpg?resize=350%2C200 1x, https:\/\/i0.wp.com\/tim-stelzer.de\/timschraubtbass\/wp-content\/uploads\/2017\/11\/IMG_1322-e1510746911274-590x1024.jpg?resize=525%2C300 1.5x"},"classes":[]},{"id":3326,"url":"https:\/\/timschraubtbass.tim-stelzer.de\/?p=3326","url_meta":{"origin":3054,"position":4},"title":"101 MARLEAUX 101","author":"timschraubtbass","date":"20. Oktober 2023","format":false,"excerpt":"Grundkurs Edelbass Willkommen beim #timschraubtbass-Seminar \u201dBoutique-Bass\u201d, Folge 101. Ein Einstiegs-Grundkurs f\u00fcr komplette Newbies mit unter anderem den folgenden Inhalten: Was macht man eigentlich mit so einem Wahnsinns-Instrument im Haus? Wie herum h\u00e4ngt man ihn korrekt an die Wand? Darf man alle f\u00fcnf Saiten gleichzeitig bet\u00e4tigen? In welchen zertifizierten Fachwerkst\u00e4tten muss\u2026","rel":"","context":"In &quot;Allgemein&quot;","block_context":{"text":"Allgemein","link":"https:\/\/timschraubtbass.tim-stelzer.de\/?cat=1"},"img":{"alt_text":"","src":"https:\/\/i0.wp.com\/timschraubtbass.tim-stelzer.de\/wp-content\/uploads\/2023\/10\/IMG_3951-150x150.jpg?resize=350%2C200&ssl=1","width":350,"height":200,"srcset":"https:\/\/i0.wp.com\/timschraubtbass.tim-stelzer.de\/wp-content\/uploads\/2023\/10\/IMG_3951-150x150.jpg?resize=350%2C200&ssl=1 1x, https:\/\/i0.wp.com\/timschraubtbass.tim-stelzer.de\/wp-content\/uploads\/2023\/10\/IMG_3951-150x150.jpg?resize=525%2C300&ssl=1 1.5x, https:\/\/i0.wp.com\/timschraubtbass.tim-stelzer.de\/wp-content\/uploads\/2023\/10\/IMG_3951-150x150.jpg?resize=700%2C400&ssl=1 2x, https:\/\/i0.wp.com\/timschraubtbass.tim-stelzer.de\/wp-content\/uploads\/2023\/10\/IMG_3951-150x150.jpg?resize=1050%2C600&ssl=1 3x, https:\/\/i0.wp.com\/timschraubtbass.tim-stelzer.de\/wp-content\/uploads\/2023\/10\/IMG_3951-150x150.jpg?resize=1400%2C800&ssl=1 4x"},"classes":[]},{"id":1108,"url":"https:\/\/timschraubtbass.tim-stelzer.de\/?p=1108","url_meta":{"origin":3054,"position":5},"title":"52 VORS\u00c4TZLICHE TATEN","author":"timschraubtbass","date":"9. Januar 2018","format":false,"excerpt":"Schraub on. Ich will weiter Schrauben. Nein, das ist kein Vorsatz, das ist eine Erkenntnis aus dem halben Jahr, das \u201dTim schraubt Bass\u201d jetzt online ist. Die gro\u00dfe Zeit der R\u00fcckblicke habe ich knapp\u00a0verpasst \u2013 also schaue ich heute lieber in die Zukunft meines Projekts.* Mein Besuch der Musikmesse bei\u2026","rel":"","context":"In &quot;Allgemein&quot;","block_context":{"text":"Allgemein","link":"https:\/\/timschraubtbass.tim-stelzer.de\/?cat=1"},"img":{"alt_text":"","src":"https:\/\/i0.wp.com\/tim-stelzer.de\/timschraubtbass\/wp-content\/uploads\/2017\/12\/IMG_1462-1024x1024.jpg?resize=350%2C200","width":350,"height":200,"srcset":"https:\/\/i0.wp.com\/tim-stelzer.de\/timschraubtbass\/wp-content\/uploads\/2017\/12\/IMG_1462-1024x1024.jpg?resize=350%2C200 1x, https:\/\/i0.wp.com\/tim-stelzer.de\/timschraubtbass\/wp-content\/uploads\/2017\/12\/IMG_1462-1024x1024.jpg?resize=525%2C300 1.5x"},"classes":[]}],"_links":{"self":[{"href":"https:\/\/timschraubtbass.tim-stelzer.de\/index.php?rest_route=\/wp\/v2\/posts\/3054","targetHints":{"allow":["GET"]}}],"collection":[{"href":"https:\/\/timschraubtbass.tim-stelzer.de\/index.php?rest_route=\/wp\/v2\/posts"}],"about":[{"href":"https:\/\/timschraubtbass.tim-stelzer.de\/index.php?rest_route=\/wp\/v2\/types\/post"}],"author":[{"embeddable":true,"href":"https:\/\/timschraubtbass.tim-stelzer.de\/index.php?rest_route=\/wp\/v2\/users\/1"}],"replies":[{"embeddable":true,"href":"https:\/\/timschraubtbass.tim-stelzer.de\/index.php?rest_route=%2Fwp%2Fv2%2Fcomments&post=3054"}],"version-history":[{"count":56,"href":"https:\/\/timschraubtbass.tim-stelzer.de\/index.php?rest_route=\/wp\/v2\/posts\/3054\/revisions"}],"predecessor-version":[{"id":3117,"href":"https:\/\/timschraubtbass.tim-stelzer.de\/index.php?rest_route=\/wp\/v2\/posts\/3054\/revisions\/3117"}],"wp:attachment":[{"href":"https:\/\/timschraubtbass.tim-stelzer.de\/index.php?rest_route=%2Fwp%2Fv2%2Fmedia&parent=3054"}],"wp:term":[{"taxonomy":"category","embeddable":true,"href":"https:\/\/timschraubtbass.tim-stelzer.de\/index.php?rest_route=%2Fwp%2Fv2%2Fcategories&post=3054"},{"taxonomy":"post_tag","embeddable":true,"href":"https:\/\/timschraubtbass.tim-stelzer.de\/index.php?rest_route=%2Fwp%2Fv2%2Ftags&post=3054"}],"curies":[{"name":"wp","href":"https:\/\/api.w.org\/{rel}","templated":true}]}}