{"id":2957,"date":"2022-11-30T11:52:28","date_gmt":"2022-11-30T10:52:28","guid":{"rendered":"https:\/\/timschraubtbass.tim-stelzer.de\/?p=2957"},"modified":"2022-11-30T20:13:22","modified_gmt":"2022-11-30T19:13:22","slug":"97-time-after-time","status":"publish","type":"post","link":"https:\/\/timschraubtbass.tim-stelzer.de\/?p=2957","title":{"rendered":"97 TIME AFTER TIME"},"content":{"rendered":"\n<h2 class=\"wp-block-heading\"><strong>Die Geschichte(n) mit Chet <\/strong><\/h2>\n\n\n\n<p><strong>Vor \u00fcber einem halben Jahr habe ich ein Konzert besucht \u2013 so ziemlich das erste, bei dem ich seit Ausbruch der Pandemie war. Und da sich daraus nicht nur eine sehr sch\u00f6ne Bass-Begegnung, sondern auch (mindestens) eine erz\u00e4hlenswerte Geschichte ergab, will ich diese nun endlich mal aufschreiben. <a rel=\"noreferrer noopener\" href=\"https:\/\/www.youtube.com\/watch?v=aVmbh93-a24\" target=\"_blank\">Let&#8217;s get lost<\/a> \u2013 in time!<\/strong><\/p>\n\n\n\n<p>Drehen wir erstmal die Zeit zur\u00fcck. Wir sind in der Mitte der 1980er, hier beginnt die Geschichte, und zwar in meiner Heimatstadt Wilhelmshaven. Ich bin ungef\u00e4hr 15 und verbringe neuerdings sehr viel Zeit auf meiner Bettkante, eine geliehene Konzertgitarre in den H\u00e4nden. Wir sind also live beim Beginn meiner gro\u00dfen Gitarren- und Bass-Leidenschaft dabei. Gleichzeitig bewegt sich mein Vater, dessen unglaublich umfassender Plattensammlung ich viel zu verdanken habe, als Musikfan immer mehr in Richtung Jazz.<\/p>\n\n\n\n<p>Ich m\u00fche mich also oben unter der Dachschr\u00e4ge in meinem Zimmer, das noch ein bisschen Kinder-, aber doch schon ziemlich Jugendzimmer ist,  mit <a href=\"http:\/\/shop.peter-bursch.de\/epages\/453e43e2-ef5e-4920-952d-25818577620a.sf\/de_DE\/?ObjectPath=\/Shops\/453e43e2-ef5e-4920-952d-25818577620a\/Products\/w2_0024\" target=\"_blank\" rel=\"noreferrer noopener\">Peter Bursch<\/a> und \u201dBlowin&#8216; in the Wind\u201d ab \u2013 w\u00e4hrend aus dem Wohnzimmer ganz andere Kl\u00e4nge mit gro\u00dfem Blue-Note-Anteil zu mir herauf wehen.<\/p>\n\n\n\n<h2 class=\"wp-block-heading\"><strong><a href=\"https:\/\/www.youtube.com\/watch?v=E4IridL_2XU\" target=\"_blank\" rel=\"noreferrer noopener\">Almost Blue<\/a><\/strong><\/h2>\n\n\n\n<p>Besonders oft erklingt in dieser Zeit <a rel=\"noreferrer noopener\" href=\"https:\/\/www.youtube.com\/watch?v=qBlIe6peh2g\" target=\"_blank\">Chet Bakers Live-Album \u201dStrollin&#8217;\u201d<\/a>, 1986 erschienen und mit einer sanft &amp; cool vibrierenden Klang-Aura versehen. Ich h\u00f6rte mit, zunehmend interessiert, und \u00fcbte flei\u00dfig weiter \u201dSloop John B.\u201d und andere Pop- und Rock-Klassiker.<\/p>\n\n\n\n<p>\u201dStrollin&#8217;\u201d wurde \u00fcbrigens beim Jazz-Festival in M\u00fcnster aufgezeichnet. Also in der Stadt, in der ich Jahre sp\u00e4ter erst studieren, und dann \u2013 mit Unterbrechungen \u2013 auch leben &amp; arbeiten sollte. Letzteres bis heute. Was die erste merkw\u00fcrdige biografische Verbindung durch Zeit und Raum zur Gegenwart in dieser an Merkw\u00fcrdigkeiten nicht armen Geschichte ist.<\/p>\n\n\n\n<p>Begleitet wurde Chat Baker bei dem Konzert in M\u00fcnster nur von Gitarre (Philipp Catherine) und Bass (Jean-Louis Rassinfosse). Das traf bei mir einen Nerv \u2013 ich war damals zwar (noch) nicht Jazz-begeistert, aber ich fand den Sound und die besondere Atmosph\u00e4re des Konzerts total faszinierend. Als mein Vater mich dann 1987 fragte, ob ich mit zum Konzert von Chet Baker im <a rel=\"noreferrer noopener\" href=\"http:\/\/www.pumpwerk.de\" target=\"_blank\">Pumpwerk<\/a> in Wilhelmshaven kommen m\u00f6chte, sagte ich sofort ja.<\/p>\n\n\n\n<p>Das Konzert war ein Erlebnis. Auch f\u00fcr einen jugendlichen Jazz-Neuling wie mich. Ich erinnere mich zwar nur an wenige Details, aber deutlich an sehr konzentriert spielende Musiker und ein sehr aufmerksames Publikum. Und daran, dass Chet Baker am Ende, vor oder nach den Zugaben, ein paar S\u00e4tze ins Mikro nuschelte, aber nicht gegen den tosenden Applaus ankam. Um dann frustriert sowas wie \u201dOK, you don&#8217;t wanna hear it \u2026\u201d zu sagen und abzutreten. Ich glaube, er wurde von seiner Band darauf aufmerksam gemacht, dass es ja nur unsere Begeisterung war, die ihn \u00fcbert\u00f6nte \u2026 Er war offensichtlich nicht besonders gut zurecht, sowohl physisch als auch psychisch. Etwas mehr als ein Jahr sp\u00e4ter lag er nach einem Sturz aus dem zweiten Stock tot vor einem Hotel in Amsterdam.<\/p>\n\n\n\n<h2 class=\"wp-block-heading\"><strong><a href=\"https:\/\/www.youtube.com\/watch?v=MrNoFjexi4Y\" target=\"_blank\" rel=\"noreferrer noopener\">Milestones<\/a><\/strong><\/h2>\n\n\n\n<p>Meine Geschichte ging weiter. Ich sah noch sehr viele namhafte Jazz- und Rockmusiker im Pumpwerk, entdeckte den E-Bass und sp\u00e4ter den Kontrabass f\u00fcr mich, gr\u00fcndete eine Band, strich im Streichorchester der Gymnasien Wilhelmshavens den Kontrabass und meinte das alles sehr ernst. Und hatte trotzdem meistens sehr viel Spa\u00df dabei. Jazz interessierte mich, ich h\u00f6rte viele Klassiker (stand inzwischen alles bei meinem Vater im Schrank), aber Bands wie die Talking Heads, The Who, Del Amitri und Lloyd Cole &amp; The Commotions lie\u00dfen mein Herz noch etwas h\u00f6her schlagen.<\/p>\n\n\n\n<p>Meine eigene Band war auf lokaler Ebene unerwartet erfolgreich, wir hatten sehr, sehr viele Auftritte in Stadt &amp; Region und sehr, sehr viel Spa\u00df dabei. Unsere Musik roch nicht mal ansatzweise nach Jazz; eine Zeit lang nannten wir unseren Sound \u201dPowerfolk\u201d. Erstaunlich zutreffend, auch aus heutiger Perspektive.<\/p>\n\n\n\n<p>Als ich mich also nach Abitur und Zivildienst Anfang der 90er nach einem Studienort umsah, der mir meine gew\u00fcnschten F\u00e4cher bot und dabei nicht allzu weit weg von Wilhelmshaven war (die Auftritte gingen ja weiter), suchte ich mir M\u00fcnster aus. Und war in meinen ersten Jahren dort tats\u00e4chlich auch einmal beim Jazz-Festival, es m\u00fcsste 1993 gewesen sein.<\/p>\n\n\n\n<p>Der Jazz begleitete mich also weiter, aber meistens nur als Fan und H\u00f6rer. Ich wollte ja nie Profi-Musiker werden, das war mir immer klar \u2013 wahrscheinlich, weil ich mich einfach nicht traute. Mein Leben bestand ja schon aus sehr viel Musik, und das dann auch als Lebensunterhalt  zu machen, erschien mir wohl \u2026 einfach zu abenteuerlich, denke ich.<\/p>\n\n\n\n<p>Und Abenteuer bot mir mein \u201dIrgendwas mit Medien\u201d-Studium in M\u00fcnster mit paralleler Band-Geschichte in Wilhelmshaven auch so schon genug. Vor allem lernte ich in dieser Zeit viele Menschen kennen, die mir bis heute sehr am Herzen liegen. Zu diesen geh\u00f6rte damals auch Clau(dia). <\/p>\n\n\n\n<h2 class=\"wp-block-heading\"><strong><a href=\"https:\/\/www.youtube.com\/watch?v=rcdZh9owpwQ\" target=\"_blank\" rel=\"noreferrer noopener\">Little Girl Blue<\/a><\/strong><\/h2>\n\n\n\n<p>Clau und ich hatten Ende der 90er sogar mal eine kurzlebige gemeinsame Band, in der sie ein paar St\u00fccke sang \u2013 auf der Hochzeit ihres Bruders 1999. Noch ein paar Jahre sp\u00e4ter spielte ich dann mit meiner m\u00fcnsterischen Outlaw-Country-Band BARN PAIN auf Claus Hochzeit im Sauerland. Dann verloren wir uns ein bisschen aus den Augen. Jetzt nochmal einen gr\u00f6\u00dferen Zeitsprung in die Gegenwart \u2013 und zu Claus Konzert-Einladung, die sie im Februar 2022 an mich schickte:<\/p>\n\n\n\n<figure class=\"wp-block-image size-large\"><img loading=\"lazy\" decoding=\"async\" width=\"1024\" height=\"781\" data-attachment-id=\"2987\" data-permalink=\"https:\/\/timschraubtbass.tim-stelzer.de\/?attachment_id=2987\" data-orig-file=\"https:\/\/timschraubtbass.tim-stelzer.de\/wp-content\/uploads\/2022\/11\/3dcbb18b05ea9f28a4244ffdf4bd5f5313d5d80a7a32053fe697f67003c1ae3d.jpg\" data-orig-size=\"2048,1562\" data-comments-opened=\"1\" data-image-meta=\"{&quot;aperture&quot;:&quot;0&quot;,&quot;credit&quot;:&quot;&quot;,&quot;camera&quot;:&quot;&quot;,&quot;caption&quot;:&quot;&quot;,&quot;created_timestamp&quot;:&quot;0&quot;,&quot;copyright&quot;:&quot;&quot;,&quot;focal_length&quot;:&quot;0&quot;,&quot;iso&quot;:&quot;0&quot;,&quot;shutter_speed&quot;:&quot;0&quot;,&quot;title&quot;:&quot;&quot;,&quot;orientation&quot;:&quot;0&quot;}\" data-image-title=\"3dcbb18b05ea9f28a4244ffdf4bd5f5313d5d80a7a32053fe697f67003c1ae3d\" data-image-description=\"\" data-image-caption=\"\" data-large-file=\"https:\/\/timschraubtbass.tim-stelzer.de\/wp-content\/uploads\/2022\/11\/3dcbb18b05ea9f28a4244ffdf4bd5f5313d5d80a7a32053fe697f67003c1ae3d-1024x781.jpg\" src=\"https:\/\/timschraubtbass.tim-stelzer.de\/wp-content\/uploads\/2022\/11\/3dcbb18b05ea9f28a4244ffdf4bd5f5313d5d80a7a32053fe697f67003c1ae3d-1024x781.jpg\" alt=\"\" class=\"wp-image-2987\" srcset=\"https:\/\/timschraubtbass.tim-stelzer.de\/wp-content\/uploads\/2022\/11\/3dcbb18b05ea9f28a4244ffdf4bd5f5313d5d80a7a32053fe697f67003c1ae3d-1024x781.jpg 1024w, https:\/\/timschraubtbass.tim-stelzer.de\/wp-content\/uploads\/2022\/11\/3dcbb18b05ea9f28a4244ffdf4bd5f5313d5d80a7a32053fe697f67003c1ae3d-300x229.jpg 300w, https:\/\/timschraubtbass.tim-stelzer.de\/wp-content\/uploads\/2022\/11\/3dcbb18b05ea9f28a4244ffdf4bd5f5313d5d80a7a32053fe697f67003c1ae3d-768x586.jpg 768w, https:\/\/timschraubtbass.tim-stelzer.de\/wp-content\/uploads\/2022\/11\/3dcbb18b05ea9f28a4244ffdf4bd5f5313d5d80a7a32053fe697f67003c1ae3d-1536x1172.jpg 1536w, https:\/\/timschraubtbass.tim-stelzer.de\/wp-content\/uploads\/2022\/11\/3dcbb18b05ea9f28a4244ffdf4bd5f5313d5d80a7a32053fe697f67003c1ae3d.jpg 2048w\" sizes=\"auto, (max-width: 767px) 89vw, (max-width: 1000px) 54vw, (max-width: 1071px) 543px, 580px\" \/><\/figure>\n\n\n\n<p><\/p>\n\n\n\n<p>What??? Ich war (milde ausgedr\u00fcckt) komplett \u00fcberrascht \u2013 Clau singt in einer Jazz-Band? Ein Chet-Baker-Tributprogramm? Mit <a rel=\"noreferrer noopener\" href=\"http:\/\/www.patricsiewert.de\" target=\"_blank\">Patric Siewert<\/a> am Bass??<\/p>\n\n\n\n<p>Da ich mittlerweile meiner Gitarren- und Bass-Leidenschaft wieder in vollem Umfang nachging, hatte ich schon etliche <a rel=\"noreferrer noopener\" href=\"http:\/\/www.patricsiewert.de\/media\/BP-2019-01-PatricSiewert.pdf\" target=\"_blank\">Artikel \u00fcber Patric<\/a> gelesen, ein paar Videos gecheckt und ihn als einen der profiliertesten Jazz-E-Bassisten im Land abgespeichert.  <br \/><br \/>Mein erstaunte Nachfrage ergab folgende Geschichte: Oliver Schroer ist nicht nur Jazz-Pianist, sondern auch Kirchenmusiker. Unter anderem in der Gemeinde in Bochum, in der Clau inzwischen Pastorin ist. Die beiden lernten sich n\u00e4her und Clau dabei auch die Welt des Jazz kennen. Die beiden begannen, zusammen Musik zu machen. Die Idee zu einem <a rel=\"noreferrer noopener\" href=\"https:\/\/www.youtube.com\/watch?v=6KRvMNzKYMs\" target=\"_blank\">Chet-Baker-Tributprogramm<\/a> entstand. Die Einbeziehung von Patric Siewert ergab sich ganz nat\u00fcrlich, denn Oliver &amp; er machen sowieso dauernd <a rel=\"noreferrer noopener\" href=\"https:\/\/www.spamjazztrio.de\/\" target=\"_blank\">zusammen Musik<\/a>. So \u00e4hnlich lief es, sehr kurz zusammengefasst.<\/p>\n\n\n\n<h2 class=\"wp-block-heading\"><strong><a href=\"https:\/\/www.youtube.com\/watch?v=vFQcXcwesjA\" target=\"_blank\" rel=\"noreferrer noopener\">How Long Has This Been Going On?<\/a><\/strong><\/h2>\n\n\n\n<p>Ich ging dann nat\u00fcrlich zum Auftritt in M\u00fcnster, was die erste Begegnung mit Clau seit vielen Jahren war. Das Konzert machte mir gro\u00dfe Freude:<\/p>\n\n\n\n<figure class=\"wp-block-image size-large\"><img loading=\"lazy\" decoding=\"async\" width=\"1024\" height=\"768\" data-attachment-id=\"2958\" data-permalink=\"https:\/\/timschraubtbass.tim-stelzer.de\/?attachment_id=2958\" data-orig-file=\"https:\/\/timschraubtbass.tim-stelzer.de\/wp-content\/uploads\/2022\/08\/IMG_6694D-scaled.jpg\" data-orig-size=\"2560,1920\" data-comments-opened=\"1\" data-image-meta=\"{&quot;aperture&quot;:&quot;1.6&quot;,&quot;credit&quot;:&quot;&quot;,&quot;camera&quot;:&quot;iPhone 13&quot;,&quot;caption&quot;:&quot;&quot;,&quot;created_timestamp&quot;:&quot;1645355446&quot;,&quot;copyright&quot;:&quot;&quot;,&quot;focal_length&quot;:&quot;5.1&quot;,&quot;iso&quot;:&quot;250&quot;,&quot;shutter_speed&quot;:&quot;0.02&quot;,&quot;title&quot;:&quot;&quot;,&quot;orientation&quot;:&quot;1&quot;}\" data-image-title=\"IMG_6694D\" data-image-description=\"\" data-image-caption=\"\" data-large-file=\"https:\/\/timschraubtbass.tim-stelzer.de\/wp-content\/uploads\/2022\/08\/IMG_6694D-1024x768.jpg\" src=\"https:\/\/timschraubtbass.tim-stelzer.de\/wp-content\/uploads\/2022\/08\/IMG_6694D-1024x768.jpg\" alt=\"\" class=\"wp-image-2958\" srcset=\"https:\/\/timschraubtbass.tim-stelzer.de\/wp-content\/uploads\/2022\/08\/IMG_6694D-1024x768.jpg 1024w, https:\/\/timschraubtbass.tim-stelzer.de\/wp-content\/uploads\/2022\/08\/IMG_6694D-300x225.jpg 300w, https:\/\/timschraubtbass.tim-stelzer.de\/wp-content\/uploads\/2022\/08\/IMG_6694D-768x576.jpg 768w, https:\/\/timschraubtbass.tim-stelzer.de\/wp-content\/uploads\/2022\/08\/IMG_6694D-1536x1152.jpg 1536w, https:\/\/timschraubtbass.tim-stelzer.de\/wp-content\/uploads\/2022\/08\/IMG_6694D-2048x1536.jpg 2048w\" sizes=\"auto, (max-width: 767px) 89vw, (max-width: 1000px) 54vw, (max-width: 1071px) 543px, 580px\" \/><\/figure>\n\n\n\n<figure class=\"wp-block-image size-large\"><img loading=\"lazy\" decoding=\"async\" width=\"1024\" height=\"768\" data-attachment-id=\"2960\" data-permalink=\"https:\/\/timschraubtbass.tim-stelzer.de\/?attachment_id=2960\" data-orig-file=\"https:\/\/timschraubtbass.tim-stelzer.de\/wp-content\/uploads\/2022\/08\/IMG_6708D-scaled.jpg\" data-orig-size=\"2560,1920\" data-comments-opened=\"1\" data-image-meta=\"{&quot;aperture&quot;:&quot;1.6&quot;,&quot;credit&quot;:&quot;&quot;,&quot;camera&quot;:&quot;iPhone 13&quot;,&quot;caption&quot;:&quot;&quot;,&quot;created_timestamp&quot;:&quot;1645357359&quot;,&quot;copyright&quot;:&quot;&quot;,&quot;focal_length&quot;:&quot;5.1&quot;,&quot;iso&quot;:&quot;200&quot;,&quot;shutter_speed&quot;:&quot;0.02&quot;,&quot;title&quot;:&quot;&quot;,&quot;orientation&quot;:&quot;1&quot;}\" data-image-title=\"IMG_6708D\" data-image-description=\"\" data-image-caption=\"\" data-large-file=\"https:\/\/timschraubtbass.tim-stelzer.de\/wp-content\/uploads\/2022\/08\/IMG_6708D-1024x768.jpg\" src=\"https:\/\/timschraubtbass.tim-stelzer.de\/wp-content\/uploads\/2022\/08\/IMG_6708D-1024x768.jpg\" alt=\"\" class=\"wp-image-2960\" srcset=\"https:\/\/timschraubtbass.tim-stelzer.de\/wp-content\/uploads\/2022\/08\/IMG_6708D-1024x768.jpg 1024w, https:\/\/timschraubtbass.tim-stelzer.de\/wp-content\/uploads\/2022\/08\/IMG_6708D-300x225.jpg 300w, https:\/\/timschraubtbass.tim-stelzer.de\/wp-content\/uploads\/2022\/08\/IMG_6708D-768x576.jpg 768w, https:\/\/timschraubtbass.tim-stelzer.de\/wp-content\/uploads\/2022\/08\/IMG_6708D-1536x1152.jpg 1536w, https:\/\/timschraubtbass.tim-stelzer.de\/wp-content\/uploads\/2022\/08\/IMG_6708D-2048x1536.jpg 2048w\" sizes=\"auto, (max-width: 767px) 89vw, (max-width: 1000px) 54vw, (max-width: 1071px) 543px, 580px\" \/><\/figure>\n\n\n\n<p>\u201cA Tribute to Chet Baker\u201d besteht sowohl aus rein instrumental gespielten St\u00fccken als auch aus St\u00fccken mit Gesang von Clau. Au\u00dferdem werden einige Texte vorgetragen, die Leben und Werk von Mr. Baker erz\u00e4hlen und illustrieren. Ich fand&#8217;s sehr gelungen, nicht nur musikalisch, auch konzeptionell. Eine kongeniale W\u00fcrdigung einer der faszinierendsten (und auch tragischsten) Figuren der Jazzgeschichte. Und Matthias Beckmann an der Trompete fand genau den richtigen Ton daf\u00fcr.<\/p>\n\n\n\n<p>\u00dcber die brillant spielende Band war ich sowieso h\u00f6chst erfreut. Alles Profis an ihren Instrumenten und vor allem so richtig durch und durch Jazzer. Ein Erlebnis. Was mich immer besonders beeindruckt, ist absolute Timing-Festigkeit auch ohne Drummer. Wenn ich f\u00fcr mich alleine spiele, muss ich mich oft sehr konzentrieren, um im Groove zu bleiben. Ich bin halt immer Band-Musiker im Bereich Rock\/Pop\/Folk\/Blues\/Country gewesen und habe dabei meistens einen kompetenten Schlagzeuger zur Seite gehabt, dessen Beat mich f\u00fchrte und mit dem ich zusammen grooven konnte (im besten Fall). Aber hier spielten alle ohne Schlagzeug oder sonstigen externen Beat zum \u201dDraufsetzen\u201d immer absolut perfekt auf den Punkt zusammen \u2013 durch alle Breaks und rhythmischen Windungen hindurch. Geil.<\/p>\n\n\n\n<p>Ich achtete nat\u00fcrlich vorrangig auf Patrics Bassspiel und war ziemlich hingerissen. Wahnsinns-Fretlesssound und perfekte Intonation, inspirierte Linien und wunderbar melodische Soli. Bei denen er oft, ganz der klassischer Jazzer, jede Note leise Mitsang:<\/p>\n\n\n\n<figure class=\"wp-block-video\"><video height=\"1080\" style=\"aspect-ratio: 1920 \/ 1080;\" width=\"1920\" controls src=\"https:\/\/timschraubtbass.tim-stelzer.de\/wp-content\/uploads\/2022\/11\/IMG_6727.mov\"><\/video><figcaption class=\"wp-element-caption\">Dobedobedobeee \u2026 dobedo!<\/figcaption><\/figure>\n\n\n\n<p>\u00c4hnlich kann man das in diesem Video von Patric h\u00f6ren:<\/p>\n\n\n\n<figure class=\"wp-block-embed is-type-video is-provider-youtube wp-block-embed-youtube wp-embed-aspect-16-9 wp-has-aspect-ratio\"><div class=\"wp-block-embed__wrapper\">\n<span class=\"embed-youtube\" style=\"text-align:center; display: block;\"><iframe loading=\"lazy\" class=\"youtube-player\" width=\"525\" height=\"296\" src=\"https:\/\/www.youtube.com\/embed\/1zWPYX9akVo?version=3&#038;rel=1&#038;showsearch=0&#038;showinfo=1&#038;iv_load_policy=1&#038;fs=1&#038;hl=de-DE&#038;autohide=2&#038;wmode=transparent\" allowfullscreen=\"true\" style=\"border:0;\" sandbox=\"allow-scripts allow-same-origin allow-popups allow-presentation allow-popups-to-escape-sandbox\"><\/iframe><\/span>\n<\/div><\/figure>\n\n\n\n<p><\/p>\n\n\n\n<p>Er spielt, wie man sieht (seht ihr doch, oder??), einen <a rel=\"noreferrer noopener\" href=\"https:\/\/bassline-bass.de\/portfolio-view\/worp\/\" target=\"_blank\">Worp von Bassline<\/a>. Also aus der Schmiede, die mir <a href=\"http:\/\/timschraubtbass.tim-stelzer.de\/?p=89\" data-type=\"URL\" data-id=\"timschraubtbass.tim-stelzer.de\/?p=89\">die Teile f\u00fcr meinen Schraubbass<\/a> gefertigt &amp; geliefert hat. Sch\u00f6ner Zufall! Wir kamen nach dem Konzert auch noch ins Gespr\u00e4ch, das wir dann sp\u00e4ter beim Mittagessen mit der ganzen Band noch etwas vertiefen konnten. Ich erz\u00e4hlte dabei auch von meiner eigenen Baker-Begegnung in den 80ern in Wilhelmshaven.<\/p>\n\n\n\n<p>Patric reihte sich au\u00dferdem nahtlos ein in die Reihe von \u00e4u\u00dferst sympathischen Profi-Bassisten, mit denen ich mich schon mal pers\u00f6nlich austauschen konnte. Und ein Selfie machen durfte. Bei bester Laune aller Beteiligten. \ud83d\ude09<\/p>\n\n\n<div class=\"wp-block-image is-style-rectangular\">\n<figure class=\"aligncenter is-resized\"><img loading=\"lazy\" decoding=\"async\" data-attachment-id=\"2961\" data-permalink=\"https:\/\/timschraubtbass.tim-stelzer.de\/?attachment_id=2961\" data-orig-file=\"https:\/\/timschraubtbass.tim-stelzer.de\/wp-content\/uploads\/2022\/08\/IMG_6728D-scaled.jpg\" data-orig-size=\"2560,1920\" data-comments-opened=\"1\" data-image-meta=\"{&quot;aperture&quot;:&quot;2.2&quot;,&quot;credit&quot;:&quot;&quot;,&quot;camera&quot;:&quot;iPhone 13&quot;,&quot;caption&quot;:&quot;&quot;,&quot;created_timestamp&quot;:&quot;1645361066&quot;,&quot;copyright&quot;:&quot;&quot;,&quot;focal_length&quot;:&quot;2.71&quot;,&quot;iso&quot;:&quot;250&quot;,&quot;shutter_speed&quot;:&quot;0.03030303030303&quot;,&quot;title&quot;:&quot;&quot;,&quot;orientation&quot;:&quot;1&quot;}\" data-image-title=\"IMG_6728D\" data-image-description=\"\" data-image-caption=\"\" data-large-file=\"https:\/\/timschraubtbass.tim-stelzer.de\/wp-content\/uploads\/2022\/08\/IMG_6728D-1024x768.jpg\" src=\"https:\/\/timschraubtbass.tim-stelzer.de\/wp-content\/uploads\/2022\/08\/IMG_6728D-1024x768.jpg\" alt=\"\" class=\"wp-image-2961\" width=\"313\" height=\"234\" srcset=\"https:\/\/timschraubtbass.tim-stelzer.de\/wp-content\/uploads\/2022\/08\/IMG_6728D-1024x768.jpg 1024w, https:\/\/timschraubtbass.tim-stelzer.de\/wp-content\/uploads\/2022\/08\/IMG_6728D-300x225.jpg 300w, https:\/\/timschraubtbass.tim-stelzer.de\/wp-content\/uploads\/2022\/08\/IMG_6728D-768x576.jpg 768w, https:\/\/timschraubtbass.tim-stelzer.de\/wp-content\/uploads\/2022\/08\/IMG_6728D-1536x1152.jpg 1536w, https:\/\/timschraubtbass.tim-stelzer.de\/wp-content\/uploads\/2022\/08\/IMG_6728D-2048x1536.jpg 2048w\" sizes=\"auto, (max-width: 313px) 100vw, 313px\" \/><\/figure>\n<\/div>\n\n<div class=\"wp-block-image\">\n<figure class=\"aligncenter size-large is-resized\"><img loading=\"lazy\" decoding=\"async\" data-attachment-id=\"3007\" data-permalink=\"https:\/\/timschraubtbass.tim-stelzer.de\/?attachment_id=3007\" data-orig-file=\"https:\/\/timschraubtbass.tim-stelzer.de\/wp-content\/uploads\/2022\/11\/IMG_6729D-edited-e1669805067136.jpg\" data-orig-size=\"1733,1255\" data-comments-opened=\"1\" data-image-meta=\"{&quot;aperture&quot;:&quot;2.2&quot;,&quot;credit&quot;:&quot;&quot;,&quot;camera&quot;:&quot;iPhone 13&quot;,&quot;caption&quot;:&quot;&quot;,&quot;created_timestamp&quot;:&quot;1645361068&quot;,&quot;copyright&quot;:&quot;&quot;,&quot;focal_length&quot;:&quot;2.71&quot;,&quot;iso&quot;:&quot;250&quot;,&quot;shutter_speed&quot;:&quot;0.03030303030303&quot;,&quot;title&quot;:&quot;&quot;,&quot;orientation&quot;:&quot;1&quot;}\" data-image-title=\"IMG_6729D\" data-image-description=\"\" data-image-caption=\"\" data-large-file=\"https:\/\/timschraubtbass.tim-stelzer.de\/wp-content\/uploads\/2022\/11\/IMG_6729D-edited-e1669805067136-1024x742.jpg\" src=\"https:\/\/timschraubtbass.tim-stelzer.de\/wp-content\/uploads\/2022\/11\/IMG_6729D-edited-e1669805067136-1024x742.jpg\" alt=\"\" class=\"wp-image-3007\" width=\"239\" height=\"173\" srcset=\"https:\/\/timschraubtbass.tim-stelzer.de\/wp-content\/uploads\/2022\/11\/IMG_6729D-edited-e1669805067136-1024x742.jpg 1024w, https:\/\/timschraubtbass.tim-stelzer.de\/wp-content\/uploads\/2022\/11\/IMG_6729D-edited-e1669805067136-300x217.jpg 300w, https:\/\/timschraubtbass.tim-stelzer.de\/wp-content\/uploads\/2022\/11\/IMG_6729D-edited-e1669805067136-768x556.jpg 768w, https:\/\/timschraubtbass.tim-stelzer.de\/wp-content\/uploads\/2022\/11\/IMG_6729D-edited-e1669805067136-1536x1112.jpg 1536w, https:\/\/timschraubtbass.tim-stelzer.de\/wp-content\/uploads\/2022\/11\/IMG_6729D-edited-e1669805067136.jpg 1733w\" sizes=\"auto, (max-width: 239px) 100vw, 239px\" \/><\/figure>\n<\/div>\n\n\n<p>Was f\u00fcr ein wundervolles Konzerterlebnis! Klar, ist jetzt schon ein paar Tage her (20. Februar 2022), aber dieses Jahr war mal wieder so viel los, dass Bloggen auf meiner To-Do-Liste etwas nach unten rutschte.<\/p>\n\n\n\n<p>Doch es war eben ein besonderes Konzert. Was sich im weiteren Nachgang best\u00e4tigte. Denn ich berichtete nat\u00fcrlich meinem Vater von meinem Konzertbesuch. Und weil ich wusste, dass er sich damals oft Notizen zu Konzertbesuchen gemacht hat (z. B. mit Zetteln in LP- und CD-Covern), fragte ich ihn, ob er zuf\u00e4llig auch den genauen Termin des Chet-Baker-Konzerts im Pumpwerk irgendwo notiert habe.<\/p>\n\n\n\n<p>Hatte er. Und schrieb zur\u00fcck: \u201dZuf\u00e4lle gibt&#8217;s. Es war der 20. Februar 1987.\u201d<\/p>\n\n\n\n<p>Also auf den Tag genau 35 Jahre vor dem Tribut-Konzert in M\u00fcnster.<\/p>\n\n\n\n<p>Um es mit der Reaktion von Clau zusammenzufassen, als ich ihr das berichtete: \u201dWhat?!?! Das ist wirklich unfassbar!!!&#8220;<\/p>\n\n\n\n<p>Soweit also zu Zeit und Raum und den unvorhersehbaren Verwicklungen, Entwicklungen und Verbindungen, die sie schaffen.<\/p>\n\n\n\n<p>Wobei: Eine Fu\u00dfnote gibt&#8217;s noch dazu.<\/p>\n\n\n\n<h2 class=\"wp-block-heading\"><strong><a href=\"https:\/\/www.youtube.com\/watch?v=hk_Q5L1CwzU\" target=\"_blank\" rel=\"noreferrer noopener\">Time on My Hands<\/a><\/strong><\/h2>\n\n\n\n<p>Denn am Wochenende darauf waren Freunde von uns zu Besuch bei uns, <a rel=\"noreferrer noopener\" href=\"https:\/\/www.sto-ms.de\/ganz-pers\u00f6nlich\/andrea-hansen\/\" target=\"_blank\">Andrea<\/a> und <a rel=\"noreferrer noopener\" href=\"https:\/\/www.heddergott.de\" target=\"_blank\">Kai<\/a>. Wir a\u00dfen zusammen &amp; sa\u00dfen sch\u00f6n beisammen und ich erz\u00e4hlte bei der Gelegenheit, dass ich gerade beim ersten Konzert nach langer Zeit gewesen war. Als ich dann kurz die Geschichte dahinter zusammenfasste und auch die (Vor-)Namen der Beteiligten nannte, runzelte Andrea die Stirn. Und fragte: \u201dWie hei\u00dft denn dieser Oliver mit Nachnamen?\u201d<\/p>\n\n\n\n<p>Ja, genau: Sie kannte ihn. Sogar ganz gut. Die beiden waren rund 30 Jahre zuvor Teil der gleichen \u201dClique\u201d, wie man so sch\u00f6n sagte, in Oberhausen. Und <a rel=\"noreferrer noopener\" href=\"https:\/\/www.waz.de\/staedte\/vest\/jazzpianist-laesst-finger-fliegen-id10639368.html\" target=\"_blank\">Oliver<\/a> war nat\u00fcrlich damals schon Jazz-begeisterter Pianist, was Andrea auf den Gedanken brachte: \u201dMoment: ein Oliver, Pianist, Jazz-Musiker, Gro\u00dfraum Oberhausen\/Bochum, unsere Altersgruppe \u2013 den kenne ich doch!\u201d \ud83d\ude09<\/p>\n\n\n\n<p>Auch hier fasst die Reaktion von Clau, als ich \u00fcber sie Gr\u00fc\u00dfe von Andrea an Oliver ausrichten lie\u00df, die Sachlage sehr gut zusammen: \u201dAber wirklich verr\u00fcckt, oder? Diese Verzweigungen manchmal \u2013 unglaublich!\u201d<\/p>\n\n\n\n<h2 class=\"wp-block-heading\"><strong><a href=\"https:\/\/www.youtube.com\/watch?v=xh0zl9YlSoI\" target=\"_blank\" rel=\"noreferrer noopener\">Strollin&#8216;<\/a><\/strong><\/h2>\n\n\n\n<p>Dieser kleine Spaziergang durch Jazz, Zeit und Raum war eines der sch\u00f6neren Erlebnisse 2022. Es gibt aber durchaus noch mehr zu schreiben \u2013 und ich sehe zu, dass ich das auch wieder etwas regelm\u00e4\u00dfiger mache. Also demn\u00e4chst mehr an dieser Stelle. \u00dcber Musik, B\u00e4sse, Gitarren und das Leben \u2013 wie immer hier im Blog. Oder, wie Mr. Baker das vielleicht zusammenfassen w\u00fcrde: <a rel=\"noreferrer noopener\" href=\"https:\/\/www.youtube.com\/watch?v=gvMXvrb1QbM\" target=\"_blank\">These Foolish Things<\/a>.<\/p>\n\n\n\n<h2 class=\"wp-block-heading\"><strong>Bis hoffentlich bald also \u2013 stay tuned!<\/strong><\/h2>\n\n\n\n<p><\/p>\n\n\n\n<p><\/p>\n\n\n\n<p><\/p>\n\n\n\n<p><\/p>\n\n\n\n<p><\/p>\n\n\n\n<p><\/p>\n\n\n\n<p><\/p>\n\n\n\n<p><\/p>\n\n\n\n<p><\/p>\n","protected":false},"excerpt":{"rendered":"<p>Die Geschichte(n) mit Chet Vor \u00fcber einem halben Jahr habe ich ein Konzert besucht \u2013 so ziemlich das erste, bei dem ich seit Ausbruch der Pandemie war. Und da sich daraus nicht nur eine sehr sch\u00f6ne Bass-Begegnung, sondern auch (mindestens) eine erz\u00e4hlenswerte Geschichte ergab, will ich diese nun endlich mal aufschreiben. Let&#8217;s get lost \u2013 &hellip; <\/p>\n<p class=\"link-more\"><a href=\"https:\/\/timschraubtbass.tim-stelzer.de\/?p=2957\" class=\"more-link\"><span class=\"screen-reader-text\">\u201e97 TIME AFTER TIME\u201c <\/span>weiterlesen<\/a><\/p>\n","protected":false},"author":1,"featured_media":0,"comment_status":"open","ping_status":"open","sticky":false,"template":"","format":"standard","meta":{"jetpack_post_was_ever_published":false,"_jetpack_newsletter_access":"","_jetpack_dont_email_post_to_subs":false,"_jetpack_newsletter_tier_id":0,"_jetpack_memberships_contains_paywalled_content":false,"_jetpack_memberships_contains_paid_content":false,"footnotes":"","jetpack_publicize_message":"Endlich wieder was Neues von #timschraubtbass: Mein Bericht \u00fcber ein Konzerterlebnis, das unerwartete Verbindungen durch Zeit & Raum schuf. Enjoy!","jetpack_publicize_feature_enabled":true,"jetpack_social_post_already_shared":true,"jetpack_social_options":{"image_generator_settings":{"template":"highway","default_image_id":0,"font":"","enabled":false},"version":2}},"categories":[1],"tags":[71,75,72,76,9,74,73,45,13,27],"class_list":["post-2957","post","type-post","status-publish","format-standard","hentry","category-allgemein","tag-chet-baker","tag-claudia-frank","tag-jazz","tag-matthias-beckmann","tag-muenster","tag-oliver-schroer","tag-patric-siewert","tag-tim-stelzer","tag-timschraubtbass","tag-wilhelmshaven"],"jetpack_publicize_connections":[],"jetpack_featured_media_url":"","jetpack_sharing_enabled":true,"jetpack_shortlink":"https:\/\/wp.me\/p8SMry-LH","jetpack-related-posts":[{"id":3120,"url":"https:\/\/timschraubtbass.tim-stelzer.de\/?p=3120","url_meta":{"origin":2957,"position":0},"title":"99 TAUSEND PL\u00c4NE","author":"timschraubtbass","date":"15. Mai 2023","format":false,"excerpt":"\u201dThe past is never dead. It's not even past.\u201d Das Zitat ist ber\u00fchmt. Aber so richtig verstanden habe ich es erst in den letzten Monaten. Denn da ist meine Vergangenheit pl\u00f6tzlich wieder h\u00f6chst lebendig in mein Leben getreten \u2013 was mir bis heute gro\u00dfe Freude macht. Das alles hat nat\u00fcrlich\u2026","rel":"","context":"In &quot;Allgemein&quot;","block_context":{"text":"Allgemein","link":"https:\/\/timschraubtbass.tim-stelzer.de\/?cat=1"},"img":{"alt_text":"","src":"https:\/\/i0.wp.com\/timschraubtbass.tim-stelzer.de\/wp-content\/uploads\/2023\/05\/IMG_1369-scaled.jpg?resize=350%2C200&ssl=1","width":350,"height":200,"srcset":"https:\/\/i0.wp.com\/timschraubtbass.tim-stelzer.de\/wp-content\/uploads\/2023\/05\/IMG_1369-scaled.jpg?resize=350%2C200&ssl=1 1x, https:\/\/i0.wp.com\/timschraubtbass.tim-stelzer.de\/wp-content\/uploads\/2023\/05\/IMG_1369-scaled.jpg?resize=525%2C300&ssl=1 1.5x, https:\/\/i0.wp.com\/timschraubtbass.tim-stelzer.de\/wp-content\/uploads\/2023\/05\/IMG_1369-scaled.jpg?resize=700%2C400&ssl=1 2x, https:\/\/i0.wp.com\/timschraubtbass.tim-stelzer.de\/wp-content\/uploads\/2023\/05\/IMG_1369-scaled.jpg?resize=1050%2C600&ssl=1 3x, https:\/\/i0.wp.com\/timschraubtbass.tim-stelzer.de\/wp-content\/uploads\/2023\/05\/IMG_1369-scaled.jpg?resize=1400%2C800&ssl=1 4x"},"classes":[]},{"id":2435,"url":"https:\/\/timschraubtbass.tim-stelzer.de\/?p=2435","url_meta":{"origin":2957,"position":1},"title":"87 JIVE TALKIN&#8216;","author":"timschraubtbass","date":"22. September 2020","format":false,"excerpt":"\u201dYou got so much!\u201d Effektger\u00e4te? F\u00fcr den Bass? F\u00fcr meinen Bass? Anfang der 90er, in meiner hei\u00dfen Zeit als Bassist & Co-S\u00e4nger einer kleinen, feinen Power-Pop-Combo in meiner Heimatstadt Wilhelmshaven, hie\u00df meine Antwort stets \u201dOch \u2026 N\u00f6.\u201d Ich hatte schon genug mit gleichzeitig Bass spielen, singen und Text vergessen zu\u2026","rel":"","context":"In &quot;Allgemein&quot;","block_context":{"text":"Allgemein","link":"https:\/\/timschraubtbass.tim-stelzer.de\/?cat=1"},"img":{"alt_text":"","src":"https:\/\/i0.wp.com\/timschraubtbass.tim-stelzer.de\/wp-content\/uploads\/2017\/09\/IMG_0863.jpg?resize=350%2C200&ssl=1","width":350,"height":200,"srcset":"https:\/\/i0.wp.com\/timschraubtbass.tim-stelzer.de\/wp-content\/uploads\/2017\/09\/IMG_0863.jpg?resize=350%2C200&ssl=1 1x, https:\/\/i0.wp.com\/timschraubtbass.tim-stelzer.de\/wp-content\/uploads\/2017\/09\/IMG_0863.jpg?resize=525%2C300&ssl=1 1.5x, https:\/\/i0.wp.com\/timschraubtbass.tim-stelzer.de\/wp-content\/uploads\/2017\/09\/IMG_0863.jpg?resize=700%2C400&ssl=1 2x, https:\/\/i0.wp.com\/timschraubtbass.tim-stelzer.de\/wp-content\/uploads\/2017\/09\/IMG_0863.jpg?resize=1050%2C600&ssl=1 3x, https:\/\/i0.wp.com\/timschraubtbass.tim-stelzer.de\/wp-content\/uploads\/2017\/09\/IMG_0863.jpg?resize=1400%2C800&ssl=1 4x"},"classes":[]},{"id":1214,"url":"https:\/\/timschraubtbass.tim-stelzer.de\/?p=1214","url_meta":{"origin":2957,"position":2},"title":"56 BASS WIN ICH?","author":"timschraubtbass","date":"4. Februar 2018","format":false,"excerpt":"Tim schraubt Berlin, Teil 1: \u201dBass win ich?\u201dIch wache auf. Es ist Dienstag, der 30.1.2018, wie ich sp\u00e4ter feststelle. Viel sp\u00e4ter. Denn ich merke erstmal nur eins: Ich habe einen Kater Garfieldscher Ausma\u00dfe. Puh. Sch\u00f6n langsam jetzt. Wo bin ich? Ich wei\u00df es nicht. Sch\u00e4del dr\u00f6hnt, Mund klebt. Tief durchatmen.\u00a0Was?\u2026","rel":"","context":"In &quot;Allgemein&quot;","block_context":{"text":"Allgemein","link":"https:\/\/timschraubtbass.tim-stelzer.de\/?cat=1"},"img":{"alt_text":"","src":"https:\/\/i0.wp.com\/tim-stelzer.de\/timschraubtbass\/wp-content\/uploads\/2018\/02\/IMG_1841-1024x768.jpg?resize=350%2C200","width":350,"height":200,"srcset":"https:\/\/i0.wp.com\/tim-stelzer.de\/timschraubtbass\/wp-content\/uploads\/2018\/02\/IMG_1841-1024x768.jpg?resize=350%2C200 1x, https:\/\/i0.wp.com\/tim-stelzer.de\/timschraubtbass\/wp-content\/uploads\/2018\/02\/IMG_1841-1024x768.jpg?resize=525%2C300 1.5x"},"classes":[]},{"id":1384,"url":"https:\/\/timschraubtbass.tim-stelzer.de\/?p=1384","url_meta":{"origin":2957,"position":3},"title":"65 DAS VERDAMMTE KLEINE \u201de\u201d","author":"timschraubtbass","date":"29. Juli 2018","format":false,"excerpt":"Abschied von Harald.An meiner Wand h\u00e4ngt ein neuer E-Bass. Nein. Er ist\u00a0nicht neu \u2013 er geh\u00f6rt meinem Freund Harald Kellermann. Nein. Er geh\u00f6rte Harald. Ich schaue auf den E-Bass, es ist ein sehr sch\u00f6ner Fender Jazz Bass, aber ich sehe nur dieses kleine \u201de\u201d, das aus \u201dgeh\u00f6rt\u201d einfach \u201dgeh\u00f6rte\u201d gemacht\u2026","rel":"","context":"In &quot;Allgemein&quot;","block_context":{"text":"Allgemein","link":"https:\/\/timschraubtbass.tim-stelzer.de\/?cat=1"},"img":{"alt_text":"","src":"https:\/\/i0.wp.com\/tim-stelzer.de\/timschraubtbass\/wp-content\/uploads\/2018\/07\/Tim-und-Claudia-150-744x1024.jpg?resize=350%2C200","width":350,"height":200,"srcset":"https:\/\/i0.wp.com\/tim-stelzer.de\/timschraubtbass\/wp-content\/uploads\/2018\/07\/Tim-und-Claudia-150-744x1024.jpg?resize=350%2C200 1x, https:\/\/i0.wp.com\/tim-stelzer.de\/timschraubtbass\/wp-content\/uploads\/2018\/07\/Tim-und-Claudia-150-744x1024.jpg?resize=525%2C300 1.5x"},"classes":[]},{"id":3572,"url":"https:\/\/timschraubtbass.tim-stelzer.de\/?p=3572","url_meta":{"origin":2957,"position":4},"title":"103 JAZZ SPASS (Teil 1)","author":"timschraubtbass","date":"4. Dezember 2024","format":false,"excerpt":"Vererbungsehre Mein 2018 verstorbener Freund Harald hat einen besonderen Platz hier in meinem Blog. Ich denke sehr oft an ihn \u2013 und das nicht nur, weil ich seinen Fender MIM Jazz Bass geerbt habe. Aus seinem Nachlass waren noch ein paar andere Sachen bei mir gelandet. Zum Beispiel ein Jazz-Bass-Hals.\u2026","rel":"","context":"In &quot;Allgemein&quot;","block_context":{"text":"Allgemein","link":"https:\/\/timschraubtbass.tim-stelzer.de\/?cat=1"},"img":{"alt_text":"","src":"https:\/\/i0.wp.com\/timschraubtbass.tim-stelzer.de\/wp-content\/uploads\/2024\/11\/17C7BD53-7F28-43EA-8B23-955946E8E443_1_201_a.jpeg?resize=350%2C200&ssl=1","width":350,"height":200,"srcset":"https:\/\/i0.wp.com\/timschraubtbass.tim-stelzer.de\/wp-content\/uploads\/2024\/11\/17C7BD53-7F28-43EA-8B23-955946E8E443_1_201_a.jpeg?resize=350%2C200&ssl=1 1x, https:\/\/i0.wp.com\/timschraubtbass.tim-stelzer.de\/wp-content\/uploads\/2024\/11\/17C7BD53-7F28-43EA-8B23-955946E8E443_1_201_a.jpeg?resize=525%2C300&ssl=1 1.5x, https:\/\/i0.wp.com\/timschraubtbass.tim-stelzer.de\/wp-content\/uploads\/2024\/11\/17C7BD53-7F28-43EA-8B23-955946E8E443_1_201_a.jpeg?resize=700%2C400&ssl=1 2x"},"classes":[]},{"id":894,"url":"https:\/\/timschraubtbass.tim-stelzer.de\/?p=894","url_meta":{"origin":2957,"position":5},"title":"42 THE NEXT LEVEL","author":"timschraubtbass","date":"20. Oktober 2017","format":false,"excerpt":"Life, the Universe, and Everything. Der 42. Blogbeitrag. Eine gute Zahl, um zwischendurch mal wieder ein paar \u00a0eher periphere Gedanken rund um mein Bassschraub- und Blog-Projekt zu formulieren. Oder sind es etwa doch eher sehr zentrale Gedanken?\u00a0 Ausgerechnet heute fr\u00fch bekam ich in meiner bevorzugten Muckibude diesen Schlie\u00dffachschl\u00fcssel ausgeh\u00e4ndigt: Auf\u2026","rel":"","context":"In &quot;Allgemein&quot;","block_context":{"text":"Allgemein","link":"https:\/\/timschraubtbass.tim-stelzer.de\/?cat=1"},"img":{"alt_text":"","src":"https:\/\/i0.wp.com\/tim-stelzer.de\/timschraubtbass\/wp-content\/uploads\/2017\/10\/IMG_1199-e1508490637794-997x1024.jpg?resize=350%2C200","width":350,"height":200,"srcset":"https:\/\/i0.wp.com\/tim-stelzer.de\/timschraubtbass\/wp-content\/uploads\/2017\/10\/IMG_1199-e1508490637794-997x1024.jpg?resize=350%2C200 1x, https:\/\/i0.wp.com\/tim-stelzer.de\/timschraubtbass\/wp-content\/uploads\/2017\/10\/IMG_1199-e1508490637794-997x1024.jpg?resize=525%2C300 1.5x"},"classes":[]}],"_links":{"self":[{"href":"https:\/\/timschraubtbass.tim-stelzer.de\/index.php?rest_route=\/wp\/v2\/posts\/2957","targetHints":{"allow":["GET"]}}],"collection":[{"href":"https:\/\/timschraubtbass.tim-stelzer.de\/index.php?rest_route=\/wp\/v2\/posts"}],"about":[{"href":"https:\/\/timschraubtbass.tim-stelzer.de\/index.php?rest_route=\/wp\/v2\/types\/post"}],"author":[{"embeddable":true,"href":"https:\/\/timschraubtbass.tim-stelzer.de\/index.php?rest_route=\/wp\/v2\/users\/1"}],"replies":[{"embeddable":true,"href":"https:\/\/timschraubtbass.tim-stelzer.de\/index.php?rest_route=%2Fwp%2Fv2%2Fcomments&post=2957"}],"version-history":[{"count":70,"href":"https:\/\/timschraubtbass.tim-stelzer.de\/index.php?rest_route=\/wp\/v2\/posts\/2957\/revisions"}],"predecessor-version":[{"id":3050,"href":"https:\/\/timschraubtbass.tim-stelzer.de\/index.php?rest_route=\/wp\/v2\/posts\/2957\/revisions\/3050"}],"wp:attachment":[{"href":"https:\/\/timschraubtbass.tim-stelzer.de\/index.php?rest_route=%2Fwp%2Fv2%2Fmedia&parent=2957"}],"wp:term":[{"taxonomy":"category","embeddable":true,"href":"https:\/\/timschraubtbass.tim-stelzer.de\/index.php?rest_route=%2Fwp%2Fv2%2Fcategories&post=2957"},{"taxonomy":"post_tag","embeddable":true,"href":"https:\/\/timschraubtbass.tim-stelzer.de\/index.php?rest_route=%2Fwp%2Fv2%2Ftags&post=2957"}],"curies":[{"name":"wp","href":"https:\/\/api.w.org\/{rel}","templated":true}]}}