{"id":2850,"date":"2021-09-10T20:12:11","date_gmt":"2021-09-10T18:12:11","guid":{"rendered":"https:\/\/timschraubtbass.tim-stelzer.de\/?p=2850"},"modified":"2021-09-11T09:13:56","modified_gmt":"2021-09-11T07:13:56","slug":"94-tims-marleaux-huldigung","status":"publish","type":"post","link":"https:\/\/timschraubtbass.tim-stelzer.de\/?p=2850","title":{"rendered":"94 TIMS MARLEAUX-HULDIGUNG"},"content":{"rendered":"\n<h2 class=\"wp-block-heading\"><strong>\u201e<a href=\"https:\/\/youtu.be\/fxK4iGx_bno\">With a little help from my friends<\/a>\u201c<\/strong><\/h2>\n\n\n\n<p><strong>Mein Beitrag zur \u201e<a rel=\"noreferrer noopener\" href=\"https:\/\/www.marleaux-bass.de\/challenge.html\" target=\"_blank\">Marleaux Video Challenge<\/a>\u201c: ein <a href=\"https:\/\/youtu.be\/1KBorxYsyMQ\">Video<\/a> nach dem bew\u00e4hrten #timschraubtbass-Prinzip.<\/strong><\/p>\n\n\n\n<p>Ich bin genauso wenig Video-K\u00fcnstler, wie ich Bass-Bauer bin. Aber wenn ich einen tollen Bass aus vorgefertigten Einzelteilen zusammenschrauben kann \u2014 schaffe ich das dann vielleicht auch mit einem Video?<\/p>\n\n\n\n<p>Welchen b\u00e4sseren Anlass als die \u201e<a href=\"https:\/\/www.marleaux-bass.de\/challenge.html\">Marleaux Video Challenge<\/a>\u201c k\u00f6nnte es geben, um das auszuprobieren? \ud83d\ude09<\/p>\n\n\n\n<p>Urteilt selbst \u2026 Es w\u00fcrde mich sehr freuen, wenn ihr meinem\/unserem Video ein Like gebt und es \u00fcberall teilt!<\/p>\n\n\n\n<p><strong>VIELEN DANK DAF\u00dcR!<\/strong><\/p>\n\n\n\n<p><a href=\"https:\/\/youtu.be\/1KBorxYsyMQ\">https:\/\/youtu.be\/1KBorxYsyMQ<\/a><\/p>\n\n\n\n<figure class=\"wp-block-image size-large\"><img loading=\"lazy\" decoding=\"async\" width=\"1024\" height=\"473\" data-attachment-id=\"2853\" data-permalink=\"https:\/\/timschraubtbass.tim-stelzer.de\/?attachment_id=2853\" data-orig-file=\"https:\/\/timschraubtbass.tim-stelzer.de\/wp-content\/uploads\/2021\/09\/img_5167.jpg\" data-orig-size=\"1500,693\" data-comments-opened=\"1\" data-image-meta=\"{&quot;aperture&quot;:&quot;0&quot;,&quot;credit&quot;:&quot;&quot;,&quot;camera&quot;:&quot;&quot;,&quot;caption&quot;:&quot;&quot;,&quot;created_timestamp&quot;:&quot;0&quot;,&quot;copyright&quot;:&quot;&quot;,&quot;focal_length&quot;:&quot;0&quot;,&quot;iso&quot;:&quot;0&quot;,&quot;shutter_speed&quot;:&quot;0&quot;,&quot;title&quot;:&quot;&quot;,&quot;orientation&quot;:&quot;0&quot;}\" data-image-title=\"img_5167\" data-image-description=\"\" data-image-caption=\"\" data-large-file=\"https:\/\/timschraubtbass.tim-stelzer.de\/wp-content\/uploads\/2021\/09\/img_5167-1024x473.jpg\" src=\"https:\/\/timschraubtbass.tim-stelzer.de\/wp-content\/uploads\/2021\/09\/img_5167-1024x473.jpg\" alt=\"\" class=\"wp-image-2853\" srcset=\"https:\/\/timschraubtbass.tim-stelzer.de\/wp-content\/uploads\/2021\/09\/img_5167-1024x473.jpg 1024w, https:\/\/timschraubtbass.tim-stelzer.de\/wp-content\/uploads\/2021\/09\/img_5167-300x139.jpg 300w, https:\/\/timschraubtbass.tim-stelzer.de\/wp-content\/uploads\/2021\/09\/img_5167-768x355.jpg 768w, https:\/\/timschraubtbass.tim-stelzer.de\/wp-content\/uploads\/2021\/09\/img_5167.jpg 1500w\" sizes=\"auto, (max-width: 767px) 89vw, (max-width: 1000px) 54vw, (max-width: 1071px) 543px, 580px\" \/><figcaption>Glitzer Glitzer!<\/figcaption><\/figure>\n\n\n\n<p>(Ich halte euch dann auf dem Laufenden, gerne auch bei <a href=\"https:\/\/mobile.twitter.com\/textertim\">Twitter<\/a> @TexterTim vorbeischauen!)<\/p>\n","protected":false},"excerpt":{"rendered":"<p>\u201eWith a little help from my friends\u201c Mein Beitrag zur \u201eMarleaux Video Challenge\u201c: ein Video nach dem bew\u00e4hrten #timschraubtbass-Prinzip. Ich bin genauso wenig Video-K\u00fcnstler, wie ich Bass-Bauer bin. Aber wenn ich einen tollen Bass aus vorgefertigten Einzelteilen zusammenschrauben kann \u2014 schaffe ich das dann vielleicht auch mit einem Video? Welchen b\u00e4sseren Anlass als die \u201eMarleaux &hellip; <\/p>\n<p class=\"link-more\"><a href=\"https:\/\/timschraubtbass.tim-stelzer.de\/?p=2850\" class=\"more-link\"><span class=\"screen-reader-text\">\u201e94 TIMS MARLEAUX-HULDIGUNG\u201c <\/span>weiterlesen<\/a><\/p>\n","protected":false},"author":1,"featured_media":0,"comment_status":"open","ping_status":"open","sticky":false,"template":"","format":"standard","meta":{"jetpack_post_was_ever_published":false,"_jetpack_newsletter_access":"","_jetpack_dont_email_post_to_subs":false,"_jetpack_newsletter_tier_id":0,"_jetpack_memberships_contains_paywalled_content":false,"_jetpack_memberships_contains_paid_content":false,"footnotes":"","jetpack_publicize_message":"","jetpack_publicize_feature_enabled":true,"jetpack_social_post_already_shared":true,"jetpack_social_options":{"image_generator_settings":{"template":"highway","default_image_id":0,"font":"","enabled":false},"version":2}},"categories":[1],"tags":[60,58,59,56,57,45,13],"class_list":["post-2850","post","type-post","status-publish","format-standard","hentry","category-allgemein","tag-30-jahre-marleaux","tag-gerald-marleaux","tag-jubilaeum","tag-marleaux-video-challenge","tag-marleaux-bass","tag-tim-stelzer","tag-timschraubtbass"],"jetpack_publicize_connections":[],"jetpack_featured_media_url":"","jetpack_sharing_enabled":true,"jetpack_shortlink":"https:\/\/wp.me\/p8SMry-JY","jetpack-related-posts":[{"id":2887,"url":"https:\/\/timschraubtbass.tim-stelzer.de\/?p=2887","url_meta":{"origin":2850,"position":0},"title":"95 GL\u00dcCK IM SPIEL","author":"timschraubtbass","date":"26. Januar 2022","format":false,"excerpt":"Unfassbare Freu(n)de! Im Sommer 2021 lag ich im Allg\u00e4u-Urlaub auf der Wiese vom Freibad und las in der Gitarre & Bass von der \u201dMarleaux Video Challenge\u201c. Ein paar Monate sp\u00e4ter h\u00e4ngt der begehrenswerte Bass, dessen Bild ich auf den Seiten der Zeitschrift bewundert hatte, hier bei mir an der Wand.\u2026","rel":"","context":"In &quot;Allgemein&quot;","block_context":{"text":"Allgemein","link":"https:\/\/timschraubtbass.tim-stelzer.de\/?cat=1"},"img":{"alt_text":"","src":"https:\/\/i0.wp.com\/img.youtube.com\/vi\/OzLeVX7eS1c\/0.jpg?resize=350%2C200","width":350,"height":200},"classes":[]},{"id":3326,"url":"https:\/\/timschraubtbass.tim-stelzer.de\/?p=3326","url_meta":{"origin":2850,"position":1},"title":"101 MARLEAUX 101","author":"timschraubtbass","date":"20. Oktober 2023","format":false,"excerpt":"Grundkurs Edelbass Willkommen beim #timschraubtbass-Seminar \u201dBoutique-Bass\u201d, Folge 101. Ein Einstiegs-Grundkurs f\u00fcr komplette Newbies mit unter anderem den folgenden Inhalten: Was macht man eigentlich mit so einem Wahnsinns-Instrument im Haus? Wie herum h\u00e4ngt man ihn korrekt an die Wand? Darf man alle f\u00fcnf Saiten gleichzeitig bet\u00e4tigen? In welchen zertifizierten Fachwerkst\u00e4tten muss\u2026","rel":"","context":"In &quot;Allgemein&quot;","block_context":{"text":"Allgemein","link":"https:\/\/timschraubtbass.tim-stelzer.de\/?cat=1"},"img":{"alt_text":"","src":"https:\/\/i0.wp.com\/timschraubtbass.tim-stelzer.de\/wp-content\/uploads\/2023\/10\/IMG_3951-150x150.jpg?resize=350%2C200&ssl=1","width":350,"height":200,"srcset":"https:\/\/i0.wp.com\/timschraubtbass.tim-stelzer.de\/wp-content\/uploads\/2023\/10\/IMG_3951-150x150.jpg?resize=350%2C200&ssl=1 1x, https:\/\/i0.wp.com\/timschraubtbass.tim-stelzer.de\/wp-content\/uploads\/2023\/10\/IMG_3951-150x150.jpg?resize=525%2C300&ssl=1 1.5x, https:\/\/i0.wp.com\/timschraubtbass.tim-stelzer.de\/wp-content\/uploads\/2023\/10\/IMG_3951-150x150.jpg?resize=700%2C400&ssl=1 2x, https:\/\/i0.wp.com\/timschraubtbass.tim-stelzer.de\/wp-content\/uploads\/2023\/10\/IMG_3951-150x150.jpg?resize=1050%2C600&ssl=1 3x, https:\/\/i0.wp.com\/timschraubtbass.tim-stelzer.de\/wp-content\/uploads\/2023\/10\/IMG_3951-150x150.jpg?resize=1400%2C800&ssl=1 4x"},"classes":[]},{"id":2923,"url":"https:\/\/timschraubtbass.tim-stelzer.de\/?p=2923","url_meta":{"origin":2850,"position":2},"title":"96 DIES &#038; BASS II","author":"timschraubtbass","date":"10. Juni 2022","format":false,"excerpt":"Professor Stelzer in da House! Ja, meine G\u00fcte, war viel los in den letzten Monaten. Schiebe so einige Blog-Artikel vor mir her. H\u00e4tte mir als Berufsschreiber eben besser nicht das Hobby Schreiben aussuchen sollen. Egal. Jetzt geht's weiter. Ich lese ja schon seit ein paar Jahren wieder flei\u00dfig diverse Fachzeitschriften,\u2026","rel":"","context":"In &quot;Allgemein&quot;","block_context":{"text":"Allgemein","link":"https:\/\/timschraubtbass.tim-stelzer.de\/?cat=1"},"img":{"alt_text":"","src":"https:\/\/i0.wp.com\/timschraubtbass.tim-stelzer.de\/wp-content\/uploads\/2022\/05\/F6DB67A5-5B6C-4008-AC7A-1A13BA3714EF.jpeg?resize=350%2C200&ssl=1","width":350,"height":200,"srcset":"https:\/\/i0.wp.com\/timschraubtbass.tim-stelzer.de\/wp-content\/uploads\/2022\/05\/F6DB67A5-5B6C-4008-AC7A-1A13BA3714EF.jpeg?resize=350%2C200&ssl=1 1x, https:\/\/i0.wp.com\/timschraubtbass.tim-stelzer.de\/wp-content\/uploads\/2022\/05\/F6DB67A5-5B6C-4008-AC7A-1A13BA3714EF.jpeg?resize=525%2C300&ssl=1 1.5x, https:\/\/i0.wp.com\/timschraubtbass.tim-stelzer.de\/wp-content\/uploads\/2022\/05\/F6DB67A5-5B6C-4008-AC7A-1A13BA3714EF.jpeg?resize=700%2C400&ssl=1 2x, https:\/\/i0.wp.com\/timschraubtbass.tim-stelzer.de\/wp-content\/uploads\/2022\/05\/F6DB67A5-5B6C-4008-AC7A-1A13BA3714EF.jpeg?resize=1050%2C600&ssl=1 3x"},"classes":[]},{"id":3054,"url":"https:\/\/timschraubtbass.tim-stelzer.de\/?p=3054","url_meta":{"origin":2850,"position":3},"title":"98 THE STELZER","author":"timschraubtbass","date":"2. Mai 2023","format":false,"excerpt":"\u201dI know nothing about this bass\u201d Das Netz ist unfassbar. Voll von Geschichten, Bildern und Begegnungen, die unser Verst\u00e4ndnis von Rea- und Normalit\u00e4t auf immer wieder neue Weise herausfordern. Oder ist es genau andersherum? Ich wei\u00df es nicht. Seit ich herausgefunden habe, dass ich in einer parallelen (?) Dimension richtiger\u2026","rel":"","context":"In &quot;Allgemein&quot;","block_context":{"text":"Allgemein","link":"https:\/\/timschraubtbass.tim-stelzer.de\/?cat=1"},"img":{"alt_text":"","src":"https:\/\/i0.wp.com\/timschraubtbass.tim-stelzer.de\/wp-content\/uploads\/2023\/04\/Bildschirmfoto-2023-04-28-um-12.13.10.jpg?resize=350%2C200&ssl=1","width":350,"height":200,"srcset":"https:\/\/i0.wp.com\/timschraubtbass.tim-stelzer.de\/wp-content\/uploads\/2023\/04\/Bildschirmfoto-2023-04-28-um-12.13.10.jpg?resize=350%2C200&ssl=1 1x, https:\/\/i0.wp.com\/timschraubtbass.tim-stelzer.de\/wp-content\/uploads\/2023\/04\/Bildschirmfoto-2023-04-28-um-12.13.10.jpg?resize=525%2C300&ssl=1 1.5x, https:\/\/i0.wp.com\/timschraubtbass.tim-stelzer.de\/wp-content\/uploads\/2023\/04\/Bildschirmfoto-2023-04-28-um-12.13.10.jpg?resize=700%2C400&ssl=1 2x, https:\/\/i0.wp.com\/timschraubtbass.tim-stelzer.de\/wp-content\/uploads\/2023\/04\/Bildschirmfoto-2023-04-28-um-12.13.10.jpg?resize=1050%2C600&ssl=1 3x, https:\/\/i0.wp.com\/timschraubtbass.tim-stelzer.de\/wp-content\/uploads\/2023\/04\/Bildschirmfoto-2023-04-28-um-12.13.10.jpg?resize=1400%2C800&ssl=1 4x"},"classes":[]},{"id":939,"url":"https:\/\/timschraubtbass.tim-stelzer.de\/?p=939","url_meta":{"origin":2850,"position":4},"title":"45 HALLO, MARLEAUX!","author":"timschraubtbass","date":"14. November 2017","format":false,"excerpt":"Das gro\u00dfe Messen (Teil 1). Letztes Wochenende fand die\u00a0Musik Produktiv Messe 2017 in Ibbenb\u00fcren statt. Ich war zum ersten Mal da. Und hatte Gl\u00fcck. Zwar nicht bei\u00a0einer der vielen Gear-Verlosungen, die dort\u00a0dauernd\u00a0an jeder zweiten Ecke stattfinden \u2013 nein, besser. Sogar viel\u00a0b\u00e4sser. (Ich wei\u00df, ich muss mir dieses bl\u00f6de Wortspiel dringend\u2026","rel":"","context":"In &quot;Allgemein&quot;","block_context":{"text":"Allgemein","link":"https:\/\/timschraubtbass.tim-stelzer.de\/?cat=1"},"img":{"alt_text":"","src":"https:\/\/i0.wp.com\/tim-stelzer.de\/timschraubtbass\/wp-content\/uploads\/2017\/11\/IMG_1320-1024x768.jpg?resize=350%2C200","width":350,"height":200,"srcset":"https:\/\/i0.wp.com\/tim-stelzer.de\/timschraubtbass\/wp-content\/uploads\/2017\/11\/IMG_1320-1024x768.jpg?resize=350%2C200 1x, https:\/\/i0.wp.com\/tim-stelzer.de\/timschraubtbass\/wp-content\/uploads\/2017\/11\/IMG_1320-1024x768.jpg?resize=525%2C300 1.5x"},"classes":[]},{"id":987,"url":"https:\/\/timschraubtbass.tim-stelzer.de\/?p=987","url_meta":{"origin":2850,"position":5},"title":"46 MARLEAUX AGAIN \u2026","author":"timschraubtbass","date":"16. November 2017","format":false,"excerpt":"Das gro\u00dfe Messen (Teil 2) Wie im ersten Teil\u00a0berichtet, war mein Besuch der\u00a0Hausmesse bei Musik Produktiv am 11.11.2017 vor allem von meiner Begegnung mit Gerald Marleaux gepr\u00e4gt. Und von der mit seinen B\u00e4ssen. Und von der enormen Lautst\u00e4rke auf der Messe, trotz derer wir uns ein bisschen unterhalten konnten. Auch\u2026","rel":"","context":"In &quot;Allgemein&quot;","block_context":{"text":"Allgemein","link":"https:\/\/timschraubtbass.tim-stelzer.de\/?cat=1"},"img":{"alt_text":"","src":"https:\/\/i0.wp.com\/tim-stelzer.de\/timschraubtbass\/wp-content\/uploads\/2017\/11\/IMG_1322-e1510746911274-590x1024.jpg?resize=350%2C200","width":350,"height":200,"srcset":"https:\/\/i0.wp.com\/tim-stelzer.de\/timschraubtbass\/wp-content\/uploads\/2017\/11\/IMG_1322-e1510746911274-590x1024.jpg?resize=350%2C200 1x, https:\/\/i0.wp.com\/tim-stelzer.de\/timschraubtbass\/wp-content\/uploads\/2017\/11\/IMG_1322-e1510746911274-590x1024.jpg?resize=525%2C300 1.5x"},"classes":[]}],"_links":{"self":[{"href":"https:\/\/timschraubtbass.tim-stelzer.de\/index.php?rest_route=\/wp\/v2\/posts\/2850","targetHints":{"allow":["GET"]}}],"collection":[{"href":"https:\/\/timschraubtbass.tim-stelzer.de\/index.php?rest_route=\/wp\/v2\/posts"}],"about":[{"href":"https:\/\/timschraubtbass.tim-stelzer.de\/index.php?rest_route=\/wp\/v2\/types\/post"}],"author":[{"embeddable":true,"href":"https:\/\/timschraubtbass.tim-stelzer.de\/index.php?rest_route=\/wp\/v2\/users\/1"}],"replies":[{"embeddable":true,"href":"https:\/\/timschraubtbass.tim-stelzer.de\/index.php?rest_route=%2Fwp%2Fv2%2Fcomments&post=2850"}],"version-history":[{"count":5,"href":"https:\/\/timschraubtbass.tim-stelzer.de\/index.php?rest_route=\/wp\/v2\/posts\/2850\/revisions"}],"predecessor-version":[{"id":2856,"href":"https:\/\/timschraubtbass.tim-stelzer.de\/index.php?rest_route=\/wp\/v2\/posts\/2850\/revisions\/2856"}],"wp:attachment":[{"href":"https:\/\/timschraubtbass.tim-stelzer.de\/index.php?rest_route=%2Fwp%2Fv2%2Fmedia&parent=2850"}],"wp:term":[{"taxonomy":"category","embeddable":true,"href":"https:\/\/timschraubtbass.tim-stelzer.de\/index.php?rest_route=%2Fwp%2Fv2%2Fcategories&post=2850"},{"taxonomy":"post_tag","embeddable":true,"href":"https:\/\/timschraubtbass.tim-stelzer.de\/index.php?rest_route=%2Fwp%2Fv2%2Ftags&post=2850"}],"curies":[{"name":"wp","href":"https:\/\/api.w.org\/{rel}","templated":true}]}}