{"id":2556,"date":"2020-11-10T12:16:31","date_gmt":"2020-11-10T11:16:31","guid":{"rendered":"http:\/\/tim-stelzer.de\/timschraubtbass\/?p=2556"},"modified":"2020-11-12T13:12:23","modified_gmt":"2020-11-12T12:12:23","slug":"89-plan-b-teil-1","status":"publish","type":"post","link":"https:\/\/timschraubtbass.tim-stelzer.de\/?p=2556","title":{"rendered":"89 PLAN B. (Teil 1)"},"content":{"rendered":"\n<h1 class=\"wp-block-heading\"><strong>Eine Menge Holz<\/strong><\/h1>\n\n\n\n<p><strong>Wie im <a rel=\"noreferrer noopener\" href=\"http:\/\/tim-stelzer.de\/timschraubtbass\/?p=2519\" target=\"_blank\">Intro<\/a> bereits berichtet, kam ich mit der Ank\u00fcndigung meiner <a rel=\"noreferrer noopener\" href=\"http:\/\/www.helliver.de\" target=\"_blank\">Helliver<\/a>-Gitarrenbestellung zum genau richtigen Zeitpunkt bei <a rel=\"noreferrer noopener\" href=\"http:\/\/www.helliver.de\" target=\"_blank\">Oliver<\/a> um die Ecke. Denn dessen Gedanken zur Neuausrichtung seines Sortiments und \u00fcberhaupt seiner Arbeitsstruktur hatten sich da schon in erste Entw\u00fcrfe niedergeschlagen. Und nachdem ich bereits ein paar Zeichnungen gesehen hatte, lagen im Herbst 2019, als ich den <a rel=\"noreferrer noopener\" href=\"http:\/\/tim-stelzer.de\/timschraubtbass\/?p=2152\" target=\"_blank\">Helliver-Bass<\/a> testete, schon fertige Teile eines Prototypen in der Werkstatt. Und ich war sofort angefixt.<\/strong><\/p>\n\n\n\n<p>Warum? Erkl\u00e4re ich gerne. Aber dazu muss ich etwas ausholen \u2026. Ja, <strong>Gitarre was my first love<\/strong>, wie ich <a rel=\"noreferrer noopener\" href=\"http:\/\/tim-stelzer.de\/timschraubtbass\/?p=2519\" target=\"_blank\">im letzten Artikel<\/a> schrieb. Aber eben nicht die E-, sondern die <strong>A-Gitarre<\/strong>. Nach der \u00fcblichen ersten Klassikgitarren-Phase mit freundlicher <strong>Unterst\u00fctzung<\/strong> von <a rel=\"noreferrer noopener\" href=\"https:\/\/de.wikipedia.org\/wiki\/Peter_Bursch\" target=\"_blank\">Peter Bursch<\/a> (noch die urspr\u00fcngliche <a rel=\"noreferrer noopener\" href=\"https:\/\/www.peter-bursch.de\/medien\/buecherueberblick\/\" target=\"_blank\">Ausgabe<\/a> mit Schallfolie!) stieg ich nicht sofort zur E-Gitarre auf\/um, sondern kaufte mir (mit zum Teil in Ferienjobs erarbeitetem Geld) eine <a rel=\"noreferrer noopener\" href=\"https:\/\/www.jasmineguitars.com\" target=\"_blank\">ganz gute Western-Gitarre<\/a>, wie Stahlsaiten-Gitarren damals im Volksmund hie\u00dfen. Das war <strong>Mitte der 80er<\/strong>. <\/p>\n\n\n\n<p>Die hatte sogar einen simplen <strong>Pickup<\/strong> und wurde deshalb in der Band, die ich ungef\u00e4hr zur gleichen Zeit mitgr\u00fcndete, ausgiebig eingesetzt. Vom Gitarristen (Hallo <a rel=\"noreferrer noopener\" href=\"http:\/\/www.aerztehaus-heist.de\/das-sind-wir\/\" target=\"_blank\">Andi<\/a>! \ud83d\ude09 ), denn ich war mittlerweile <strong>auf ebenso zuf\u00e4lligen wie schicksalhaften Wegen<\/strong> zum <strong>Bass<\/strong> gekommen. Meine akustische Gitarre spielte ich aber <strong>immer weiter<\/strong>, schlie\u00dflich musste ich ja auch <strong>Songs schreiben<\/strong>, <strong>Harmonielehre verstehen<\/strong> und als Jugendgruppenleiter bei abendlichen Lagerfeuer-Sessions <strong>lustiges Rudelsingen begleiten<\/strong>.<\/p>\n\n\n\n<p>Am Anfang meines Studiums lernte ich dann <strong><a rel=\"noreferrer noopener\" href=\"http:\/\/tim-stelzer.de\/timschraubtbass\/?p=1384\" target=\"_blank\">Harald<\/a><\/strong> kennen, der einen <strong>Gitarrenduo-Partner<\/strong> gesucht hatte \u2013 selbstverst\u00e4ndlich A-Gitarre. Wir spielten viel zusammen. Ich hatte mich inzwischen auch ausgiebig mit <strong>Fingerpicking<\/strong> und sonstigen eher <strong>akustischen Spieltechniken<\/strong>  besch\u00e4ftigt.<\/p>\n\n\n\n<p>In meinem <strong>Studienjahr in den USA<\/strong>, Mitte der 90er, nutzte ich Gelegenheit und Dollar-Wechselkurs dann unter anderem daf\u00fcr, mir <strong>neue Instrumente<\/strong> zu kaufen. Auf Basis meiner real existierenden musikalischen Aktivit\u00e4ten war klar, was f\u00fcr Instrumente das sein sollten: ein <strong>E-Bass<\/strong> und eine <strong>akustische Gitarre<\/strong>. Keine E-Gitarre!<\/p>\n\n\n\n<figure class=\"wp-block-image size-large\"><a href=\"http:\/\/tim-stelzer.de\/timschraubtbass\/wp-content\/uploads\/2017\/06\/IMG_8544-e1517826880665.jpg\"><img loading=\"lazy\" decoding=\"async\" width=\"1024\" height=\"320\" data-attachment-id=\"45\" data-permalink=\"https:\/\/timschraubtbass.tim-stelzer.de\/?attachment_id=45\" data-orig-file=\"https:\/\/timschraubtbass.tim-stelzer.de\/wp-content\/uploads\/2017\/06\/IMG_8544-e1517826880665.jpg\" data-orig-size=\"1600,500\" data-comments-opened=\"1\" data-image-meta=\"{&quot;aperture&quot;:&quot;2.2&quot;,&quot;credit&quot;:&quot;&quot;,&quot;camera&quot;:&quot;iPhone 6s&quot;,&quot;caption&quot;:&quot;&quot;,&quot;created_timestamp&quot;:&quot;1482919927&quot;,&quot;copyright&quot;:&quot;&quot;,&quot;focal_length&quot;:&quot;4.15&quot;,&quot;iso&quot;:&quot;250&quot;,&quot;shutter_speed&quot;:&quot;0.058823529411765&quot;,&quot;title&quot;:&quot;&quot;,&quot;orientation&quot;:&quot;0&quot;}\" data-image-title=\"IMG_8544\" data-image-description=\"\" data-image-caption=\"\" data-large-file=\"https:\/\/timschraubtbass.tim-stelzer.de\/wp-content\/uploads\/2017\/06\/IMG_8544-1024x320.jpg\" src=\"http:\/\/tim-stelzer.de\/timschraubtbass\/wp-content\/uploads\/2017\/06\/IMG_8544-1024x320.jpg\" alt=\"\" class=\"wp-image-45\"\/><\/a><figcaption>Mein Fender MIJ FotoFlame Jazz Bass, gekauft 1995 in Atlanta\/Georgia. Ja, ich mag Holz-Optik. \ud83d\ude09 <\/figcaption><\/figure>\n\n\n\n<p>Die ebenfalls in Atlanta gekaufte Westerngitarre von <a rel=\"noreferrer noopener\" href=\"http:\/\/www.simonandpatrick.com\/guitars.htm\" target=\"_blank\"><strong>Simon &amp; Patrick Luthier<\/strong><\/a> (Sub-Marke von <a rel=\"noreferrer noopener\" href=\"https:\/\/godinguitars.com\" target=\"_blank\">Godin<\/a>) ist auch ein sch\u00f6nes Sch\u00e4tzchen. Aber eben auch akustisch. Mit E-Gitarren hatte ich es (noch) nicht so.<\/p>\n\n\n\n<h2 class=\"wp-block-heading\"><strong>Auf dem Weg zum E.<\/strong><\/h2>\n\n\n\n<p>Ende der 90er machte ich <strong>auf ebenso zuf\u00e4lligen wie schicksalhaften Wegen<\/strong> die Bekanntschaft einer <strong>lustigen \u201dAlternative Country\u201d-Band<\/strong> in M\u00fcnster, <strong>Barn Pain<\/strong> (Toralf Spittel: Voc\/AGit; Marius Spittel: Bass\/bVoc; Tom Heller: Drums\/bVoc; Cornelius X: EGit; Tim Stelzer: EGit\/bVoc). Die suchten gerade zuf\u00e4llig jemanden f\u00fcr die <strong>Solo-Gitarre<\/strong>. Ich stieg ein und kaufte mir, wiederum in den USA (Studienaufenthalt in <a rel=\"noreferrer noopener\" href=\"https:\/\/www.normal.org\" target=\"_blank\">Illinois<\/a>), in einem Pfandleihhaus <strong>meine erste E-Gitarre<\/strong> \u2013 eine <strong>Charvel\/Jackson Strat-Kopie<\/strong>. Sehr sch\u00f6ne Gitarre, die mittlerweile haupts\u00e4chlich von meinem Sohn genutzt wird.<\/p>\n\n\n\n<p>Zum <strong>Examen<\/strong> 1999 schenkten mir meine Gro\u00dfeltern eine E-Gitarre (bzw. das Geld daf\u00fcr), die ich in M\u00fcnster bei <a rel=\"noreferrer noopener\" href=\"https:\/\/www.rareguitar.de\" target=\"_blank\">Rare Guitar<\/a> kaufte \u2013 eine sehr, sehr sch\u00f6ne blaue <strong>Fender USA Telecaster<\/strong>. Die wurde dann meine <strong>Haupt- bzw. Band-Gitarre<\/strong>, prominent zu h\u00f6ren in diesen beiden <strong>Barn Bain-Preziosen<\/strong> von damals (2001):<\/p>\n\n\n\n<p><\/p>\n\n\n\n<figure class=\"wp-block-audio\"><audio controls src=\"https:\/\/timschraubtbass.tim-stelzer.de\/wp-content\/uploads\/2020\/11\/02-Since-She-Started-to-Ride-1.mp3\"><\/audio><figcaption><em>BARN PAIN: &#8222;Since She Started to Ride&#8220; (Jonathan Richman)<\/em><\/figcaption><\/figure>\n\n\n\n<figure class=\"wp-block-audio\"><audio controls src=\"https:\/\/timschraubtbass.tim-stelzer.de\/wp-content\/uploads\/2020\/11\/04-Wreck-of-the-Old-97-1-1.mp3\"><\/audio><figcaption><em>BARN PAIN: &#8222;Wreck of the Old &#8217;97&#8220; (Charles W. Noell \/ Fred J. Lewey \/ Henry Whitter)<\/em><\/figcaption><\/figure>\n\n\n\n<h2 class=\"wp-block-heading\"><strong>Von A \u00fcber E nach B.<\/strong><\/h2>\n\n\n\n<p>Meine ersten <strong>gitarristischen Pr\u00e4gungen<\/strong> fanden also zun\u00e4chst vor allem akustisch statt. Western-Gitarren waren meine Welt. Und in der Welt der E-Gitarren, die ich sp\u00e4ter erkundete, ist die von mir geliebte <strong><a rel=\"noreferrer noopener\" href=\"https:\/\/www.gitarrebass.de\/equipment\/fender-telecaster\/\" target=\"_blank\">Fender Tele<\/a><\/strong> ja eher so eine <strong>No-Nonsense-Gitarre<\/strong> mit einem gewissen rauen, urspr\u00fcnglichen Charme und Charakter. Eben ein <strong>Brett<\/strong> mit Saiten drauf. Gradlinig und effektiv. Aber dann, wenn man sich n\u00e4her mit ihr (und ihren unz\u00e4hligen Ausf\u00fchrungen) besch\u00e4ftigt: Es gibt <strong>unglaublich viele Tele-Spieler<\/strong> in einer gro\u00dfen <strong>Bandbreite<\/strong> von Stilen. Albert Collins, Mike Stern, Keith Richards, Jimmy Page (ist ja mittlerweile eine Binse, dass er das Solo in \u201dStairway to Heaven\u201d auf einer Tele gespielt hat), Danny Gatton, Bruce Springsteen \u2013 to name but a few. Da steckt dann offensichtlich doch <strong>sehr viel Potenzial<\/strong> in dem nur scheinbar einfachen Brett.<\/p>\n\n\n\n<p>Tja, und was soll ich sagen: Was Oliver in seinen grundlegenden <strong>Neuplanungen<\/strong> skizzierte und mir zeigte, kam mir <strong>auf dieser Basis<\/strong> dann pers\u00f6nlich so <strong>passgenau<\/strong> entgegen, dass ich auch hier nur von einem <strong>ebenso zuf\u00e4lligen wie schicksalhaften Weg<\/strong> schreiben kann. Wobei <strong>Olivers Konzept<\/strong> nat\u00fcrlich weder viel mit einer akustischen Gitarre noch mit einer Telecaster zu tun hat. Es geht hier nur darum, dass es mich, von diesen Haupt-Pr\u00e4gungen kommend, sofort <strong>ansprachen<\/strong>.<\/p>\n\n\n\n<h2 class=\"wp-block-heading\"><strong>B. in Planung<\/strong><\/h2>\n\n\n\n<p>Schon <strong>die ersten Parameter<\/strong> des neuen Modells sprachen f\u00fcr sich: ausgeh\u00f6hlter Korpus, Single Cut, F-L\u00f6cher, zwei Pickups \u2013 ja, doch, da kam viel zusammen, was f\u00fcr mich zusammengeh\u00f6rte!<\/p>\n\n\n\n<p>Je mehr Oliver mir von seinem neuen <strong>Modell<\/strong> erz\u00e4hlte und je mehr Skizzen er mir zeigte, umso begeisterter war ich. Also entschied ich mich letztendlich tats\u00e4chlich <strong>gegen eine Helliver<\/strong> \u2013 und <strong>f\u00fcr eines der ersten Exemplare der neuen \u201dBaron Elektrogitarren\u201d<\/strong> (Olivers neues Label). Ein gewisses Wagnis, ja \u2013 es gab zu diesem Zeitpunkt noch kein vollst\u00e4ndig fertiges Exemplar zum Testen. Aber ich durfte dann viele <strong>Planungsschritte<\/strong> und <strong>Detailver\u00e4nderungen<\/strong> begleiten und bestaunen, die auf den Erfahrungen mit einem ersten Baron-Prototypen beruhten. Und generell vertraute ich auf <strong>Olivers Erfahrung und Expertise<\/strong>. Der wei\u00df schon, was er macht \u2013 und wenn er aus seinem <strong>Wissen<\/strong> mit seiner schon fast manischen handwerklichen <strong>Pr\u00e4zision<\/strong> ein neues Modell formt, dann wird das auf jeden Fall <strong>etwas Besonderes<\/strong> sein.<\/p>\n\n\n\n<p>Und dann gab&#8217;s tats\u00e4chlich schon bald <strong>eine erste fertige Baron Elektrogitarre<\/strong>, die schon ziemlich genau das fertige Konzept repr\u00e4sentierte \u2013 <strong>Trommelwirbel &amp; Tusch<\/strong>:<\/p>\n\n\n\n<figure class=\"wp-block-image size-large\"><a href=\"http:\/\/tim-stelzer.de\/timschraubtbass\/wp-content\/uploads\/2020\/11\/IMG_9309D-scaled.jpeg\"><img loading=\"lazy\" decoding=\"async\" width=\"768\" height=\"1024\" data-attachment-id=\"2578\" data-permalink=\"https:\/\/timschraubtbass.tim-stelzer.de\/?attachment_id=2578\" data-orig-file=\"https:\/\/timschraubtbass.tim-stelzer.de\/wp-content\/uploads\/2020\/11\/IMG_9309D-scaled.jpeg\" data-orig-size=\"1920,2560\" data-comments-opened=\"1\" data-image-meta=\"{&quot;aperture&quot;:&quot;1.8&quot;,&quot;credit&quot;:&quot;&quot;,&quot;camera&quot;:&quot;iPhone 11&quot;,&quot;caption&quot;:&quot;&quot;,&quot;created_timestamp&quot;:&quot;1583843790&quot;,&quot;copyright&quot;:&quot;&quot;,&quot;focal_length&quot;:&quot;4.25&quot;,&quot;iso&quot;:&quot;500&quot;,&quot;shutter_speed&quot;:&quot;0.03030303030303&quot;,&quot;title&quot;:&quot;&quot;,&quot;orientation&quot;:&quot;1&quot;}\" data-image-title=\"IMG_9309D\" data-image-description=\"\" data-image-caption=\"\" data-large-file=\"https:\/\/timschraubtbass.tim-stelzer.de\/wp-content\/uploads\/2020\/11\/IMG_9309D-768x1024.jpeg\" src=\"http:\/\/tim-stelzer.de\/timschraubtbass\/wp-content\/uploads\/2020\/11\/IMG_9309D-768x1024.jpeg\" alt=\"\" class=\"wp-image-2578\" srcset=\"https:\/\/timschraubtbass.tim-stelzer.de\/wp-content\/uploads\/2020\/11\/IMG_9309D-768x1024.jpeg 768w, https:\/\/timschraubtbass.tim-stelzer.de\/wp-content\/uploads\/2020\/11\/IMG_9309D-225x300.jpeg 225w, https:\/\/timschraubtbass.tim-stelzer.de\/wp-content\/uploads\/2020\/11\/IMG_9309D-1152x1536.jpeg 1152w, https:\/\/timschraubtbass.tim-stelzer.de\/wp-content\/uploads\/2020\/11\/IMG_9309D-1536x2048.jpeg 1536w, https:\/\/timschraubtbass.tim-stelzer.de\/wp-content\/uploads\/2020\/11\/IMG_9309D-scaled.jpeg 1920w\" sizes=\"auto, (max-width: 767px) 89vw, (max-width: 1000px) 54vw, (max-width: 1071px) 543px, 580px\" \/><\/a><figcaption><em>Sie ist ein Modell \u2026<\/em><\/figcaption><\/figure>\n\n\n\n<figure class=\"wp-block-image size-large\"><a href=\"http:\/\/tim-stelzer.de\/timschraubtbass\/wp-content\/uploads\/2020\/11\/88139718_540833103298347_3493596037166137344_n.jpeg\"><img loading=\"lazy\" decoding=\"async\" width=\"1024\" height=\"768\" data-attachment-id=\"2575\" data-permalink=\"https:\/\/timschraubtbass.tim-stelzer.de\/?attachment_id=2575\" data-orig-file=\"https:\/\/timschraubtbass.tim-stelzer.de\/wp-content\/uploads\/2020\/11\/88139718_540833103298347_3493596037166137344_n.jpeg\" data-orig-size=\"1212,909\" data-comments-opened=\"1\" data-image-meta=\"{&quot;aperture&quot;:&quot;0&quot;,&quot;credit&quot;:&quot;&quot;,&quot;camera&quot;:&quot;&quot;,&quot;caption&quot;:&quot;&quot;,&quot;created_timestamp&quot;:&quot;1583405950&quot;,&quot;copyright&quot;:&quot;&quot;,&quot;focal_length&quot;:&quot;0&quot;,&quot;iso&quot;:&quot;0&quot;,&quot;shutter_speed&quot;:&quot;0&quot;,&quot;title&quot;:&quot;&quot;,&quot;orientation&quot;:&quot;0&quot;}\" data-image-title=\"88139718_540833103298347_3493596037166137344_n\" data-image-description=\"\" data-image-caption=\"\" data-large-file=\"https:\/\/timschraubtbass.tim-stelzer.de\/wp-content\/uploads\/2020\/11\/88139718_540833103298347_3493596037166137344_n-1024x768.jpeg\" src=\"http:\/\/tim-stelzer.de\/timschraubtbass\/wp-content\/uploads\/2020\/11\/88139718_540833103298347_3493596037166137344_n-1024x768.jpeg\" alt=\"\" class=\"wp-image-2575\" srcset=\"https:\/\/timschraubtbass.tim-stelzer.de\/wp-content\/uploads\/2020\/11\/88139718_540833103298347_3493596037166137344_n-1024x768.jpeg 1024w, https:\/\/timschraubtbass.tim-stelzer.de\/wp-content\/uploads\/2020\/11\/88139718_540833103298347_3493596037166137344_n-300x225.jpeg 300w, https:\/\/timschraubtbass.tim-stelzer.de\/wp-content\/uploads\/2020\/11\/88139718_540833103298347_3493596037166137344_n-768x576.jpeg 768w, https:\/\/timschraubtbass.tim-stelzer.de\/wp-content\/uploads\/2020\/11\/88139718_540833103298347_3493596037166137344_n.jpeg 1212w\" sizes=\"auto, (max-width: 767px) 89vw, (max-width: 1000px) 54vw, (max-width: 1071px) 543px, 580px\" \/><\/a><figcaption>\u2026 <em>und sie sieht gut aus<\/em>. (Aber ein paar kleinere Design-\u00c4nderungen sollte es im weiteren Verlauf noch geben.)<\/figcaption><\/figure>\n\n\n\n<p>Die genaueren <strong>Spezifikationen<\/strong> liefere ich in einem der n\u00e4chsten Artikel nach. F\u00fcr mich \u2013 und Oliver \u2013 war an diesem Modell zun\u00e4chst vor allem wichtig, dass daf\u00fcr gar <strong>nicht so viele Entscheidungen<\/strong> getroffen werden m\u00fcssen. <strong>Die Gitarre ist so, wie sie ist<\/strong> \u2013 und abgesehen von den <strong>Pickups<\/strong> gibt es kaum Bereiche, in denen ich als Custom-Kunde eine Wahl zwischen verschiedenen Optionen habe. <strong>Und das ist auch gut so!<\/strong> Jedenfalls f\u00fcr mich.<\/p>\n\n\n\n<p>Nichtsdestotrotz musste ich gleich am Anfang meiner <strong>per Handschlag<\/strong> besiegelten Gitarren-Bestellung <strong>eine ganz wesentliche Entscheidung<\/strong> treffen. Denn was ich mir aussuchen durfte\/konnte\/musste, war <strong>das Holz f\u00fcr die Decke<\/strong>. Und das war <strong>schwierig<\/strong> genug!<\/p>\n\n\n\n<h2 class=\"wp-block-heading\"><strong>Ich und sein Holz.<\/strong><\/h2>\n\n\n\n<p>Oliver h\u00e4lt eine erstaunlich gro\u00dfe und <strong>vielf\u00e4ltige Auswahl an (fertig gespiegelten) Deckenh\u00f6lzern<\/strong> in seiner Werkstatt bereit. Und das schon viel, viele Jahre \u2013 die H\u00f6lzer sind wirklich <strong>optimal abgelagert<\/strong>. Wir \u201dbl\u00e4tterten\u201d also einen gro\u00dfen <strong>Stapel<\/strong> wundersch\u00f6ner H\u00f6lzer durch. Mehrmals!<\/p>\n\n\n\n<p>Dabei blieb ich wiederholt bei einer Decke h\u00e4ngen. Also h\u00f6rte ich einfach auf <strong>mein Bauchgef\u00fchl<\/strong>: Diese soll es sein (siehe unten)! Hurra \u2013 <strong>der erste Schritt<\/strong> auf dem <strong>\u00fcberhaupt nicht zuf\u00e4lligen, aber umso mehr schicksalhaften Weg<\/strong> zu meiner \u201dBaron\u201d war gemacht!<\/p>\n\n\n\n<figure class=\"wp-block-image size-large\"><img loading=\"lazy\" decoding=\"async\" width=\"768\" height=\"1024\" data-attachment-id=\"2594\" data-permalink=\"https:\/\/timschraubtbass.tim-stelzer.de\/?attachment_id=2594\" data-orig-file=\"https:\/\/timschraubtbass.tim-stelzer.de\/wp-content\/uploads\/2020\/11\/IMG_9308D-scaled.jpeg\" data-orig-size=\"1920,2560\" data-comments-opened=\"1\" data-image-meta=\"{&quot;aperture&quot;:&quot;1.8&quot;,&quot;credit&quot;:&quot;&quot;,&quot;camera&quot;:&quot;iPhone 11&quot;,&quot;caption&quot;:&quot;&quot;,&quot;created_timestamp&quot;:&quot;1583843645&quot;,&quot;copyright&quot;:&quot;&quot;,&quot;focal_length&quot;:&quot;4.25&quot;,&quot;iso&quot;:&quot;200&quot;,&quot;shutter_speed&quot;:&quot;0.02&quot;,&quot;title&quot;:&quot;&quot;,&quot;orientation&quot;:&quot;1&quot;}\" data-image-title=\"IMG_9308D\" data-image-description=\"\" data-image-caption=\"\" data-large-file=\"https:\/\/timschraubtbass.tim-stelzer.de\/wp-content\/uploads\/2020\/11\/IMG_9308D-768x1024.jpeg\" src=\"http:\/\/tim-stelzer.de\/timschraubtbass\/wp-content\/uploads\/2020\/11\/IMG_9308D-768x1024.jpeg\" alt=\"\" class=\"wp-image-2594\" srcset=\"https:\/\/timschraubtbass.tim-stelzer.de\/wp-content\/uploads\/2020\/11\/IMG_9308D-768x1024.jpeg 768w, https:\/\/timschraubtbass.tim-stelzer.de\/wp-content\/uploads\/2020\/11\/IMG_9308D-225x300.jpeg 225w, https:\/\/timschraubtbass.tim-stelzer.de\/wp-content\/uploads\/2020\/11\/IMG_9308D-1152x1536.jpeg 1152w, https:\/\/timschraubtbass.tim-stelzer.de\/wp-content\/uploads\/2020\/11\/IMG_9308D-1536x2048.jpeg 1536w, https:\/\/timschraubtbass.tim-stelzer.de\/wp-content\/uploads\/2020\/11\/IMG_9308D-scaled.jpeg 1920w\" sizes=\"auto, (max-width: 767px) 89vw, (max-width: 1000px) 54vw, (max-width: 1071px) 543px, 580px\" \/><figcaption>Die spannende Maserung und vor allem den zarten Riegel erkennt man auf den Fotos leider nur unzureichend.<\/figcaption><\/figure>\n\n\n\n<figure class=\"wp-block-image size-large\"><img loading=\"lazy\" decoding=\"async\" width=\"768\" height=\"1024\" data-attachment-id=\"2593\" data-permalink=\"https:\/\/timschraubtbass.tim-stelzer.de\/?attachment_id=2593\" data-orig-file=\"https:\/\/timschraubtbass.tim-stelzer.de\/wp-content\/uploads\/2020\/11\/IMG_9304D-scaled.jpeg\" data-orig-size=\"1920,2560\" data-comments-opened=\"1\" data-image-meta=\"{&quot;aperture&quot;:&quot;1.8&quot;,&quot;credit&quot;:&quot;&quot;,&quot;camera&quot;:&quot;iPhone 11&quot;,&quot;caption&quot;:&quot;&quot;,&quot;created_timestamp&quot;:&quot;1583843360&quot;,&quot;copyright&quot;:&quot;&quot;,&quot;focal_length&quot;:&quot;4.25&quot;,&quot;iso&quot;:&quot;200&quot;,&quot;shutter_speed&quot;:&quot;0.02&quot;,&quot;title&quot;:&quot;&quot;,&quot;orientation&quot;:&quot;1&quot;}\" data-image-title=\"IMG_9304D\" data-image-description=\"\" data-image-caption=\"\" data-large-file=\"https:\/\/timschraubtbass.tim-stelzer.de\/wp-content\/uploads\/2020\/11\/IMG_9304D-768x1024.jpeg\" src=\"http:\/\/tim-stelzer.de\/timschraubtbass\/wp-content\/uploads\/2020\/11\/IMG_9304D-768x1024.jpeg\" alt=\"\" class=\"wp-image-2593\" srcset=\"https:\/\/timschraubtbass.tim-stelzer.de\/wp-content\/uploads\/2020\/11\/IMG_9304D-768x1024.jpeg 768w, https:\/\/timschraubtbass.tim-stelzer.de\/wp-content\/uploads\/2020\/11\/IMG_9304D-225x300.jpeg 225w, https:\/\/timschraubtbass.tim-stelzer.de\/wp-content\/uploads\/2020\/11\/IMG_9304D-1152x1536.jpeg 1152w, https:\/\/timschraubtbass.tim-stelzer.de\/wp-content\/uploads\/2020\/11\/IMG_9304D-1536x2048.jpeg 1536w, https:\/\/timschraubtbass.tim-stelzer.de\/wp-content\/uploads\/2020\/11\/IMG_9304D-scaled.jpeg 1920w\" sizes=\"auto, (max-width: 767px) 89vw, (max-width: 1000px) 54vw, (max-width: 1071px) 543px, 580px\" \/><figcaption>Aber das bringt das Finish dann ja sp\u00e4ter deutlicher zur Geltung. Trotzdem, so schon einzigartig, oder? ODER?<\/figcaption><\/figure>\n\n\n\n<figure class=\"wp-block-image size-large\"><img loading=\"lazy\" decoding=\"async\" width=\"768\" height=\"1024\" data-attachment-id=\"2536\" data-permalink=\"https:\/\/timschraubtbass.tim-stelzer.de\/?attachment_id=2536\" data-orig-file=\"https:\/\/timschraubtbass.tim-stelzer.de\/wp-content\/uploads\/2020\/10\/IMG_9307D-scaled.jpeg\" data-orig-size=\"1920,2560\" data-comments-opened=\"1\" data-image-meta=\"{&quot;aperture&quot;:&quot;1.8&quot;,&quot;credit&quot;:&quot;&quot;,&quot;camera&quot;:&quot;iPhone 11&quot;,&quot;caption&quot;:&quot;&quot;,&quot;created_timestamp&quot;:&quot;1583843408&quot;,&quot;copyright&quot;:&quot;&quot;,&quot;focal_length&quot;:&quot;4.25&quot;,&quot;iso&quot;:&quot;160&quot;,&quot;shutter_speed&quot;:&quot;0.02&quot;,&quot;title&quot;:&quot;&quot;,&quot;orientation&quot;:&quot;1&quot;}\" data-image-title=\"IMG_9307D\" data-image-description=\"\" data-image-caption=\"\" data-large-file=\"https:\/\/timschraubtbass.tim-stelzer.de\/wp-content\/uploads\/2020\/10\/IMG_9307D-768x1024.jpeg\" src=\"http:\/\/tim-stelzer.de\/timschraubtbass\/wp-content\/uploads\/2020\/10\/IMG_9307D-768x1024.jpeg\" alt=\"\" class=\"wp-image-2536\" srcset=\"https:\/\/timschraubtbass.tim-stelzer.de\/wp-content\/uploads\/2020\/10\/IMG_9307D-768x1024.jpeg 768w, https:\/\/timschraubtbass.tim-stelzer.de\/wp-content\/uploads\/2020\/10\/IMG_9307D-225x300.jpeg 225w, https:\/\/timschraubtbass.tim-stelzer.de\/wp-content\/uploads\/2020\/10\/IMG_9307D-1152x1536.jpeg 1152w, https:\/\/timschraubtbass.tim-stelzer.de\/wp-content\/uploads\/2020\/10\/IMG_9307D-1536x2048.jpeg 1536w, https:\/\/timschraubtbass.tim-stelzer.de\/wp-content\/uploads\/2020\/10\/IMG_9307D-scaled.jpeg 1920w\" sizes=\"auto, (max-width: 767px) 89vw, (max-width: 1000px) 54vw, (max-width: 1071px) 543px, 580px\" \/><figcaption>Hey, Gitarre schon fast fertig \u2026 fehlt noch was?<\/figcaption><\/figure>\n\n\n\n<h2 class=\"wp-block-heading\"><strong>OK, das war jetzt wirklich eine Menge Holz. Und es wird in den n\u00e4chsten Teilen des Bau-Berichts sogar noch mehr! Allerdings muss ich Oliver zu einigen der Fotos, die er mir freundlicherweise zwischendurch immer wieder zugeschickt hat, nochmal fragen, welche Arbeitsschritte genau da jeweils dokumentiert sind. Als Nicht-Handwerker sieht man da nur \u2026 nun ja, eine Menge <a rel=\"noreferrer noopener\" href=\"https:\/\/youtu.be\/vnciwwsvNcc?t=218\" target=\"_blank\">Holz<\/a>.<\/strong><\/h2>\n\n\n\n<h2 class=\"wp-block-heading\"><strong>Bis bald \u2013 stay tuned!<\/strong><\/h2>\n\n\n\n<p><\/p>\n","protected":false},"excerpt":{"rendered":"<p>Eine Menge Holz Wie im Intro bereits berichtet, kam ich mit der Ank\u00fcndigung meiner Helliver-Gitarrenbestellung zum genau richtigen Zeitpunkt bei Oliver um die Ecke. Denn dessen Gedanken zur Neuausrichtung seines Sortiments und \u00fcberhaupt seiner Arbeitsstruktur hatten sich da schon in erste Entw\u00fcrfe niedergeschlagen. Und nachdem ich bereits ein paar Zeichnungen gesehen hatte, lagen im Herbst &hellip; <\/p>\n<p class=\"link-more\"><a href=\"https:\/\/timschraubtbass.tim-stelzer.de\/?p=2556\" class=\"more-link\"><span class=\"screen-reader-text\">\u201e89 PLAN B. (Teil 1)\u201c <\/span>weiterlesen<\/a><\/p>\n","protected":false},"author":1,"featured_media":2593,"comment_status":"open","ping_status":"open","sticky":false,"template":"","format":"standard","meta":{"jetpack_post_was_ever_published":false,"_jetpack_newsletter_access":"","_jetpack_dont_email_post_to_subs":false,"_jetpack_newsletter_tier_id":0,"_jetpack_memberships_contains_paywalled_content":false,"_jetpack_memberships_contains_paid_content":false,"footnotes":"","jetpack_publicize_message":"Neues von #timschraubtbass: Mehr Infos zur Gitarre, die ich mir gerade bauen lasse. Und zu einigen ebenso zuf\u00e4lligen wie schicksalhaften Wegen. Und Holz ist dabei \u2013 viel Holz. Enjoy!","jetpack_publicize_feature_enabled":true,"jetpack_social_post_already_shared":true,"jetpack_social_options":{"image_generator_settings":{"template":"highway","default_image_id":0,"font":"","enabled":false},"version":2}},"categories":[1],"tags":[35,33,36,32,15,9,20,37,13],"class_list":["post-2556","post","type-post","status-publish","format-standard","has-post-thumbnail","hentry","category-allgemein","tag-barn-pain","tag-baron-elektrogitarren","tag-baubericht","tag-gitarrenbau","tag-helliver","tag-muenster","tag-oliver-baron","tag-plan-b","tag-timschraubtbass"],"jetpack_publicize_connections":[],"jetpack_featured_media_url":"https:\/\/timschraubtbass.tim-stelzer.de\/wp-content\/uploads\/2020\/11\/IMG_9304D-scaled.jpeg","jetpack_sharing_enabled":true,"jetpack_shortlink":"https:\/\/wp.me\/p8SMry-Fe","jetpack-related-posts":[{"id":2519,"url":"https:\/\/timschraubtbass.tim-stelzer.de\/?p=2519","url_meta":{"origin":2556,"position":0},"title":"88 PLAN B. (INTRO)","author":"timschraubtbass","date":"14. Oktober 2020","format":false,"excerpt":"\u201dYou can never have too many guitars!\u201d Ein T-Shirt mit diesem Spruch bekam ich bereits vor vielen Jahren mal geschenkt. Abgesehen davon, dass der Spruch sowieso schon immer total wahr war, hat er sich bei mir seitdem sogar noch mehrfach bewahrheitet. Es war einfach nie genug! (Bassgitarren eingerechnet, sind ja\u2026","rel":"","context":"In &quot;Allgemein&quot;","block_context":{"text":"Allgemein","link":"https:\/\/timschraubtbass.tim-stelzer.de\/?cat=1"},"img":{"alt_text":"","src":"https:\/\/i0.wp.com\/timschraubtbass.tim-stelzer.de\/wp-content\/uploads\/2020\/10\/IMG_5204-scaled.jpeg?resize=350%2C200&ssl=1","width":350,"height":200,"srcset":"https:\/\/i0.wp.com\/timschraubtbass.tim-stelzer.de\/wp-content\/uploads\/2020\/10\/IMG_5204-scaled.jpeg?resize=350%2C200&ssl=1 1x, https:\/\/i0.wp.com\/timschraubtbass.tim-stelzer.de\/wp-content\/uploads\/2020\/10\/IMG_5204-scaled.jpeg?resize=525%2C300&ssl=1 1.5x, https:\/\/i0.wp.com\/timschraubtbass.tim-stelzer.de\/wp-content\/uploads\/2020\/10\/IMG_5204-scaled.jpeg?resize=700%2C400&ssl=1 2x, https:\/\/i0.wp.com\/timschraubtbass.tim-stelzer.de\/wp-content\/uploads\/2020\/10\/IMG_5204-scaled.jpeg?resize=1050%2C600&ssl=1 3x, https:\/\/i0.wp.com\/timschraubtbass.tim-stelzer.de\/wp-content\/uploads\/2020\/10\/IMG_5204-scaled.jpeg?resize=1400%2C800&ssl=1 4x"},"classes":[]},{"id":2700,"url":"https:\/\/timschraubtbass.tim-stelzer.de\/?p=2700","url_meta":{"origin":2556,"position":1},"title":"91 PLAN B. (Teil 3)","author":"timschraubtbass","date":"11. Dezember 2020","format":false,"excerpt":"Happy Guitar-Day Und dann war es pl\u00f6tzlich soweit! Vor rund einer Woche wachte ich auf und hatte einen runden Geburtstag. Es war aber gar nicht schlimm. Im Gegenteil: Neben den tollen & lieben Geschenken meiner Familie erwartete mich ja auch meine fertige Baron. Kluger Schachzug \u2013 kann ich nur weiterempfehlen\u2026","rel":"","context":"In &quot;Allgemein&quot;","block_context":{"text":"Allgemein","link":"https:\/\/timschraubtbass.tim-stelzer.de\/?cat=1"},"img":{"alt_text":"","src":"https:\/\/i0.wp.com\/timschraubtbass.tim-stelzer.de\/wp-content\/uploads\/2020\/12\/IMG_7091-scaled.jpeg?resize=350%2C200&ssl=1","width":350,"height":200,"srcset":"https:\/\/i0.wp.com\/timschraubtbass.tim-stelzer.de\/wp-content\/uploads\/2020\/12\/IMG_7091-scaled.jpeg?resize=350%2C200&ssl=1 1x, https:\/\/i0.wp.com\/timschraubtbass.tim-stelzer.de\/wp-content\/uploads\/2020\/12\/IMG_7091-scaled.jpeg?resize=525%2C300&ssl=1 1.5x, https:\/\/i0.wp.com\/timschraubtbass.tim-stelzer.de\/wp-content\/uploads\/2020\/12\/IMG_7091-scaled.jpeg?resize=700%2C400&ssl=1 2x, https:\/\/i0.wp.com\/timschraubtbass.tim-stelzer.de\/wp-content\/uploads\/2020\/12\/IMG_7091-scaled.jpeg?resize=1050%2C600&ssl=1 3x, https:\/\/i0.wp.com\/timschraubtbass.tim-stelzer.de\/wp-content\/uploads\/2020\/12\/IMG_7091-scaled.jpeg?resize=1400%2C800&ssl=1 4x"},"classes":[]},{"id":3562,"url":"https:\/\/timschraubtbass.tim-stelzer.de\/?p=3562","url_meta":{"origin":2556,"position":2},"title":"102 SCHRAUBEN 2.0","author":"timschraubtbass","date":"2. Dezember 2024","format":false,"excerpt":"Ich hab's nochmal getan \u2013 aber anders Gut, dass ich mein Geld nicht mit Bloggen verdienen muss. Und auch nicht mit Bass-Schrauben. Trotzdem mache ich beides sehr gerne \u2013 nur eben sehr selten. Aber ich kann euch nat\u00fcrlich nicht vorenthalten, wenn es etwas Neues gibt. Und das gibt es jetzt!\u2026","rel":"","context":"In &quot;Allgemein&quot;","block_context":{"text":"Allgemein","link":"https:\/\/timschraubtbass.tim-stelzer.de\/?cat=1"},"img":{"alt_text":"","src":"https:\/\/i0.wp.com\/timschraubtbass.tim-stelzer.de\/wp-content\/uploads\/2024\/11\/IMG_8947-scaled-e1737015297500.jpg?resize=350%2C200&ssl=1","width":350,"height":200,"srcset":"https:\/\/i0.wp.com\/timschraubtbass.tim-stelzer.de\/wp-content\/uploads\/2024\/11\/IMG_8947-scaled-e1737015297500.jpg?resize=350%2C200&ssl=1 1x, https:\/\/i0.wp.com\/timschraubtbass.tim-stelzer.de\/wp-content\/uploads\/2024\/11\/IMG_8947-scaled-e1737015297500.jpg?resize=525%2C300&ssl=1 1.5x, https:\/\/i0.wp.com\/timschraubtbass.tim-stelzer.de\/wp-content\/uploads\/2024\/11\/IMG_8947-scaled-e1737015297500.jpg?resize=700%2C400&ssl=1 2x"},"classes":[]},{"id":2267,"url":"https:\/\/timschraubtbass.tim-stelzer.de\/?p=2267","url_meta":{"origin":2556,"position":3},"title":"82 THE BASS BABY (III)","author":"timschraubtbass","date":"15. November 2019","format":false,"excerpt":"\u201dMan h\u00f6rt, dass es ein Helliver-Instrument ist.\u201d \u2013 Oliver Baron im Interview (Teil 3 des Bass-Berichts). Wie versprochen gibt's heute den Helliver-Chef & -Gr\u00fcnder Oliver im O-Ton. Der freundliche Dipl.-Des. spricht \u00fcber den ersten Bass aus seiner Werkstatt \u2013 und l\u00e4sst dabei angemessen tief blicken, was seine Arbeits- und Herangehensweise\u2026","rel":"","context":"In &quot;Allgemein&quot;","block_context":{"text":"Allgemein","link":"https:\/\/timschraubtbass.tim-stelzer.de\/?cat=1"},"img":{"alt_text":"","src":"https:\/\/i0.wp.com\/timschraubtbass.tim-stelzer.de\/wp-content\/uploads\/2019\/10\/IMG_7882.jpeg?resize=350%2C200&ssl=1","width":350,"height":200,"srcset":"https:\/\/i0.wp.com\/timschraubtbass.tim-stelzer.de\/wp-content\/uploads\/2019\/10\/IMG_7882.jpeg?resize=350%2C200&ssl=1 1x, https:\/\/i0.wp.com\/timschraubtbass.tim-stelzer.de\/wp-content\/uploads\/2019\/10\/IMG_7882.jpeg?resize=525%2C300&ssl=1 1.5x, https:\/\/i0.wp.com\/timschraubtbass.tim-stelzer.de\/wp-content\/uploads\/2019\/10\/IMG_7882.jpeg?resize=700%2C400&ssl=1 2x, https:\/\/i0.wp.com\/timschraubtbass.tim-stelzer.de\/wp-content\/uploads\/2019\/10\/IMG_7882.jpeg?resize=1050%2C600&ssl=1 3x, https:\/\/i0.wp.com\/timschraubtbass.tim-stelzer.de\/wp-content\/uploads\/2019\/10\/IMG_7882.jpeg?resize=1400%2C800&ssl=1 4x"},"classes":[]},{"id":2152,"url":"https:\/\/timschraubtbass.tim-stelzer.de\/?p=2152","url_meta":{"origin":2556,"position":4},"title":"80 THE BASS BABY (I)","author":"timschraubtbass","date":"16. Oktober 2019","format":false,"excerpt":"Der erste Helliver-Bass im Test (Teil 1) Vielversprechende Ank\u00fcndigungen gab es ja schon vor zwei Jahren \u2013 aber jetzt ist es endlich soweit: Der erste Helliver-Bass ist fertig! Und ich durfte ihn bereits testen. Ausf\u00fchrlich! Das verdient nat\u00fcrlich gleich eine ganze Artikel-Reihe. Viel Spa\u00df beim Lesen \u2026 \u2026 und genau\u2026","rel":"","context":"In &quot;Allgemein&quot;","block_context":{"text":"Allgemein","link":"https:\/\/timschraubtbass.tim-stelzer.de\/?cat=1"},"img":{"alt_text":"","src":"https:\/\/i0.wp.com\/timschraubtbass.tim-stelzer.de\/wp-content\/uploads\/2019\/10\/IMG_7882.jpeg?resize=350%2C200&ssl=1","width":350,"height":200,"srcset":"https:\/\/i0.wp.com\/timschraubtbass.tim-stelzer.de\/wp-content\/uploads\/2019\/10\/IMG_7882.jpeg?resize=350%2C200&ssl=1 1x, https:\/\/i0.wp.com\/timschraubtbass.tim-stelzer.de\/wp-content\/uploads\/2019\/10\/IMG_7882.jpeg?resize=525%2C300&ssl=1 1.5x, https:\/\/i0.wp.com\/timschraubtbass.tim-stelzer.de\/wp-content\/uploads\/2019\/10\/IMG_7882.jpeg?resize=700%2C400&ssl=1 2x, https:\/\/i0.wp.com\/timschraubtbass.tim-stelzer.de\/wp-content\/uploads\/2019\/10\/IMG_7882.jpeg?resize=1050%2C600&ssl=1 3x, https:\/\/i0.wp.com\/timschraubtbass.tim-stelzer.de\/wp-content\/uploads\/2019\/10\/IMG_7882.jpeg?resize=1400%2C800&ssl=1 4x"},"classes":[]},{"id":2206,"url":"https:\/\/timschraubtbass.tim-stelzer.de\/?p=2206","url_meta":{"origin":2556,"position":5},"title":"81 THE BASS BABY (II)","author":"timschraubtbass","date":"1. November 2019","format":false,"excerpt":"Der Helliver-Nachwuchs im Praxis-Test (Teil 2) Wie im ersten Teil angek\u00fcndigt hat mir Oliver seine j\u00fcngste Kreation noch einmal zur Verf\u00fcgung gestellt, damit ich ihre Tauglichkeit bei einer Bandprobe unter die Lupe nehmen kann. Hurra! Das war sehr aufschlussreich \u2013 und abgesehen davon nat\u00fcrlich auch total cool. Jedenfalls f\u00fcr mich.\u2026","rel":"","context":"In &quot;Allgemein&quot;","block_context":{"text":"Allgemein","link":"https:\/\/timschraubtbass.tim-stelzer.de\/?cat=1"},"img":{"alt_text":"","src":"https:\/\/i0.wp.com\/timschraubtbass.tim-stelzer.de\/wp-content\/uploads\/2019\/10\/IMG_7902.jpeg?resize=350%2C200&ssl=1","width":350,"height":200,"srcset":"https:\/\/i0.wp.com\/timschraubtbass.tim-stelzer.de\/wp-content\/uploads\/2019\/10\/IMG_7902.jpeg?resize=350%2C200&ssl=1 1x, https:\/\/i0.wp.com\/timschraubtbass.tim-stelzer.de\/wp-content\/uploads\/2019\/10\/IMG_7902.jpeg?resize=525%2C300&ssl=1 1.5x, https:\/\/i0.wp.com\/timschraubtbass.tim-stelzer.de\/wp-content\/uploads\/2019\/10\/IMG_7902.jpeg?resize=700%2C400&ssl=1 2x, https:\/\/i0.wp.com\/timschraubtbass.tim-stelzer.de\/wp-content\/uploads\/2019\/10\/IMG_7902.jpeg?resize=1050%2C600&ssl=1 3x, https:\/\/i0.wp.com\/timschraubtbass.tim-stelzer.de\/wp-content\/uploads\/2019\/10\/IMG_7902.jpeg?resize=1400%2C800&ssl=1 4x"},"classes":[]}],"_links":{"self":[{"href":"https:\/\/timschraubtbass.tim-stelzer.de\/index.php?rest_route=\/wp\/v2\/posts\/2556","targetHints":{"allow":["GET"]}}],"collection":[{"href":"https:\/\/timschraubtbass.tim-stelzer.de\/index.php?rest_route=\/wp\/v2\/posts"}],"about":[{"href":"https:\/\/timschraubtbass.tim-stelzer.de\/index.php?rest_route=\/wp\/v2\/types\/post"}],"author":[{"embeddable":true,"href":"https:\/\/timschraubtbass.tim-stelzer.de\/index.php?rest_route=\/wp\/v2\/users\/1"}],"replies":[{"embeddable":true,"href":"https:\/\/timschraubtbass.tim-stelzer.de\/index.php?rest_route=%2Fwp%2Fv2%2Fcomments&post=2556"}],"version-history":[{"count":45,"href":"https:\/\/timschraubtbass.tim-stelzer.de\/index.php?rest_route=\/wp\/v2\/posts\/2556\/revisions"}],"predecessor-version":[{"id":2621,"href":"https:\/\/timschraubtbass.tim-stelzer.de\/index.php?rest_route=\/wp\/v2\/posts\/2556\/revisions\/2621"}],"wp:featuredmedia":[{"embeddable":true,"href":"https:\/\/timschraubtbass.tim-stelzer.de\/index.php?rest_route=\/wp\/v2\/media\/2593"}],"wp:attachment":[{"href":"https:\/\/timschraubtbass.tim-stelzer.de\/index.php?rest_route=%2Fwp%2Fv2%2Fmedia&parent=2556"}],"wp:term":[{"taxonomy":"category","embeddable":true,"href":"https:\/\/timschraubtbass.tim-stelzer.de\/index.php?rest_route=%2Fwp%2Fv2%2Fcategories&post=2556"},{"taxonomy":"post_tag","embeddable":true,"href":"https:\/\/timschraubtbass.tim-stelzer.de\/index.php?rest_route=%2Fwp%2Fv2%2Ftags&post=2556"}],"curies":[{"name":"wp","href":"https:\/\/api.w.org\/{rel}","templated":true}]}}