{"id":2295,"date":"2019-11-29T17:50:06","date_gmt":"2019-11-29T16:50:06","guid":{"rendered":"http:\/\/tim-stelzer.de\/timschraubtbass\/?p=2295"},"modified":"2019-11-29T17:50:06","modified_gmt":"2019-11-29T16:50:06","slug":"83-kellermann","status":"publish","type":"post","link":"https:\/\/timschraubtbass.tim-stelzer.de\/?p=2295","title":{"rendered":"83 KELLERMANN"},"content":{"rendered":"\n<h2 class=\"wp-block-heading\"><strong>Musik f\u00fcr Harald. Auf Haralds Bass gespielt.<\/strong><\/h2>\n\n\n\n<p><strong>Es ist jetzt fast eineinhalb Jahre her, dass mein guter Freund <a rel=\"noreferrer noopener\" aria-label=\"Harald (opens in a new tab)\" href=\"https:\/\/www.trauer.ms\/traueranzeige\/hedwig-kellermann-2018-06-10-steinfurt-ev706647\" target=\"_blank\">Harald<\/a> gestorben ist. Ich hatte hier im letzten Jahr bereits <a rel=\"noreferrer noopener\" aria-label=\"ausf\u00fchrlich dar\u00fcber geschrieben (opens in a new tab)\" href=\"http:\/\/tim-stelzer.de\/timschraubtbass\/?p=1384\" target=\"_blank\">ausf\u00fchrlich dar\u00fcber geschrieben<\/a>. Jetzt habe ich ein Bass-Solo-St\u00fcck aufgenommen, das seinen Namen tr\u00e4gt \u2013 und das ich auf dem Bass eingespielt habe, den er mir vermacht hat.<\/strong><\/p>\n\n\n\n<p>Im M\u00e4rz 2018 hatte ich die kleine Melodie zum ersten Mal aufgenommen und dann auch hier <a rel=\"noreferrer noopener\" aria-label=\"in einem Blog-Artikel pr\u00e4sentiert (opens in a new tab)\" href=\"http:\/\/tim-stelzer.de\/timschraubtbass\/?p=1329\" target=\"_blank\">in einem Blog-Artikel pr\u00e4sentiert<\/a>. Das St\u00fcck war damals noch nicht ganz fertig und hatte noch keinen Titel, obwohl mir eigentlich schon klar war, das es \u201dKellermann\u201d hei\u00dfen w\u00fcrde. Musste. Denn als es mir einfiel oder zufiel oder wie auch immer man das nennen m\u00f6chte, war ich in Gedanken fast st\u00e4ndig bei Harald, der zu dieser Zeit bereits zwischen verschiedenen Krankenh\u00e4usern und unklaren Diagnosen hin- und her wechselte.<\/p>\n\n\n\n<p>Im Laufe des Jahres kam dann noch ein B-Teil zu dem St\u00fcck dazu, au\u00dferdem baute ich einen kleinen Improvisationsteil ein, wenn ich das St\u00fcck spielte. Als ich dann Haralds Bass erbte, dachte ich schon: Irgendwann spielst du das St\u00fcck auf seinem Bass und nimmst das auf.<\/p>\n\n\n\n<p>Aber ich habe sehr lange gebraucht, bis ich den Bass \u00fcberhaupt mal in die Hand nehmen konnte. Weil da immer dieses Gef\u00fchl war: Ich bewahre ihn nur f\u00fcr Harald auf. Irgendwann kommt er und holt ihn ab.<\/p>\n\n\n\n<p>Als wir uns dieses Jahr im April trafen und Haralds Geburtstag <a rel=\"noreferrer noopener\" aria-label=\"in einer seiner Lieblingskneipen (opens in a new tab)\" href=\"https:\/\/www.kreuzeckmuenster.de\" target=\"_blank\">in einer seiner Lieblingskneipen<\/a> in M\u00fcnster feierten, sprach ich mit seinem Bandkollegen Joshy dar\u00fcber, der eine von Haralds Gitarren geerbt hatte. Er konnte mein Z\u00f6gern nachvollziehen \u2013 aber hatte sich inzwischen davon l\u00f6sen k\u00f6nnen, die Gitarre neu besaitet, eingestellt, gepflegt und zum Spielen fertig gemacht. Denn daf\u00fcr sind Gitarren und B\u00e4sse ja da: Das man sie spielt. Und nicht nur an die Wand h\u00e4ngt, anschaut und denkt: Harald holt sie irgendwann wieder ab. Weil das nie passieren wird. Leider.<\/p>\n\n\n\n<figure class=\"wp-block-image size-large\"><a href=\"http:\/\/tim-stelzer.de\/timschraubtbass\/wp-content\/uploads\/2018\/07\/IMG_3240.jpg\"><img loading=\"lazy\" decoding=\"async\" width=\"333\" height=\"1024\" data-attachment-id=\"1404\" data-permalink=\"https:\/\/timschraubtbass.tim-stelzer.de\/?attachment_id=1404\" data-orig-file=\"https:\/\/timschraubtbass.tim-stelzer.de\/wp-content\/uploads\/2018\/07\/IMG_3240.jpg\" data-orig-size=\"1282,3945\" data-comments-opened=\"0\" data-image-meta=\"{&quot;aperture&quot;:&quot;1.8&quot;,&quot;credit&quot;:&quot;&quot;,&quot;camera&quot;:&quot;iPhone 8&quot;,&quot;caption&quot;:&quot;&quot;,&quot;created_timestamp&quot;:&quot;1531132027&quot;,&quot;copyright&quot;:&quot;&quot;,&quot;focal_length&quot;:&quot;3.99&quot;,&quot;iso&quot;:&quot;125&quot;,&quot;shutter_speed&quot;:&quot;0.25&quot;,&quot;title&quot;:&quot;Version 2&quot;,&quot;orientation&quot;:&quot;0&quot;}\" data-image-title=\"Version 2\" data-image-description=\"\" data-image-caption=\"\" data-large-file=\"https:\/\/timschraubtbass.tim-stelzer.de\/wp-content\/uploads\/2018\/07\/IMG_3240-333x1024.jpg\" src=\"http:\/\/tim-stelzer.de\/timschraubtbass\/wp-content\/uploads\/2018\/07\/IMG_3240-333x1024.jpg\" alt=\"\" class=\"wp-image-1404\" srcset=\"https:\/\/timschraubtbass.tim-stelzer.de\/wp-content\/uploads\/2018\/07\/IMG_3240-333x1024.jpg 333w, https:\/\/timschraubtbass.tim-stelzer.de\/wp-content\/uploads\/2018\/07\/IMG_3240-768x2363.jpg 768w, https:\/\/timschraubtbass.tim-stelzer.de\/wp-content\/uploads\/2018\/07\/IMG_3240.jpg 1282w\" sizes=\"auto, (max-width: 333px) 100vw, 333px\" \/><\/a><figcaption>Haralds Fender Mexiko Jazz Bass<\/figcaption><\/figure>\n\n\n\n<p>Also habe ich den sehr sch\u00f6nen Jazz Bass vor ein paar Wochen in die Hand genommen und darauf gespielt. Auf den Saiten, auf denen Harald noch gespielt hatte. Nachdem der Bass \u00fcber ein Jahr nur an der Wand gehangen hatte, musste ich die Saitenlage und die Intonation ein bisschen anpassen. Dann lie\u00df er sich sehr gut spielen. Obwohl die Saiten schon wirklich sehr alt waren. <\/p>\n\n\n\n<p>Doch bevor ich den Bass dann demn\u00e4chst mal reinige, pflege, einstelle und neu besaite, wollte ich \u201dKellermann\u201d damit aufnehmen. Auf dem Bass, wie ich ihn von Harald geerbt habe, mit den Saiten, auf denen er noch gespielt hat. <\/p>\n\n\n\n<p>Hier ist das Video. Die technischen Details dazu erkl\u00e4re ich vielleicht sp\u00e4ter mal, heute geht es einfach nur um meine anhaltende Trauer um meinen Freund Harald, um die tr\u00f6stende Wirkung von Musik und von sch\u00f6nen Erinnerungen \u2013 und darum, dass es mir eine gro\u00dfe Ehre ist, Haralds Bass spielen zu d\u00fcrfen.<\/p>\n\n\n\n<h3 class=\"wp-block-heading\"><strong>\u201dKellermann\u201d<\/strong><\/h3>\n\n\n\n<figure class=\"wp-block-embed-youtube wp-block-embed is-type-video is-provider-youtube wp-embed-aspect-16-9 wp-has-aspect-ratio\"><div class=\"wp-block-embed__wrapper\">\n<span class=\"embed-youtube\" style=\"text-align:center; display: block;\"><iframe loading=\"lazy\" class=\"youtube-player\" width=\"525\" height=\"296\" src=\"https:\/\/www.youtube.com\/embed\/yh3BhwCQJrM?version=3&#038;rel=1&#038;showsearch=0&#038;showinfo=1&#038;iv_load_policy=1&#038;fs=1&#038;hl=de-DE&#038;autohide=2&#038;wmode=transparent\" allowfullscreen=\"true\" style=\"border:0;\" sandbox=\"allow-scripts allow-same-origin allow-popups allow-presentation allow-popups-to-escape-sandbox\"><\/iframe><\/span>\n<\/div><figcaption><a href=\"https:\/\/www.youtube.com\/watch?v=yh3BhwCQJrM\" target=\"_blank\" rel=\"noreferrer noopener\" aria-label=\"https:\/\/www.youtube.com\/watch?v=yh3BhwCQJrM (opens in a new tab)\">https:\/\/www.youtube.com\/watch?v=yh3BhwCQJrM<\/a><\/figcaption><\/figure>\n","protected":false},"excerpt":{"rendered":"<p>Musik f\u00fcr Harald. Auf Haralds Bass gespielt. Es ist jetzt fast eineinhalb Jahre her, dass mein guter Freund Harald gestorben ist. Ich hatte hier im letzten Jahr bereits ausf\u00fchrlich dar\u00fcber geschrieben. Jetzt habe ich ein Bass-Solo-St\u00fcck aufgenommen, das seinen Namen tr\u00e4gt \u2013 und das ich auf dem Bass eingespielt habe, den er mir vermacht hat. &hellip; <\/p>\n<p class=\"link-more\"><a href=\"https:\/\/timschraubtbass.tim-stelzer.de\/?p=2295\" class=\"more-link\"><span class=\"screen-reader-text\">\u201e83 KELLERMANN\u201c <\/span>weiterlesen<\/a><\/p>\n","protected":false},"author":1,"featured_media":0,"comment_status":"open","ping_status":"open","sticky":false,"template":"","format":"standard","meta":{"jetpack_post_was_ever_published":false,"_jetpack_newsletter_access":"","_jetpack_dont_email_post_to_subs":false,"_jetpack_newsletter_tier_id":0,"_jetpack_memberships_contains_paywalled_content":false,"_jetpack_memberships_contains_paid_content":false,"footnotes":"","jetpack_publicize_message":"","jetpack_publicize_feature_enabled":true,"jetpack_social_post_already_shared":true,"jetpack_social_options":{"image_generator_settings":{"template":"highway","default_image_id":0,"font":"","enabled":false},"version":2}},"categories":[1],"tags":[23,13],"class_list":["post-2295","post","type-post","status-publish","format-standard","hentry","category-allgemein","tag-harald-kellermann","tag-timschraubtbass"],"jetpack_publicize_connections":[],"jetpack_featured_media_url":"","jetpack_sharing_enabled":true,"jetpack_shortlink":"https:\/\/wp.me\/p8SMry-B1","jetpack-related-posts":[{"id":1384,"url":"https:\/\/timschraubtbass.tim-stelzer.de\/?p=1384","url_meta":{"origin":2295,"position":0},"title":"65 DAS VERDAMMTE KLEINE \u201de\u201d","author":"timschraubtbass","date":"29. Juli 2018","format":false,"excerpt":"Abschied von Harald.An meiner Wand h\u00e4ngt ein neuer E-Bass. Nein. Er ist\u00a0nicht neu \u2013 er geh\u00f6rt meinem Freund Harald Kellermann. Nein. Er geh\u00f6rte Harald. Ich schaue auf den E-Bass, es ist ein sehr sch\u00f6ner Fender Jazz Bass, aber ich sehe nur dieses kleine \u201de\u201d, das aus \u201dgeh\u00f6rt\u201d einfach \u201dgeh\u00f6rte\u201d gemacht\u2026","rel":"","context":"In &quot;Allgemein&quot;","block_context":{"text":"Allgemein","link":"https:\/\/timschraubtbass.tim-stelzer.de\/?cat=1"},"img":{"alt_text":"","src":"https:\/\/i0.wp.com\/tim-stelzer.de\/timschraubtbass\/wp-content\/uploads\/2018\/07\/Tim-und-Claudia-150-744x1024.jpg?resize=350%2C200","width":350,"height":200,"srcset":"https:\/\/i0.wp.com\/tim-stelzer.de\/timschraubtbass\/wp-content\/uploads\/2018\/07\/Tim-und-Claudia-150-744x1024.jpg?resize=350%2C200 1x, https:\/\/i0.wp.com\/tim-stelzer.de\/timschraubtbass\/wp-content\/uploads\/2018\/07\/Tim-und-Claudia-150-744x1024.jpg?resize=525%2C300 1.5x"},"classes":[]},{"id":2355,"url":"https:\/\/timschraubtbass.tim-stelzer.de\/?p=2355","url_meta":{"origin":2295,"position":1},"title":"85 GEBURTSTAG","author":"timschraubtbass","date":"11. April 2020","format":false,"excerpt":"Heute ist der Geburtstag von meinem lieben Freund Harald. Er ist 2018 gestorben und ich habe seitdem seinen Bass hier bei mir. Ich hatte lange Probleme, mich mit dem Bass zu besch\u00e4ftigen oder etwas an ihm zu ver\u00e4ndern (und schrieb letztes Jahr schon dar\u00fcber). Heute wollten wir uns eigentlich wieder\u2026","rel":"","context":"In &quot;Allgemein&quot;","block_context":{"text":"Allgemein","link":"https:\/\/timschraubtbass.tim-stelzer.de\/?cat=1"},"img":{"alt_text":"","src":"https:\/\/i0.wp.com\/timschraubtbass.tim-stelzer.de\/wp-content\/uploads\/2020\/04\/img_9529.jpg?resize=350%2C200&ssl=1","width":350,"height":200,"srcset":"https:\/\/i0.wp.com\/timschraubtbass.tim-stelzer.de\/wp-content\/uploads\/2020\/04\/img_9529.jpg?resize=350%2C200&ssl=1 1x, https:\/\/i0.wp.com\/timschraubtbass.tim-stelzer.de\/wp-content\/uploads\/2020\/04\/img_9529.jpg?resize=525%2C300&ssl=1 1.5x, https:\/\/i0.wp.com\/timschraubtbass.tim-stelzer.de\/wp-content\/uploads\/2020\/04\/img_9529.jpg?resize=700%2C400&ssl=1 2x, https:\/\/i0.wp.com\/timschraubtbass.tim-stelzer.de\/wp-content\/uploads\/2020\/04\/img_9529.jpg?resize=1050%2C600&ssl=1 3x"},"classes":[]},{"id":3572,"url":"https:\/\/timschraubtbass.tim-stelzer.de\/?p=3572","url_meta":{"origin":2295,"position":2},"title":"103 JAZZ SPASS (Teil 1)","author":"timschraubtbass","date":"4. Dezember 2024","format":false,"excerpt":"Vererbungsehre Mein 2018 verstorbener Freund Harald hat einen besonderen Platz hier in meinem Blog. Ich denke sehr oft an ihn \u2013 und das nicht nur, weil ich seinen Fender MIM Jazz Bass geerbt habe. Aus seinem Nachlass waren noch ein paar andere Sachen bei mir gelandet. Zum Beispiel ein Jazz-Bass-Hals.\u2026","rel":"","context":"In &quot;Allgemein&quot;","block_context":{"text":"Allgemein","link":"https:\/\/timschraubtbass.tim-stelzer.de\/?cat=1"},"img":{"alt_text":"","src":"https:\/\/i0.wp.com\/timschraubtbass.tim-stelzer.de\/wp-content\/uploads\/2024\/11\/17C7BD53-7F28-43EA-8B23-955946E8E443_1_201_a.jpeg?resize=350%2C200&ssl=1","width":350,"height":200,"srcset":"https:\/\/i0.wp.com\/timschraubtbass.tim-stelzer.de\/wp-content\/uploads\/2024\/11\/17C7BD53-7F28-43EA-8B23-955946E8E443_1_201_a.jpeg?resize=350%2C200&ssl=1 1x, https:\/\/i0.wp.com\/timschraubtbass.tim-stelzer.de\/wp-content\/uploads\/2024\/11\/17C7BD53-7F28-43EA-8B23-955946E8E443_1_201_a.jpeg?resize=525%2C300&ssl=1 1.5x, https:\/\/i0.wp.com\/timschraubtbass.tim-stelzer.de\/wp-content\/uploads\/2024\/11\/17C7BD53-7F28-43EA-8B23-955946E8E443_1_201_a.jpeg?resize=700%2C400&ssl=1 2x"},"classes":[]},{"id":3586,"url":"https:\/\/timschraubtbass.tim-stelzer.de\/?p=3586","url_meta":{"origin":2295,"position":3},"title":"106 JAZZ SPASS (Teil 2)","author":"timschraubtbass","date":"20. Dezember 2024","format":false,"excerpt":"Die \u00d6lprinzessin Rein grammatisch gesehen sind Gitarren feminin und B\u00e4sse maskulin. Aber in meinem Kopf ist bei B\u00e4ssen eine Binnen-Differenzierung, warum auch immer: Fender Precis sind m\u00e4nnlich, Fender Jazz B\u00e4sse sind weiblich. Liegt es an ihren Formen? An den (ziemlich genderklischeehaften) (B)Assoziationen \u201dPreci = f\u00fcrs Grobe\u201d & \u201dJazz Bass =\u2026","rel":"","context":"In &quot;Allgemein&quot;","block_context":{"text":"Allgemein","link":"https:\/\/timschraubtbass.tim-stelzer.de\/?cat=1"},"img":{"alt_text":"","src":"https:\/\/i0.wp.com\/timschraubtbass.tim-stelzer.de\/wp-content\/uploads\/2024\/11\/7A1D208A-E19B-42AF-8740-FDD89035628B_1_105_c.jpeg?resize=350%2C200&ssl=1","width":350,"height":200,"srcset":"https:\/\/i0.wp.com\/timschraubtbass.tim-stelzer.de\/wp-content\/uploads\/2024\/11\/7A1D208A-E19B-42AF-8740-FDD89035628B_1_105_c.jpeg?resize=350%2C200&ssl=1 1x, https:\/\/i0.wp.com\/timschraubtbass.tim-stelzer.de\/wp-content\/uploads\/2024\/11\/7A1D208A-E19B-42AF-8740-FDD89035628B_1_105_c.jpeg?resize=525%2C300&ssl=1 1.5x, https:\/\/i0.wp.com\/timschraubtbass.tim-stelzer.de\/wp-content\/uploads\/2024\/11\/7A1D208A-E19B-42AF-8740-FDD89035628B_1_105_c.jpeg?resize=700%2C400&ssl=1 2x"},"classes":[]},{"id":3774,"url":"https:\/\/timschraubtbass.tim-stelzer.de\/?p=3774","url_meta":{"origin":2295,"position":4},"title":"108 JAZZ SPASS (Teil 4)","author":"timschraubtbass","date":"14. November 2025","format":false,"excerpt":"Time takes time: Endlich (!!) der 4. und (vorerst) letzte Teil von JAZZ SPASS, meinem Schrauben-2.0-Projekt. Enjoy!","rel":"","context":"In &quot;Allgemein&quot;","block_context":{"text":"Allgemein","link":"https:\/\/timschraubtbass.tim-stelzer.de\/?cat=1"},"img":{"alt_text":"","src":"https:\/\/i0.wp.com\/timschraubtbass.tim-stelzer.de\/wp-content\/uploads\/2025\/11\/IMG_9603.jpg?resize=350%2C200&ssl=1","width":350,"height":200,"srcset":"https:\/\/i0.wp.com\/timschraubtbass.tim-stelzer.de\/wp-content\/uploads\/2025\/11\/IMG_9603.jpg?resize=350%2C200&ssl=1 1x, https:\/\/i0.wp.com\/timschraubtbass.tim-stelzer.de\/wp-content\/uploads\/2025\/11\/IMG_9603.jpg?resize=525%2C300&ssl=1 1.5x, https:\/\/i0.wp.com\/timschraubtbass.tim-stelzer.de\/wp-content\/uploads\/2025\/11\/IMG_9603.jpg?resize=700%2C400&ssl=1 2x, https:\/\/i0.wp.com\/timschraubtbass.tim-stelzer.de\/wp-content\/uploads\/2025\/11\/IMG_9603.jpg?resize=1050%2C600&ssl=1 3x, https:\/\/i0.wp.com\/timschraubtbass.tim-stelzer.de\/wp-content\/uploads\/2025\/11\/IMG_9603.jpg?resize=1400%2C800&ssl=1 4x"},"classes":[]},{"id":884,"url":"https:\/\/timschraubtbass.tim-stelzer.de\/?p=884","url_meta":{"origin":2295,"position":5},"title":"41 GET INTO THE GROOVE","author":"timschraubtbass","date":"13. Oktober 2017","format":false,"excerpt":"Der Bass geht\u00a0weiter. Wie versprochen gibt's jetzt endlich ein paar weitere Aufnahmen vom geschraubten\u00a0Preci. Ich habe mich weiter mit dem\u00a0iRig HD2\u00a0besch\u00e4ftigt \u2013 und die folgenden Beispiele sind dabei herausgekommen. Gestern Abend hatte ich ein wenig Zeit und habe mich mit dem Bass aufs Sofa verzogen, um mit meinem neuen iRig\u2026","rel":"","context":"In &quot;Allgemein&quot;","block_context":{"text":"Allgemein","link":"https:\/\/timschraubtbass.tim-stelzer.de\/?cat=1"},"img":{"alt_text":"","src":"https:\/\/i0.wp.com\/tim-stelzer.de\/timschraubtbass\/wp-content\/uploads\/2017\/10\/IMG_1184-1024x768.jpg?resize=350%2C200","width":350,"height":200,"srcset":"https:\/\/i0.wp.com\/tim-stelzer.de\/timschraubtbass\/wp-content\/uploads\/2017\/10\/IMG_1184-1024x768.jpg?resize=350%2C200 1x, https:\/\/i0.wp.com\/tim-stelzer.de\/timschraubtbass\/wp-content\/uploads\/2017\/10\/IMG_1184-1024x768.jpg?resize=525%2C300 1.5x"},"classes":[]}],"_links":{"self":[{"href":"https:\/\/timschraubtbass.tim-stelzer.de\/index.php?rest_route=\/wp\/v2\/posts\/2295","targetHints":{"allow":["GET"]}}],"collection":[{"href":"https:\/\/timschraubtbass.tim-stelzer.de\/index.php?rest_route=\/wp\/v2\/posts"}],"about":[{"href":"https:\/\/timschraubtbass.tim-stelzer.de\/index.php?rest_route=\/wp\/v2\/types\/post"}],"author":[{"embeddable":true,"href":"https:\/\/timschraubtbass.tim-stelzer.de\/index.php?rest_route=\/wp\/v2\/users\/1"}],"replies":[{"embeddable":true,"href":"https:\/\/timschraubtbass.tim-stelzer.de\/index.php?rest_route=%2Fwp%2Fv2%2Fcomments&post=2295"}],"version-history":[{"count":10,"href":"https:\/\/timschraubtbass.tim-stelzer.de\/index.php?rest_route=\/wp\/v2\/posts\/2295\/revisions"}],"predecessor-version":[{"id":2305,"href":"https:\/\/timschraubtbass.tim-stelzer.de\/index.php?rest_route=\/wp\/v2\/posts\/2295\/revisions\/2305"}],"wp:attachment":[{"href":"https:\/\/timschraubtbass.tim-stelzer.de\/index.php?rest_route=%2Fwp%2Fv2%2Fmedia&parent=2295"}],"wp:term":[{"taxonomy":"category","embeddable":true,"href":"https:\/\/timschraubtbass.tim-stelzer.de\/index.php?rest_route=%2Fwp%2Fv2%2Fcategories&post=2295"},{"taxonomy":"post_tag","embeddable":true,"href":"https:\/\/timschraubtbass.tim-stelzer.de\/index.php?rest_route=%2Fwp%2Fv2%2Ftags&post=2295"}],"curies":[{"name":"wp","href":"https:\/\/api.w.org\/{rel}","templated":true}]}}