{"id":2089,"date":"2019-05-14T13:02:51","date_gmt":"2019-05-14T11:02:51","guid":{"rendered":"http:\/\/tim-stelzer.de\/timschraubtbass\/?p=2089"},"modified":"2019-05-14T13:02:59","modified_gmt":"2019-05-14T11:02:59","slug":"77-doris-tag","status":"publish","type":"post","link":"https:\/\/timschraubtbass.tim-stelzer.de\/?p=2089","title":{"rendered":"77 DORIS-TAG"},"content":{"rendered":"\n<h2 class=\"wp-block-heading\"><strong>\u201dQue Sera, Sera\u201d \u2013 oder: Warum ich kein Video-Blogger geworden bin.<\/strong><\/h2>\n\n\n\n<p><strong>Gestern ist <a rel=\"noreferrer noopener\" aria-label=\"Doris Day (opens in a new tab)\" href=\"https:\/\/de.wikipedia.org\/wiki\/Doris_Day\" target=\"_blank\">Doris Day<\/a> im Alter von 97 Jahren gestorben. Wahrscheinlich war nicht nur bei mir die erste Reaktion der Gedanke: Wusste gar nicht, dass sie noch lebte \u2026 Doch dann kamen Erinnerungen zur\u00fcck, an Filmnachmittage und -abende meiner Kindheit. Ich denke, ich habe damals die meisten der vielen, vielen <a href=\"https:\/\/www.youtube.com\/watch?v=40KqQt6j5_c\" target=\"_blank\" rel=\"noreferrer noopener\" aria-label=\"Doris-Day-Filme (opens in a new tab)\">Doris-Day-Filme<\/a> gesehen. Und fand sie lustig. Ach, wir hatten ja nichts! <\/strong><\/p>\n\n\n\n<p>Dann holte mich eine weitere Erinnerung ein: Ich hatte ja <a rel=\"noreferrer noopener\" aria-label=\"vor gar nicht langer Zeit (opens in a new tab)\" href=\"http:\/\/tim-stelzer.de\/timschraubtbass\/?p=2062\" target=\"_blank\">vor gar nicht langer Zeit<\/a> einen kleinen <strong>Ausblick<\/strong> gegeben auf die Themen, die ich auf #timschraubtbass bearbeiten bzw. aufarbeiten wollte. In Bezug auf einen <a rel=\"noreferrer noopener\" aria-label=\"noch \u00e4lteren Artikel (opens in a new tab)\" href=\"http:\/\/tim-stelzer.de\/timschraubtbass\/?p=1564\" target=\"_blank\">noch \u00e4lteren Artikel<\/a> hatte ich leichtsinnigerweise versprochen, den <strong>Beweis<\/strong> zu liefern, dass ich <a rel=\"noreferrer noopener\" aria-label=\"das Intro zu Marcus Millers Version von \u201dQue Sera, Sera\u201d (opens in a new tab)\" href=\"https:\/\/www.youtube.com\/watch?v=KVMuparhtks\" target=\"_blank\"><strong>das Intro zu Marcus Millers Version von \u201dQue Sera, Sera<\/strong>\u201d<\/a> tats\u00e4chlich gelernt habe und spielen kann. <\/p>\n\n\n\n<p><strong>Tja, und wann, wenn nicht heute?<\/strong><\/p>\n\n\n\n<p>Doch erst darf Doris.<\/p>\n\n\n\n<figure class=\"wp-block-embed-youtube wp-block-embed is-type-video is-provider-youtube wp-embed-aspect-4-3 wp-has-aspect-ratio\"><div class=\"wp-block-embed__wrapper\">\n<span class=\"embed-youtube\" style=\"text-align:center; display: block;\"><iframe loading=\"lazy\" class=\"youtube-player\" width=\"525\" height=\"296\" src=\"https:\/\/www.youtube.com\/embed\/xZbKHDPPrrc?version=3&#038;rel=1&#038;showsearch=0&#038;showinfo=1&#038;iv_load_policy=1&#038;fs=1&#038;hl=de-DE&#038;autohide=2&#038;wmode=transparent\" allowfullscreen=\"true\" style=\"border:0;\" sandbox=\"allow-scripts allow-same-origin allow-popups allow-presentation allow-popups-to-escape-sandbox\"><\/iframe><\/span>\n<\/div><figcaption>Das TV-Bild war damals halt noch etwas unscharf (keine Anspielung auf das, was <a rel=\"noreferrer noopener\" aria-label=\"Groucho Marx (opens in a new tab)\" href=\"https:\/\/www.independent.co.uk\/arts-entertainment\/arts-before-she-was-a-virgin-1304244.html\" target=\"_blank\">Groucho Marx<\/a> angeblich \u00fcber Mrs. Day gesagt hat!).<\/figcaption><\/figure>\n\n\n\n<p>Wer mehr \u00fcber das Lied wissen m\u00f6chte, kann \u00fcbrigens beim deutschen Rolling Stone einen kurzen <a rel=\"noreferrer noopener\" aria-label=\"Beitrag (opens in a new tab)\" href=\"https:\/\/www.rollingstone.de\/doris-day-alles-was-man-ueber-que-sera-sera-wissen-muss-1704025\/\" target=\"_blank\">Beitrag<\/a> dazu lesen. <\/p>\n\n\n\n<h3 class=\"wp-block-heading\"><strong>Laid Black<\/strong><\/h3>\n\n\n\n<p>Letztes Jahr kam Marcus Millers CD \u201dLaid Black\u201d heraus, die mir sehr gut gefiel. In der Gitarre&amp;Bass-Ausgabe 8\/2018 fand ich dann ein <a rel=\"noreferrer noopener\" href=\"https:\/\/www.gitarrebass.de\/stories\/marcus-miller-im-interview\/\" target=\"_blank\"><strong>Interview mit Meister Miller<\/strong><\/a> zum Album \u2013 und eine <strong>Transkription des Intros<\/strong> von \u201dQue Sera, Sera\u201d. Ich machte mich ans \u00dcben.<\/p>\n\n\n\n<p>Ich habe ehrlich gesagt bereits letzte Woche erste Versuche unternommen, das kurze Intro vern\u00fcnftig aufzunehmen. Heute war ich dann einigerma\u00dfen zufrieden. Nicht ganz 100 %, aber es reicht. Mir.<\/p>\n\n\n\n<p><strong>Genug Vorgepl\u00e4nkel?<\/strong><\/p>\n\n\n\n<p>Sorry. Ich bin ein bisschen nerv\u00f6s. \ud83d\ude09<\/p>\n\n\n\n<p>Also gut.<\/p>\n\n\n\n<p>Here it comes. One-Two-Three, One-Two-Three (OK, etwas langsamer als im Original):<\/p>\n\n\n\n<figure class=\"wp-block-embed-youtube wp-block-embed is-type-video is-provider-youtube wp-embed-aspect-16-9 wp-has-aspect-ratio\"><div class=\"wp-block-embed__wrapper\">\n<span class=\"embed-youtube\" style=\"text-align:center; display: block;\"><iframe loading=\"lazy\" class=\"youtube-player\" width=\"525\" height=\"296\" src=\"https:\/\/www.youtube.com\/embed\/Jal7d79rpl4?version=3&#038;rel=1&#038;showsearch=0&#038;showinfo=1&#038;iv_load_policy=1&#038;fs=1&#038;hl=de-DE&#038;autohide=2&#038;wmode=transparent\" allowfullscreen=\"true\" style=\"border:0;\" sandbox=\"allow-scripts allow-same-origin allow-popups allow-presentation allow-popups-to-escape-sandbox\"><\/iframe><\/span>\n<\/div><figcaption>Was auch immer. Wird schon.<\/figcaption><\/figure>\n\n\n\n<p>Puh. <strong>Ging doch<\/strong>. Einigerma\u00dfen.<\/p>\n\n\n\n<p>Aber beim Vorbereiten &amp; Produzieren dieses Artikels habe ich deutlich gemerkt, dass es eine <strong>gute Entscheidung<\/strong> war, aus #timschraubtbass ein <strong>textbasiertes Blog<\/strong> zu machen. Und <strong>keine Videoserie<\/strong>. Videoproduktion ist mir einfach <strong>zu aufwendig<\/strong>. <\/p>\n\n\n\n<p>Deshalb ist das Video komplett unbearbeitet und ungeschnitten. Auch der Sound ist so, wie mein iPhone 8 es vom Regal aus im Raum aufgenommen hat. Gespielt habe ich \u00fcber meinen 2018 erworbenen <a rel=\"noreferrer noopener\" aria-label=\"Trace Elliot ELF (opens in a new tab)\" href=\"https:\/\/www.traceelliot.com\/#elf\" target=\"_blank\"><strong>Trace Elliot ELF<\/strong><\/a>, der an eine <a href=\"http:\/\/www.samsontech.com\/hartke\/products\/cabinets\/hydrive-cabinets\/hx112\/\" target=\"_blank\" rel=\"noreferrer noopener\" aria-label=\"Hartke HyDrive 112 (opens in a new tab)\">Hartke HyDrive 112<\/a> angeschlossen ist.<\/p>\n\n\n\n<p>Zu diesem Setup werde ich auch noch was schreiben \u2026 Der <strong>Sound<\/strong> w\u00e4re nat\u00fcrlich eindrucksvoller, h\u00e4tte ich die Box mit Mikro abgenommen, den DI-Out genutzt, beide Signale verwertet, optimiert &amp; mit der Videospur wiedervereint.<\/p>\n\n\n\n<p><strong>Aber wozu?<\/strong><\/p>\n\n\n\n<p>Bin ja weder Video-Blogger noch Bass-Profi. Au\u00dferdem sind wir mit meiner Band <a rel=\"noreferrer noopener\" aria-label=\"DIE BERATER (opens in a new tab)\" href=\"http:\/\/dieberaterband.de\" target=\"_blank\"><strong>DIE BERATER<\/strong><\/a> gerade dabei, ein <strong>neues Demo<\/strong> aufzunehmen, wieder mit meinem ganzen Studio-Equipment, das im Bandraum installiert ist. Da habe ich schon genug mit Audio- und Aufnahme-Optimierung zu tun. Und hier soll das ja alles Freizeit bleiben \u2026 \ud83d\ude09<\/p>\n\n\n\n<h3 class=\"wp-block-heading\"><strong>In diesem Sinne: Denkt an Doris, genie\u00dft das Leben, spielt Bass \u2013 und stay tuned!<\/strong><\/h3>\n\n\n\n<p>PS: Whatever will be \u2013 ich werde wohl doch ein bisschen Videoschnitt machen m\u00fcssen.   Freut euch auf ein kurzweiliges Blooper-Reel! <\/p>\n","protected":false},"excerpt":{"rendered":"<p>\u201dQue Sera, Sera\u201d \u2013 oder: Warum ich kein Video-Blogger geworden bin. Gestern ist Doris Day im Alter von 97 Jahren gestorben. Wahrscheinlich war nicht nur bei mir die erste Reaktion der Gedanke: Wusste gar nicht, dass sie noch lebte \u2026 Doch dann kamen Erinnerungen zur\u00fcck, an Filmnachmittage und -abende meiner Kindheit. Ich denke, ich habe &hellip; <\/p>\n<p class=\"link-more\"><a href=\"https:\/\/timschraubtbass.tim-stelzer.de\/?p=2089\" class=\"more-link\"><span class=\"screen-reader-text\">\u201e77 DORIS-TAG\u201c <\/span>weiterlesen<\/a><\/p>\n","protected":false},"author":1,"featured_media":0,"comment_status":"open","ping_status":"open","sticky":false,"template":"","format":"standard","meta":{"jetpack_post_was_ever_published":false,"_jetpack_newsletter_access":"","_jetpack_dont_email_post_to_subs":false,"_jetpack_newsletter_tier_id":0,"_jetpack_memberships_contains_paywalled_content":false,"_jetpack_memberships_contains_paid_content":false,"footnotes":"","jetpack_publicize_message":"","jetpack_publicize_feature_enabled":true,"jetpack_social_post_already_shared":true,"jetpack_social_options":{"image_generator_settings":{"template":"highway","default_image_id":0,"font":"","enabled":false},"version":2}},"categories":[1],"tags":[],"class_list":["post-2089","post","type-post","status-publish","format-standard","hentry","category-allgemein"],"jetpack_publicize_connections":[],"jetpack_featured_media_url":"","jetpack_sharing_enabled":true,"jetpack_shortlink":"https:\/\/wp.me\/p8SMry-xH","jetpack-related-posts":[{"id":2519,"url":"https:\/\/timschraubtbass.tim-stelzer.de\/?p=2519","url_meta":{"origin":2089,"position":0},"title":"88 PLAN B. (INTRO)","author":"timschraubtbass","date":"14. Oktober 2020","format":false,"excerpt":"\u201dYou can never have too many guitars!\u201d Ein T-Shirt mit diesem Spruch bekam ich bereits vor vielen Jahren mal geschenkt. Abgesehen davon, dass der Spruch sowieso schon immer total wahr war, hat er sich bei mir seitdem sogar noch mehrfach bewahrheitet. Es war einfach nie genug! (Bassgitarren eingerechnet, sind ja\u2026","rel":"","context":"In &quot;Allgemein&quot;","block_context":{"text":"Allgemein","link":"https:\/\/timschraubtbass.tim-stelzer.de\/?cat=1"},"img":{"alt_text":"","src":"https:\/\/i0.wp.com\/timschraubtbass.tim-stelzer.de\/wp-content\/uploads\/2020\/10\/IMG_5204-scaled.jpeg?resize=350%2C200&ssl=1","width":350,"height":200,"srcset":"https:\/\/i0.wp.com\/timschraubtbass.tim-stelzer.de\/wp-content\/uploads\/2020\/10\/IMG_5204-scaled.jpeg?resize=350%2C200&ssl=1 1x, https:\/\/i0.wp.com\/timschraubtbass.tim-stelzer.de\/wp-content\/uploads\/2020\/10\/IMG_5204-scaled.jpeg?resize=525%2C300&ssl=1 1.5x, https:\/\/i0.wp.com\/timschraubtbass.tim-stelzer.de\/wp-content\/uploads\/2020\/10\/IMG_5204-scaled.jpeg?resize=700%2C400&ssl=1 2x, https:\/\/i0.wp.com\/timschraubtbass.tim-stelzer.de\/wp-content\/uploads\/2020\/10\/IMG_5204-scaled.jpeg?resize=1050%2C600&ssl=1 3x, https:\/\/i0.wp.com\/timschraubtbass.tim-stelzer.de\/wp-content\/uploads\/2020\/10\/IMG_5204-scaled.jpeg?resize=1400%2C800&ssl=1 4x"},"classes":[]},{"id":1564,"url":"https:\/\/timschraubtbass.tim-stelzer.de\/?p=1564","url_meta":{"origin":2089,"position":1},"title":"73 BASS TO THE FUTURE (Teil 2)","author":"timschraubtbass","date":"16. Januar 2019","format":false,"excerpt":"\u201dWhatever will be, will be\u201d \u2013Die Musik Produktiv Hausmesse 2018 Der erste Teil meines Berichts endete mit dem kurzen Test des Marleaux Shortscale-Basses, der \u00fcbrigens auch in der aktuellen \u201dBass Professor\u201d-Ausgabe euphorisch bespielt & besprochen wird (leider noch kein Link verf\u00fcgbar, sorry). Jetzt geht's weiter.\u00a0Der DeLorean ist mittlerweile im\u00a0neuen\u00a0Jahr\u00a0gelandet \u2013\u00a0f\u00fcr\u00a0das\u00a0ich\u00a0allen\u00a0Leserinnen\u00a0und\u00a0Lesern\u00a0alles\u00a0erdenklich\u2026","rel":"","context":"In &quot;Allgemein&quot;","block_context":{"text":"Allgemein","link":"https:\/\/timschraubtbass.tim-stelzer.de\/?cat=1"},"img":{"alt_text":"","src":"https:\/\/i0.wp.com\/timschraubtbass.tim-stelzer.de\/wp-content\/uploads\/2018\/12\/IMG_4465.jpg?resize=350%2C200&ssl=1","width":350,"height":200,"srcset":"https:\/\/i0.wp.com\/timschraubtbass.tim-stelzer.de\/wp-content\/uploads\/2018\/12\/IMG_4465.jpg?resize=350%2C200&ssl=1 1x, https:\/\/i0.wp.com\/timschraubtbass.tim-stelzer.de\/wp-content\/uploads\/2018\/12\/IMG_4465.jpg?resize=525%2C300&ssl=1 1.5x, https:\/\/i0.wp.com\/timschraubtbass.tim-stelzer.de\/wp-content\/uploads\/2018\/12\/IMG_4465.jpg?resize=700%2C400&ssl=1 2x, https:\/\/i0.wp.com\/timschraubtbass.tim-stelzer.de\/wp-content\/uploads\/2018\/12\/IMG_4465.jpg?resize=1050%2C600&ssl=1 3x, https:\/\/i0.wp.com\/timschraubtbass.tim-stelzer.de\/wp-content\/uploads\/2018\/12\/IMG_4465.jpg?resize=1400%2C800&ssl=1 4x"},"classes":[]},{"id":1506,"url":"https:\/\/timschraubtbass.tim-stelzer.de\/?p=1506","url_meta":{"origin":2089,"position":2},"title":"71 WOW, WILFER! (Teil 2)","author":"timschraubtbass","date":"15. November 2018","format":false,"excerpt":"\u201dGeduld, \u00dcbung, Passion.\u201d Wie im letzten Beitrag ausf\u00fchrlich und im Detail erl\u00e4utert, hatte Warwick-Gr\u00fcnder und Bassbau-Legende Hans-Peter Wilfer zugesagt, mir ein paar Fragen zu beantworten. Aber die musste ich mir erstmal\u00a0\u00fcberlegen. Infos \u00fcber ihn und Interviews mit ihm gibt es ja bereits in H\u00fclle und F\u00fclle \u2013 seit Anfang der\u2026","rel":"","context":"In &quot;Allgemein&quot;","block_context":{"text":"Allgemein","link":"https:\/\/timschraubtbass.tim-stelzer.de\/?cat=1"},"img":{"alt_text":"","src":"https:\/\/i0.wp.com\/tim-stelzer.de\/timschraubtbass\/wp-content\/uploads\/2018\/11\/IMG_4478-1024x1024.jpg?resize=350%2C200","width":350,"height":200,"srcset":"https:\/\/i0.wp.com\/tim-stelzer.de\/timschraubtbass\/wp-content\/uploads\/2018\/11\/IMG_4478-1024x1024.jpg?resize=350%2C200 1x, https:\/\/i0.wp.com\/tim-stelzer.de\/timschraubtbass\/wp-content\/uploads\/2018\/11\/IMG_4478-1024x1024.jpg?resize=525%2C300 1.5x"},"classes":[]},{"id":987,"url":"https:\/\/timschraubtbass.tim-stelzer.de\/?p=987","url_meta":{"origin":2089,"position":3},"title":"46 MARLEAUX AGAIN \u2026","author":"timschraubtbass","date":"16. November 2017","format":false,"excerpt":"Das gro\u00dfe Messen (Teil 2) Wie im ersten Teil\u00a0berichtet, war mein Besuch der\u00a0Hausmesse bei Musik Produktiv am 11.11.2017 vor allem von meiner Begegnung mit Gerald Marleaux gepr\u00e4gt. Und von der mit seinen B\u00e4ssen. Und von der enormen Lautst\u00e4rke auf der Messe, trotz derer wir uns ein bisschen unterhalten konnten. Auch\u2026","rel":"","context":"In &quot;Allgemein&quot;","block_context":{"text":"Allgemein","link":"https:\/\/timschraubtbass.tim-stelzer.de\/?cat=1"},"img":{"alt_text":"","src":"https:\/\/i0.wp.com\/tim-stelzer.de\/timschraubtbass\/wp-content\/uploads\/2017\/11\/IMG_1322-e1510746911274-590x1024.jpg?resize=350%2C200","width":350,"height":200,"srcset":"https:\/\/i0.wp.com\/tim-stelzer.de\/timschraubtbass\/wp-content\/uploads\/2017\/11\/IMG_1322-e1510746911274-590x1024.jpg?resize=350%2C200 1x, https:\/\/i0.wp.com\/tim-stelzer.de\/timschraubtbass\/wp-content\/uploads\/2017\/11\/IMG_1322-e1510746911274-590x1024.jpg?resize=525%2C300 1.5x"},"classes":[]},{"id":1544,"url":"https:\/\/timschraubtbass.tim-stelzer.de\/?p=1544","url_meta":{"origin":2089,"position":4},"title":"72 BASS TO THE FUTURE (Teil 1)","author":"timschraubtbass","date":"20. Dezember 2018","format":false,"excerpt":"\u201dNobody calls me chicken!\u201dDie Musik Produktiv Hausmesse 2018 Endlich komme ich dazu, meinen Bericht \u00fcber die Hausmesse 2018 bei\u00a0Musik Produktiv in Ibbenb\u00fcren zu schreiben. Von der Messe 2017 war ich ja recht begeistert gewesen. Und wie war's diesmal? Am 10. November 2018 holte mich mein Bandkollege Norbert morgens ab und\u2026","rel":"","context":"In &quot;Allgemein&quot;","block_context":{"text":"Allgemein","link":"https:\/\/timschraubtbass.tim-stelzer.de\/?cat=1"},"img":{"alt_text":"","src":"https:\/\/i0.wp.com\/timschraubtbass.tim-stelzer.de\/wp-content\/uploads\/2018\/12\/Musikmesse2018DeLorean.jpg?resize=350%2C200&ssl=1","width":350,"height":200,"srcset":"https:\/\/i0.wp.com\/timschraubtbass.tim-stelzer.de\/wp-content\/uploads\/2018\/12\/Musikmesse2018DeLorean.jpg?resize=350%2C200&ssl=1 1x, https:\/\/i0.wp.com\/timschraubtbass.tim-stelzer.de\/wp-content\/uploads\/2018\/12\/Musikmesse2018DeLorean.jpg?resize=525%2C300&ssl=1 1.5x, https:\/\/i0.wp.com\/timschraubtbass.tim-stelzer.de\/wp-content\/uploads\/2018\/12\/Musikmesse2018DeLorean.jpg?resize=700%2C400&ssl=1 2x, https:\/\/i0.wp.com\/timschraubtbass.tim-stelzer.de\/wp-content\/uploads\/2018\/12\/Musikmesse2018DeLorean.jpg?resize=1050%2C600&ssl=1 3x, https:\/\/i0.wp.com\/timschraubtbass.tim-stelzer.de\/wp-content\/uploads\/2018\/12\/Musikmesse2018DeLorean.jpg?resize=1400%2C800&ssl=1 4x"},"classes":[]},{"id":2062,"url":"https:\/\/timschraubtbass.tim-stelzer.de\/?p=2062","url_meta":{"origin":2089,"position":5},"title":"76 DIES &#038; BASS","author":"timschraubtbass","date":"27. M\u00e4rz 2019","format":false,"excerpt":"\u201dYou're not versatile!\u201d So viele Themen, so wenig Zeit. Heute also mal eine Sammlung von Sachen, die mir in den letzten Monaten begegnet sind und irgendwas mit Bass und\/oder #timschraubtbass zu tun haben. Without further ado: 1. Joe Dart Bass Joe Dart, kennste, oder? Von allen hei\u00dfen neuen Bassmeistern, die\u2026","rel":"","context":"In &quot;Allgemein&quot;","block_context":{"text":"Allgemein","link":"https:\/\/timschraubtbass.tim-stelzer.de\/?cat=1"},"img":{"alt_text":"","src":"https:\/\/i0.wp.com\/timschraubtbass.tim-stelzer.de\/wp-content\/uploads\/2018\/01\/IMG_1794.jpg?resize=350%2C200&ssl=1","width":350,"height":200,"srcset":"https:\/\/i0.wp.com\/timschraubtbass.tim-stelzer.de\/wp-content\/uploads\/2018\/01\/IMG_1794.jpg?resize=350%2C200&ssl=1 1x, https:\/\/i0.wp.com\/timschraubtbass.tim-stelzer.de\/wp-content\/uploads\/2018\/01\/IMG_1794.jpg?resize=525%2C300&ssl=1 1.5x, https:\/\/i0.wp.com\/timschraubtbass.tim-stelzer.de\/wp-content\/uploads\/2018\/01\/IMG_1794.jpg?resize=700%2C400&ssl=1 2x, https:\/\/i0.wp.com\/timschraubtbass.tim-stelzer.de\/wp-content\/uploads\/2018\/01\/IMG_1794.jpg?resize=1050%2C600&ssl=1 3x, https:\/\/i0.wp.com\/timschraubtbass.tim-stelzer.de\/wp-content\/uploads\/2018\/01\/IMG_1794.jpg?resize=1400%2C800&ssl=1 4x"},"classes":[]}],"_links":{"self":[{"href":"https:\/\/timschraubtbass.tim-stelzer.de\/index.php?rest_route=\/wp\/v2\/posts\/2089","targetHints":{"allow":["GET"]}}],"collection":[{"href":"https:\/\/timschraubtbass.tim-stelzer.de\/index.php?rest_route=\/wp\/v2\/posts"}],"about":[{"href":"https:\/\/timschraubtbass.tim-stelzer.de\/index.php?rest_route=\/wp\/v2\/types\/post"}],"author":[{"embeddable":true,"href":"https:\/\/timschraubtbass.tim-stelzer.de\/index.php?rest_route=\/wp\/v2\/users\/1"}],"replies":[{"embeddable":true,"href":"https:\/\/timschraubtbass.tim-stelzer.de\/index.php?rest_route=%2Fwp%2Fv2%2Fcomments&post=2089"}],"version-history":[{"count":13,"href":"https:\/\/timschraubtbass.tim-stelzer.de\/index.php?rest_route=\/wp\/v2\/posts\/2089\/revisions"}],"predecessor-version":[{"id":2102,"href":"https:\/\/timschraubtbass.tim-stelzer.de\/index.php?rest_route=\/wp\/v2\/posts\/2089\/revisions\/2102"}],"wp:attachment":[{"href":"https:\/\/timschraubtbass.tim-stelzer.de\/index.php?rest_route=%2Fwp%2Fv2%2Fmedia&parent=2089"}],"wp:term":[{"taxonomy":"category","embeddable":true,"href":"https:\/\/timschraubtbass.tim-stelzer.de\/index.php?rest_route=%2Fwp%2Fv2%2Fcategories&post=2089"},{"taxonomy":"post_tag","embeddable":true,"href":"https:\/\/timschraubtbass.tim-stelzer.de\/index.php?rest_route=%2Fwp%2Fv2%2Ftags&post=2089"}],"curies":[{"name":"wp","href":"https:\/\/api.w.org\/{rel}","templated":true}]}}