{"id":2028,"date":"2019-02-20T09:25:27","date_gmt":"2019-02-20T08:25:27","guid":{"rendered":"http:\/\/tim-stelzer.de\/timschraubtbass\/?p=2028"},"modified":"2019-03-22T11:55:01","modified_gmt":"2019-03-22T10:55:01","slug":"74-bass-live","status":"publish","type":"post","link":"https:\/\/timschraubtbass.tim-stelzer.de\/?p=2028","title":{"rendered":"74 BASS LIVE"},"content":{"rendered":"\n<h2 class=\"wp-block-heading\"><strong>\u201dIch kann dir nicht sagen, wie gut ich mich gerade f\u00fchle \u2026\u201d<\/strong><\/h2>\n\n\n\n<p><strong>Mein Bassblog-Hobby kommt gerade etwas kurz, aber aus Gr\u00fcnden. Neben mehreren gr\u00f6\u00dferen <a href=\"http:\/\/tim-stelzer.de\" target=\"_blank\" rel=\"noreferrer noopener\" aria-label=\"beruflichen (opens in a new tab)\">beruflichen<\/a> Projekten war ich in letzter Zeit auch mit meiner Band <a rel=\"noreferrer noopener\" aria-label=\"DIE BERATER (opens in a new tab)\" href=\"http:\/\/www.dieberaterband.de\" target=\"_blank\">DIE BERATER<\/a> ziemlich aktiv \u2013 zwei Auftritte innerhalb einer Woche, das ist f\u00fcr uns viel. Eine gute Gelegenheit, mal zwischendurch der Frage nachzugehen: Wie macht er sich denn jetzt so, mein Schraubbass \u2013 live und in Farbe?<\/strong><\/p>\n\n\n\n<p>Die drei Auftritte in den letzten Monaten fanden in eher <strong>privatem Rahmen<\/strong> statt. Im September 2018 spielten wir anl\u00e4sslich des <strong>Geburtstags<\/strong> unserer Schlagzeugers <strong>Robby<\/strong> vor Freunden &amp; Familie. Drau\u00dfen, auf der Terrasse von Robbys Bootshaus:<\/p>\n\n\n\n<figure class=\"wp-block-image\"><img loading=\"lazy\" decoding=\"async\" width=\"768\" height=\"1024\" data-attachment-id=\"2030\" data-permalink=\"https:\/\/timschraubtbass.tim-stelzer.de\/?attachment_id=2030\" data-orig-file=\"https:\/\/timschraubtbass.tim-stelzer.de\/wp-content\/uploads\/2019\/02\/IMG_3975.jpeg\" data-orig-size=\"3024,4032\" data-comments-opened=\"1\" data-image-meta=\"{&quot;aperture&quot;:&quot;1.8&quot;,&quot;credit&quot;:&quot;&quot;,&quot;camera&quot;:&quot;iPhone 8&quot;,&quot;caption&quot;:&quot;&quot;,&quot;created_timestamp&quot;:&quot;1537104638&quot;,&quot;copyright&quot;:&quot;&quot;,&quot;focal_length&quot;:&quot;3.99&quot;,&quot;iso&quot;:&quot;25&quot;,&quot;shutter_speed&quot;:&quot;0.0083333333333333&quot;,&quot;title&quot;:&quot;&quot;,&quot;orientation&quot;:&quot;0&quot;}\" data-image-title=\"IMG_3975\" data-image-description=\"\" data-image-caption=\"\" data-large-file=\"https:\/\/timschraubtbass.tim-stelzer.de\/wp-content\/uploads\/2019\/02\/IMG_3975-768x1024.jpeg\" src=\"http:\/\/tim-stelzer.de\/timschraubtbass\/wp-content\/uploads\/2019\/02\/IMG_3975-768x1024.jpeg\" alt=\"\" class=\"wp-image-2030\" srcset=\"https:\/\/timschraubtbass.tim-stelzer.de\/wp-content\/uploads\/2019\/02\/IMG_3975-768x1024.jpeg 768w, https:\/\/timschraubtbass.tim-stelzer.de\/wp-content\/uploads\/2019\/02\/IMG_3975-225x300.jpeg 225w\" sizes=\"auto, (max-width: 767px) 89vw, (max-width: 1000px) 54vw, (max-width: 1071px) 543px, 580px\" \/><figcaption>Man beachte die feine Spiegelung meines Pedalboards im Pickguard. \ud83d\ude09<br><\/figcaption><\/figure>\n\n\n\n<p>Anfang Februar 2019 spielten wir bei einer <strong>Privatparty<\/strong> in der <strong>KFZ-Werkstatt Ahlhorn<\/strong> in M\u00fcnster (Beverly) <strong>Hiltrup<\/strong>. Wir teilten uns den Gig mit der Band <strong>SPIELSUCHT<\/strong> aus Rheine \u2013 war ein gro\u00dfer Spa\u00df, auch wenn der Sound f\u00fcr uns nicht so optimal war.<\/p>\n\n\n\n<figure class=\"wp-block-image\"><img loading=\"lazy\" decoding=\"async\" width=\"768\" height=\"1024\" data-attachment-id=\"2031\" data-permalink=\"https:\/\/timschraubtbass.tim-stelzer.de\/?attachment_id=2031\" data-orig-file=\"https:\/\/timschraubtbass.tim-stelzer.de\/wp-content\/uploads\/2019\/02\/IMG_5097.jpeg\" data-orig-size=\"3024,4032\" data-comments-opened=\"1\" data-image-meta=\"{&quot;aperture&quot;:&quot;1.8&quot;,&quot;credit&quot;:&quot;&quot;,&quot;camera&quot;:&quot;iPhone 8&quot;,&quot;caption&quot;:&quot;&quot;,&quot;created_timestamp&quot;:&quot;1549740884&quot;,&quot;copyright&quot;:&quot;&quot;,&quot;focal_length&quot;:&quot;3.99&quot;,&quot;iso&quot;:&quot;125&quot;,&quot;shutter_speed&quot;:&quot;0.25&quot;,&quot;title&quot;:&quot;&quot;,&quot;orientation&quot;:&quot;1&quot;}\" data-image-title=\"IMG_5097\" data-image-description=\"\" data-image-caption=\"\" data-large-file=\"https:\/\/timschraubtbass.tim-stelzer.de\/wp-content\/uploads\/2019\/02\/IMG_5097-768x1024.jpeg\" src=\"http:\/\/tim-stelzer.de\/timschraubtbass\/wp-content\/uploads\/2019\/02\/IMG_5097-768x1024.jpeg\" alt=\"\" class=\"wp-image-2031\" srcset=\"https:\/\/timschraubtbass.tim-stelzer.de\/wp-content\/uploads\/2019\/02\/IMG_5097-768x1024.jpeg 768w, https:\/\/timschraubtbass.tim-stelzer.de\/wp-content\/uploads\/2019\/02\/IMG_5097-225x300.jpeg 225w\" sizes=\"auto, (max-width: 767px) 89vw, (max-width: 1000px) 54vw, (max-width: 1071px) 543px, 580px\" \/><figcaption>Ein starkes Team.<\/figcaption><\/figure>\n\n\n\n<p>Vor ein paar Tagen waren wir dann als Abend-Beschallung beim <strong><a rel=\"noreferrer noopener\" aria-label=\"M\u00fcnsterCamp 2019 (opens in a new tab)\" href=\"http:\/\/muenstercamp.de\" target=\"_blank\">M\u00fcnsterCamp 2019<\/a><\/strong> gebucht \u2013 was uns ebenfalls sehr gro\u00dfen Spa\u00df gemacht hat. Das <a rel=\"noreferrer noopener\" aria-label=\"Kreativ-Haus in M\u00fcnster (opens in a new tab)\" href=\"https:\/\/kreativ-haus.de\" target=\"_blank\"><strong>Kreativ-Haus in M\u00fcnster<\/strong><\/a> ist eine tolle Location. Vielleicht gibt&#8217;s ja irgendwann mal ein Wiedersehen &amp; -h\u00f6ren mit uns dort \u2026 ?<\/p>\n\n\n\n<figure class=\"wp-block-image\"><img loading=\"lazy\" decoding=\"async\" width=\"768\" height=\"1024\" data-attachment-id=\"2032\" data-permalink=\"https:\/\/timschraubtbass.tim-stelzer.de\/?attachment_id=2032\" data-orig-file=\"https:\/\/timschraubtbass.tim-stelzer.de\/wp-content\/uploads\/2019\/02\/IMG_5157.jpeg\" data-orig-size=\"3024,4032\" data-comments-opened=\"1\" data-image-meta=\"{&quot;aperture&quot;:&quot;1.8&quot;,&quot;credit&quot;:&quot;&quot;,&quot;camera&quot;:&quot;iPhone 8&quot;,&quot;caption&quot;:&quot;&quot;,&quot;created_timestamp&quot;:&quot;1550253784&quot;,&quot;copyright&quot;:&quot;&quot;,&quot;focal_length&quot;:&quot;3.99&quot;,&quot;iso&quot;:&quot;160&quot;,&quot;shutter_speed&quot;:&quot;0.25&quot;,&quot;title&quot;:&quot;&quot;,&quot;orientation&quot;:&quot;1&quot;}\" data-image-title=\"IMG_5157\" data-image-description=\"\" data-image-caption=\"\" data-large-file=\"https:\/\/timschraubtbass.tim-stelzer.de\/wp-content\/uploads\/2019\/02\/IMG_5157-768x1024.jpeg\" src=\"http:\/\/tim-stelzer.de\/timschraubtbass\/wp-content\/uploads\/2019\/02\/IMG_5157-768x1024.jpeg\" alt=\"\" class=\"wp-image-2032\" srcset=\"https:\/\/timschraubtbass.tim-stelzer.de\/wp-content\/uploads\/2019\/02\/IMG_5157-768x1024.jpeg 768w, https:\/\/timschraubtbass.tim-stelzer.de\/wp-content\/uploads\/2019\/02\/IMG_5157-225x300.jpeg 225w\" sizes=\"auto, (max-width: 767px) 89vw, (max-width: 1000px) 54vw, (max-width: 1071px) 543px, 580px\" \/><figcaption>Ich habe an dem Abend den Haus-Amp benutzt \u2013 das Kreativ-Haus ist auch eine gro\u00dfe Musikschule und deshalb hervorragend ausgestattet.<\/figcaption><\/figure>\n\n\n\n<h3 class=\"wp-block-heading\"><strong>\u201dUnd wie war es f\u00fcr dich, Tim?\u201d<\/strong><\/h3>\n\n\n\n<p><strong>Rein optisch<\/strong> ist das Urteil f\u00fcr mich immer noch eindeutig: Mein Schraubbass ist <strong>wirklich wundersch\u00f6n<\/strong> geworden. Oder will dem etwa irgendjemand widersprechen?<\/p>\n\n\n\n<p>Was den <strong>Sound<\/strong> angeht: \u00dcber den bin ich fast noch gl\u00fccklicher. Der Bass klingt so, wie (m)ein Preci klingen soll \u2013 <strong>satt, klar, druckvoll und rund<\/strong>. Dazu ist das <strong>Handling<\/strong> angenehm unkompliziert. Das <strong>Gewicht<\/strong> ist ertr\u00e4glich. Die <strong>Stimmstabilit\u00e4t<\/strong> ist sehr hoch. Als bevorzugter <strong>Band-Bass<\/strong> ist er f\u00fcr mich inzwischen zum idealen Instrument f\u00fcr (nicht nur) diesen Einsatzzweck geworden. Und das ist ja mal ein positives <strong>Zwischenfazit<\/strong>, oder?<\/p>\n\n\n\n<p>Zwischenfazit deshalb, weil mein Schraub- und Schreibprojekt ja <strong>immer weiter<\/strong> geht. Ich habe in der Berichterstattung auch noch etwas aufzuholen, was die bisher durchgef\u00fchrten Optimierungsma\u00dfnahmen angeht \u2026<\/p>\n\n\n\n<h3 class=\"wp-block-heading\"><strong>\u201dUnd d\u00fcrfen wir den Bass jetzt auch noch mal h\u00f6ren, Tim?\u201d<\/strong><\/h3>\n\n\n\n<p>Gerne. Ich habe mal ein <strong>Video<\/strong> bearbeitet, dass meine liebe Frau bei unserem Auftritt letzten September einfach so freih\u00e4ndig mitgeschnitten hat. Da ist der Bass-Sound ganz gut wahrzunehmen. Bei dem St\u00fcck liegt nur ein leichter (!) Chorus auf dem Sound. Aber der <strong>Grundsound<\/strong> kommt recht authentisch r\u00fcber, finde ich.<\/p>\n\n\n\n<figure class=\"wp-block-embed-youtube wp-block-embed is-type-video is-provider-youtube wp-embed-aspect-16-9 wp-has-aspect-ratio\"><div class=\"wp-block-embed__wrapper\">\n<span class=\"embed-youtube\" style=\"text-align:center; display: block;\"><iframe loading=\"lazy\" class=\"youtube-player\" width=\"525\" height=\"296\" src=\"https:\/\/www.youtube.com\/embed\/KSdYKJK9Gjg?version=3&#038;rel=1&#038;showsearch=0&#038;showinfo=1&#038;iv_load_policy=1&#038;fs=1&#038;hl=de-DE&#038;autohide=2&#038;wmode=transparent\" allowfullscreen=\"true\" style=\"border:0;\" sandbox=\"allow-scripts allow-same-origin allow-popups allow-presentation allow-popups-to-escape-sandbox\"><\/iframe><\/span>\n<\/div><\/figure>\n\n\n\n<p>Der <strong>Song<\/strong> hei\u00dft \u00fcbrigens <strong>\u201dSelbst\u201d <\/strong>\u2013 und wer die von uns selbst aufgenommene Demo-Version h\u00f6ren m\u00f6chte (da war mein Schraubbass leider noch nicht fertig), <a rel=\"noreferrer noopener\" aria-label=\"kann ihn gerne auf Youtube anklicken (opens in a new tab)\" href=\"https:\/\/www.youtube.com\/watch?v=zz5h9eWRAOU\" target=\"_blank\"><strong>kann ihn gerne auf Youtube anklicken<\/strong><\/a>.<\/p>\n\n\n\n<h3 class=\"wp-block-heading\"><strong>Bis m\u00f6glichst bald \u2013 stay tuned!<\/strong><\/h3>\n","protected":false},"excerpt":{"rendered":"<p>\u201dIch kann dir nicht sagen, wie gut ich mich gerade f\u00fchle \u2026\u201d Mein Bassblog-Hobby kommt gerade etwas kurz, aber aus Gr\u00fcnden. Neben mehreren gr\u00f6\u00dferen beruflichen Projekten war ich in letzter Zeit auch mit meiner Band DIE BERATER ziemlich aktiv \u2013 zwei Auftritte innerhalb einer Woche, das ist f\u00fcr uns viel. Eine gute Gelegenheit, mal zwischendurch &hellip; <\/p>\n<p class=\"link-more\"><a href=\"https:\/\/timschraubtbass.tim-stelzer.de\/?p=2028\" class=\"more-link\"><span class=\"screen-reader-text\">\u201e74 BASS LIVE\u201c <\/span>weiterlesen<\/a><\/p>\n","protected":false},"author":1,"featured_media":0,"comment_status":"open","ping_status":"open","sticky":false,"template":"","format":"standard","meta":{"jetpack_post_was_ever_published":false,"_jetpack_newsletter_access":"","_jetpack_dont_email_post_to_subs":false,"_jetpack_newsletter_tier_id":0,"_jetpack_memberships_contains_paywalled_content":false,"_jetpack_memberships_contains_paid_content":false,"footnotes":"","jetpack_publicize_message":"","jetpack_publicize_feature_enabled":true,"jetpack_social_post_already_shared":true,"jetpack_social_options":{"image_generator_settings":{"template":"highway","default_image_id":0,"font":"","enabled":false},"version":2}},"categories":[1],"tags":[8,5,6,9,7],"class_list":["post-2028","post","type-post","status-publish","format-standard","hentry","category-allgemein","tag-band","tag-die-berater","tag-live","tag-muenster","tag-schraub-bass"],"jetpack_publicize_connections":[],"jetpack_featured_media_url":"","jetpack_sharing_enabled":true,"jetpack_shortlink":"https:\/\/wp.me\/p8SMry-wI","jetpack-related-posts":[{"id":2749,"url":"https:\/\/timschraubtbass.tim-stelzer.de\/?p=2749","url_meta":{"origin":2028,"position":0},"title":"92 BASS ONLINE","author":"timschraubtbass","date":"22. Januar 2021","format":false,"excerpt":"Was meine Band & ich in den Pandemie-Ferien gemacht haben: Unser \u201dDemo 2020\u201d ist online! War ja ziemlich gitarrenlastig hier in letzter Zeit. Und da kommt auch noch mehr mit sechs Saiten, denn meine sch\u00f6ne neue einzigartige Baron \u201dModell 1\u201d verdient durchaus viel Aufmerksamkeit. Letztere will ich zwischendurch aber auf\u2026","rel":"","context":"In &quot;Allgemein&quot;","block_context":{"text":"Allgemein","link":"https:\/\/timschraubtbass.tim-stelzer.de\/?cat=1"},"img":{"alt_text":"","src":"https:\/\/i0.wp.com\/timschraubtbass.tim-stelzer.de\/wp-content\/uploads\/2021\/01\/DIE_BERATER_Demo2020_Cover-scaled.jpg?resize=350%2C200&ssl=1","width":350,"height":200,"srcset":"https:\/\/i0.wp.com\/timschraubtbass.tim-stelzer.de\/wp-content\/uploads\/2021\/01\/DIE_BERATER_Demo2020_Cover-scaled.jpg?resize=350%2C200&ssl=1 1x, https:\/\/i0.wp.com\/timschraubtbass.tim-stelzer.de\/wp-content\/uploads\/2021\/01\/DIE_BERATER_Demo2020_Cover-scaled.jpg?resize=525%2C300&ssl=1 1.5x, https:\/\/i0.wp.com\/timschraubtbass.tim-stelzer.de\/wp-content\/uploads\/2021\/01\/DIE_BERATER_Demo2020_Cover-scaled.jpg?resize=700%2C400&ssl=1 2x, https:\/\/i0.wp.com\/timschraubtbass.tim-stelzer.de\/wp-content\/uploads\/2021\/01\/DIE_BERATER_Demo2020_Cover-scaled.jpg?resize=1050%2C600&ssl=1 3x, https:\/\/i0.wp.com\/timschraubtbass.tim-stelzer.de\/wp-content\/uploads\/2021\/01\/DIE_BERATER_Demo2020_Cover-scaled.jpg?resize=1400%2C800&ssl=1 4x"},"classes":[]},{"id":2206,"url":"https:\/\/timschraubtbass.tim-stelzer.de\/?p=2206","url_meta":{"origin":2028,"position":1},"title":"81 THE BASS BABY (II)","author":"timschraubtbass","date":"1. November 2019","format":false,"excerpt":"Der Helliver-Nachwuchs im Praxis-Test (Teil 2) Wie im ersten Teil angek\u00fcndigt hat mir Oliver seine j\u00fcngste Kreation noch einmal zur Verf\u00fcgung gestellt, damit ich ihre Tauglichkeit bei einer Bandprobe unter die Lupe nehmen kann. Hurra! Das war sehr aufschlussreich \u2013 und abgesehen davon nat\u00fcrlich auch total cool. Jedenfalls f\u00fcr mich.\u2026","rel":"","context":"In &quot;Allgemein&quot;","block_context":{"text":"Allgemein","link":"https:\/\/timschraubtbass.tim-stelzer.de\/?cat=1"},"img":{"alt_text":"","src":"https:\/\/i0.wp.com\/timschraubtbass.tim-stelzer.de\/wp-content\/uploads\/2019\/10\/IMG_7902.jpeg?resize=350%2C200&ssl=1","width":350,"height":200,"srcset":"https:\/\/i0.wp.com\/timschraubtbass.tim-stelzer.de\/wp-content\/uploads\/2019\/10\/IMG_7902.jpeg?resize=350%2C200&ssl=1 1x, https:\/\/i0.wp.com\/timschraubtbass.tim-stelzer.de\/wp-content\/uploads\/2019\/10\/IMG_7902.jpeg?resize=525%2C300&ssl=1 1.5x, https:\/\/i0.wp.com\/timschraubtbass.tim-stelzer.de\/wp-content\/uploads\/2019\/10\/IMG_7902.jpeg?resize=700%2C400&ssl=1 2x, https:\/\/i0.wp.com\/timschraubtbass.tim-stelzer.de\/wp-content\/uploads\/2019\/10\/IMG_7902.jpeg?resize=1050%2C600&ssl=1 3x, https:\/\/i0.wp.com\/timschraubtbass.tim-stelzer.de\/wp-content\/uploads\/2019\/10\/IMG_7902.jpeg?resize=1400%2C800&ssl=1 4x"},"classes":[]},{"id":826,"url":"https:\/\/timschraubtbass.tim-stelzer.de\/?p=826","url_meta":{"origin":2028,"position":2},"title":"37 BASS ALLES","author":"timschraubtbass","date":"15. September 2017","format":false,"excerpt":"\u2026 und noch viel mehr! Heute gibt's ein paar mehr Fotos vom Auftritt meiner Band DIE BERATER. Und ein frisches Soundfile von meinem Bass. Und die Aufl\u00f6sung eines R\u00e4tsels aus einem der letzten Blog-Beitr\u00e4ge. Und dann ist Wochenende! So sah es f\u00fcr mich letzten Samstag aus Ego-Perspektive aus: Und so\u2026","rel":"","context":"In &quot;Allgemein&quot;","block_context":{"text":"Allgemein","link":"https:\/\/timschraubtbass.tim-stelzer.de\/?cat=1"},"img":{"alt_text":"","src":"https:\/\/i0.wp.com\/tim-stelzer.de\/timschraubtbass\/wp-content\/uploads\/2017\/09\/IMG_0863-1024x768.jpg?resize=350%2C200","width":350,"height":200,"srcset":"https:\/\/i0.wp.com\/tim-stelzer.de\/timschraubtbass\/wp-content\/uploads\/2017\/09\/IMG_0863-1024x768.jpg?resize=350%2C200 1x, https:\/\/i0.wp.com\/tim-stelzer.de\/timschraubtbass\/wp-content\/uploads\/2017\/09\/IMG_0863-1024x768.jpg?resize=525%2C300 1.5x"},"classes":[]},{"id":3326,"url":"https:\/\/timschraubtbass.tim-stelzer.de\/?p=3326","url_meta":{"origin":2028,"position":3},"title":"101 MARLEAUX 101","author":"timschraubtbass","date":"20. Oktober 2023","format":false,"excerpt":"Grundkurs Edelbass Willkommen beim #timschraubtbass-Seminar \u201dBoutique-Bass\u201d, Folge 101. Ein Einstiegs-Grundkurs f\u00fcr komplette Newbies mit unter anderem den folgenden Inhalten: Was macht man eigentlich mit so einem Wahnsinns-Instrument im Haus? Wie herum h\u00e4ngt man ihn korrekt an die Wand? Darf man alle f\u00fcnf Saiten gleichzeitig bet\u00e4tigen? In welchen zertifizierten Fachwerkst\u00e4tten muss\u2026","rel":"","context":"In &quot;Allgemein&quot;","block_context":{"text":"Allgemein","link":"https:\/\/timschraubtbass.tim-stelzer.de\/?cat=1"},"img":{"alt_text":"","src":"https:\/\/i0.wp.com\/timschraubtbass.tim-stelzer.de\/wp-content\/uploads\/2023\/10\/IMG_3951-150x150.jpg?resize=350%2C200&ssl=1","width":350,"height":200,"srcset":"https:\/\/i0.wp.com\/timschraubtbass.tim-stelzer.de\/wp-content\/uploads\/2023\/10\/IMG_3951-150x150.jpg?resize=350%2C200&ssl=1 1x, https:\/\/i0.wp.com\/timschraubtbass.tim-stelzer.de\/wp-content\/uploads\/2023\/10\/IMG_3951-150x150.jpg?resize=525%2C300&ssl=1 1.5x, https:\/\/i0.wp.com\/timschraubtbass.tim-stelzer.de\/wp-content\/uploads\/2023\/10\/IMG_3951-150x150.jpg?resize=700%2C400&ssl=1 2x, https:\/\/i0.wp.com\/timschraubtbass.tim-stelzer.de\/wp-content\/uploads\/2023\/10\/IMG_3951-150x150.jpg?resize=1050%2C600&ssl=1 3x, https:\/\/i0.wp.com\/timschraubtbass.tim-stelzer.de\/wp-content\/uploads\/2023\/10\/IMG_3951-150x150.jpg?resize=1400%2C800&ssl=1 4x"},"classes":[]},{"id":2923,"url":"https:\/\/timschraubtbass.tim-stelzer.de\/?p=2923","url_meta":{"origin":2028,"position":4},"title":"96 DIES &#038; BASS II","author":"timschraubtbass","date":"10. Juni 2022","format":false,"excerpt":"Professor Stelzer in da House! Ja, meine G\u00fcte, war viel los in den letzten Monaten. Schiebe so einige Blog-Artikel vor mir her. H\u00e4tte mir als Berufsschreiber eben besser nicht das Hobby Schreiben aussuchen sollen. Egal. Jetzt geht's weiter. Ich lese ja schon seit ein paar Jahren wieder flei\u00dfig diverse Fachzeitschriften,\u2026","rel":"","context":"In &quot;Allgemein&quot;","block_context":{"text":"Allgemein","link":"https:\/\/timschraubtbass.tim-stelzer.de\/?cat=1"},"img":{"alt_text":"","src":"https:\/\/i0.wp.com\/timschraubtbass.tim-stelzer.de\/wp-content\/uploads\/2022\/05\/F6DB67A5-5B6C-4008-AC7A-1A13BA3714EF.jpeg?resize=350%2C200&ssl=1","width":350,"height":200,"srcset":"https:\/\/i0.wp.com\/timschraubtbass.tim-stelzer.de\/wp-content\/uploads\/2022\/05\/F6DB67A5-5B6C-4008-AC7A-1A13BA3714EF.jpeg?resize=350%2C200&ssl=1 1x, https:\/\/i0.wp.com\/timschraubtbass.tim-stelzer.de\/wp-content\/uploads\/2022\/05\/F6DB67A5-5B6C-4008-AC7A-1A13BA3714EF.jpeg?resize=525%2C300&ssl=1 1.5x, https:\/\/i0.wp.com\/timschraubtbass.tim-stelzer.de\/wp-content\/uploads\/2022\/05\/F6DB67A5-5B6C-4008-AC7A-1A13BA3714EF.jpeg?resize=700%2C400&ssl=1 2x, https:\/\/i0.wp.com\/timschraubtbass.tim-stelzer.de\/wp-content\/uploads\/2022\/05\/F6DB67A5-5B6C-4008-AC7A-1A13BA3714EF.jpeg?resize=1050%2C600&ssl=1 3x"},"classes":[]},{"id":2957,"url":"https:\/\/timschraubtbass.tim-stelzer.de\/?p=2957","url_meta":{"origin":2028,"position":5},"title":"97 TIME AFTER TIME","author":"timschraubtbass","date":"30. November 2022","format":false,"excerpt":"Die Geschichte(n) mit Chet Vor \u00fcber einem halben Jahr habe ich ein Konzert besucht \u2013 so ziemlich das erste, bei dem ich seit Ausbruch der Pandemie war. Und da sich daraus nicht nur eine sehr sch\u00f6ne Bass-Begegnung, sondern auch (mindestens) eine erz\u00e4hlenswerte Geschichte ergab, will ich diese nun endlich mal\u2026","rel":"","context":"In &quot;Allgemein&quot;","block_context":{"text":"Allgemein","link":"https:\/\/timschraubtbass.tim-stelzer.de\/?cat=1"},"img":{"alt_text":"","src":"https:\/\/i0.wp.com\/timschraubtbass.tim-stelzer.de\/wp-content\/uploads\/2022\/11\/3dcbb18b05ea9f28a4244ffdf4bd5f5313d5d80a7a32053fe697f67003c1ae3d.jpg?resize=350%2C200&ssl=1","width":350,"height":200,"srcset":"https:\/\/i0.wp.com\/timschraubtbass.tim-stelzer.de\/wp-content\/uploads\/2022\/11\/3dcbb18b05ea9f28a4244ffdf4bd5f5313d5d80a7a32053fe697f67003c1ae3d.jpg?resize=350%2C200&ssl=1 1x, https:\/\/i0.wp.com\/timschraubtbass.tim-stelzer.de\/wp-content\/uploads\/2022\/11\/3dcbb18b05ea9f28a4244ffdf4bd5f5313d5d80a7a32053fe697f67003c1ae3d.jpg?resize=525%2C300&ssl=1 1.5x, https:\/\/i0.wp.com\/timschraubtbass.tim-stelzer.de\/wp-content\/uploads\/2022\/11\/3dcbb18b05ea9f28a4244ffdf4bd5f5313d5d80a7a32053fe697f67003c1ae3d.jpg?resize=700%2C400&ssl=1 2x, https:\/\/i0.wp.com\/timschraubtbass.tim-stelzer.de\/wp-content\/uploads\/2022\/11\/3dcbb18b05ea9f28a4244ffdf4bd5f5313d5d80a7a32053fe697f67003c1ae3d.jpg?resize=1050%2C600&ssl=1 3x, https:\/\/i0.wp.com\/timschraubtbass.tim-stelzer.de\/wp-content\/uploads\/2022\/11\/3dcbb18b05ea9f28a4244ffdf4bd5f5313d5d80a7a32053fe697f67003c1ae3d.jpg?resize=1400%2C800&ssl=1 4x"},"classes":[]}],"_links":{"self":[{"href":"https:\/\/timschraubtbass.tim-stelzer.de\/index.php?rest_route=\/wp\/v2\/posts\/2028","targetHints":{"allow":["GET"]}}],"collection":[{"href":"https:\/\/timschraubtbass.tim-stelzer.de\/index.php?rest_route=\/wp\/v2\/posts"}],"about":[{"href":"https:\/\/timschraubtbass.tim-stelzer.de\/index.php?rest_route=\/wp\/v2\/types\/post"}],"author":[{"embeddable":true,"href":"https:\/\/timschraubtbass.tim-stelzer.de\/index.php?rest_route=\/wp\/v2\/users\/1"}],"replies":[{"embeddable":true,"href":"https:\/\/timschraubtbass.tim-stelzer.de\/index.php?rest_route=%2Fwp%2Fv2%2Fcomments&post=2028"}],"version-history":[{"count":4,"href":"https:\/\/timschraubtbass.tim-stelzer.de\/index.php?rest_route=\/wp\/v2\/posts\/2028\/revisions"}],"predecessor-version":[{"id":2055,"href":"https:\/\/timschraubtbass.tim-stelzer.de\/index.php?rest_route=\/wp\/v2\/posts\/2028\/revisions\/2055"}],"wp:attachment":[{"href":"https:\/\/timschraubtbass.tim-stelzer.de\/index.php?rest_route=%2Fwp%2Fv2%2Fmedia&parent=2028"}],"wp:term":[{"taxonomy":"category","embeddable":true,"href":"https:\/\/timschraubtbass.tim-stelzer.de\/index.php?rest_route=%2Fwp%2Fv2%2Fcategories&post=2028"},{"taxonomy":"post_tag","embeddable":true,"href":"https:\/\/timschraubtbass.tim-stelzer.de\/index.php?rest_route=%2Fwp%2Fv2%2Ftags&post=2028"}],"curies":[{"name":"wp","href":"https:\/\/api.w.org\/{rel}","templated":true}]}}