{"id":202,"date":"2017-07-10T09:19:30","date_gmt":"2017-07-10T07:19:30","guid":{"rendered":"http:\/\/tim-stelzer.de\/timschraubtbass\/?p=202"},"modified":"2017-07-10T09:25:05","modified_gmt":"2017-07-10T07:25:05","slug":"06-u-got-the-look","status":"publish","type":"post","link":"https:\/\/timschraubtbass.tim-stelzer.de\/?p=202","title":{"rendered":"06 U GOT THE LOOK"},"content":{"rendered":"<h1><strong>&#8222;Color U peach and black&#8220;<\/strong><\/h1>\n<p><strong>Die Teile sind da \u2013 und das Holz von Hals &amp; Body sieht gut aus. Das kann aber nicht so bleiben. Denn das Holz soll SUPER aussehen. Doch ich will es nicht lackieren, sondern \u00f6len &amp; wachsen. Das ist ein durchaus \u00fcbliches Holzfinish und hat eine sehr nat\u00fcrliche Anmutung. Ein weitere Vorteil: Das ist so ziemlich der einzige handwerkliche Teil meines Projekts, f\u00fcr den ich ein kleines bisschen Erfahrung mitbringe.<\/strong><\/p>\n<p>Ich habe n\u00e4mlich als Student in den 90ern so einige Naturholzm\u00f6bel gehabt, die ich selbst ge\u00f6lt &amp; gewachst habe. Das funktionierte ganz gut und das Ergebnis sah m. E. auch sehr gut aus. Zum Beispiel so:<\/p>\n<p><img loading=\"lazy\" decoding=\"async\" data-attachment-id=\"299\" data-permalink=\"https:\/\/timschraubtbass.tim-stelzer.de\/?attachment_id=299\" data-orig-file=\"https:\/\/timschraubtbass.tim-stelzer.de\/wp-content\/uploads\/2017\/07\/IMG_0097-e1499165007131.jpg\" data-orig-size=\"1164,700\" data-comments-opened=\"1\" data-image-meta=\"{&quot;aperture&quot;:&quot;2.8&quot;,&quot;credit&quot;:&quot;&quot;,&quot;camera&quot;:&quot;Canon DIGITAL IXUS v2&quot;,&quot;caption&quot;:&quot;&quot;,&quot;created_timestamp&quot;:&quot;1025368071&quot;,&quot;copyright&quot;:&quot;&quot;,&quot;focal_length&quot;:&quot;5.40625&quot;,&quot;iso&quot;:&quot;0&quot;,&quot;shutter_speed&quot;:&quot;0.04&quot;,&quot;title&quot;:&quot;&quot;,&quot;orientation&quot;:&quot;1&quot;}\" data-image-title=\"IMG_0097\" data-image-description=\"\" data-image-caption=\"\" data-large-file=\"https:\/\/timschraubtbass.tim-stelzer.de\/wp-content\/uploads\/2017\/07\/IMG_0097-e1499165007131-1024x616.jpg\" class=\"alignleft wp-image-299 size-large\" src=\"http:\/\/tim-stelzer.de\/timschraubtbass\/wp-content\/uploads\/2017\/07\/IMG_0097-e1499165007131-1024x616.jpg\" alt=\"\" width=\"525\" height=\"316\" srcset=\"https:\/\/timschraubtbass.tim-stelzer.de\/wp-content\/uploads\/2017\/07\/IMG_0097-e1499165007131-1024x616.jpg 1024w, https:\/\/timschraubtbass.tim-stelzer.de\/wp-content\/uploads\/2017\/07\/IMG_0097-e1499165007131-300x180.jpg 300w, https:\/\/timschraubtbass.tim-stelzer.de\/wp-content\/uploads\/2017\/07\/IMG_0097-e1499165007131-768x462.jpg 768w, https:\/\/timschraubtbass.tim-stelzer.de\/wp-content\/uploads\/2017\/07\/IMG_0097-e1499165007131.jpg 1164w\" sizes=\"auto, (max-width: 525px) 100vw, 525px\" \/><\/p>\n<p><img loading=\"lazy\" decoding=\"async\" data-attachment-id=\"302\" data-permalink=\"https:\/\/timschraubtbass.tim-stelzer.de\/?attachment_id=302\" data-orig-file=\"https:\/\/timschraubtbass.tim-stelzer.de\/wp-content\/uploads\/2017\/07\/IMG_5540.jpg\" data-orig-size=\"1200,1600\" data-comments-opened=\"1\" data-image-meta=\"{&quot;aperture&quot;:&quot;2.8&quot;,&quot;credit&quot;:&quot;&quot;,&quot;camera&quot;:&quot;Canon DIGITAL IXUS v2&quot;,&quot;caption&quot;:&quot;&quot;,&quot;created_timestamp&quot;:&quot;1080588676&quot;,&quot;copyright&quot;:&quot;&quot;,&quot;focal_length&quot;:&quot;5.40625&quot;,&quot;iso&quot;:&quot;0&quot;,&quot;shutter_speed&quot;:&quot;0.1&quot;,&quot;title&quot;:&quot;&quot;,&quot;orientation&quot;:&quot;1&quot;}\" data-image-title=\"IMG_5540\" data-image-description=\"\" data-image-caption=\"\" data-large-file=\"https:\/\/timschraubtbass.tim-stelzer.de\/wp-content\/uploads\/2017\/07\/IMG_5540-768x1024.jpg\" class=\"alignnone wp-image-302 size-medium\" src=\"http:\/\/tim-stelzer.de\/timschraubtbass\/wp-content\/uploads\/2017\/07\/IMG_5540-225x300.jpg\" alt=\"\" width=\"225\" height=\"300\" srcset=\"https:\/\/timschraubtbass.tim-stelzer.de\/wp-content\/uploads\/2017\/07\/IMG_5540-225x300.jpg 225w, https:\/\/timschraubtbass.tim-stelzer.de\/wp-content\/uploads\/2017\/07\/IMG_5540-768x1024.jpg 768w, https:\/\/timschraubtbass.tim-stelzer.de\/wp-content\/uploads\/2017\/07\/IMG_5540.jpg 1200w\" sizes=\"auto, (max-width: 225px) 100vw, 225px\" \/><img loading=\"lazy\" decoding=\"async\" data-attachment-id=\"300\" data-permalink=\"https:\/\/timschraubtbass.tim-stelzer.de\/?attachment_id=300\" data-orig-file=\"https:\/\/timschraubtbass.tim-stelzer.de\/wp-content\/uploads\/2017\/07\/IMG_0098.jpg\" data-orig-size=\"1200,1600\" data-comments-opened=\"1\" data-image-meta=\"{&quot;aperture&quot;:&quot;2.8&quot;,&quot;credit&quot;:&quot;&quot;,&quot;camera&quot;:&quot;Canon DIGITAL IXUS v2&quot;,&quot;caption&quot;:&quot;&quot;,&quot;created_timestamp&quot;:&quot;1025368088&quot;,&quot;copyright&quot;:&quot;&quot;,&quot;focal_length&quot;:&quot;5.40625&quot;,&quot;iso&quot;:&quot;0&quot;,&quot;shutter_speed&quot;:&quot;0.1&quot;,&quot;title&quot;:&quot;&quot;,&quot;orientation&quot;:&quot;6&quot;}\" data-image-title=\"IMG_0098\" data-image-description=\"\" data-image-caption=\"\" data-large-file=\"https:\/\/timschraubtbass.tim-stelzer.de\/wp-content\/uploads\/2017\/07\/IMG_0098-768x1024.jpg\" class=\"alignnone wp-image-300 size-medium\" src=\"http:\/\/tim-stelzer.de\/timschraubtbass\/wp-content\/uploads\/2017\/07\/IMG_0098-225x300.jpg\" alt=\"\" width=\"225\" height=\"300\" srcset=\"https:\/\/timschraubtbass.tim-stelzer.de\/wp-content\/uploads\/2017\/07\/IMG_0098-225x300.jpg 225w, https:\/\/timschraubtbass.tim-stelzer.de\/wp-content\/uploads\/2017\/07\/IMG_0098-768x1024.jpg 768w, https:\/\/timschraubtbass.tim-stelzer.de\/wp-content\/uploads\/2017\/07\/IMG_0098.jpg 1200w\" sizes=\"auto, (max-width: 225px) 100vw, 225px\" \/><\/p>\n<p>Lange her! Tisch &amp; Bett sind verschenkt &amp; verkauft, der Couchtisch steht nebenan auf dem Dachboden. Aber ein Ergebnis meiner damaligen M\u00f6belarbeit habe ich immer noch t\u00e4glich im Blick:<\/p>\n<p><img loading=\"lazy\" decoding=\"async\" data-attachment-id=\"317\" data-permalink=\"https:\/\/timschraubtbass.tim-stelzer.de\/?attachment_id=317\" data-orig-file=\"https:\/\/timschraubtbass.tim-stelzer.de\/wp-content\/uploads\/2017\/07\/img_9930.jpg\" data-orig-size=\"4032,3024\" data-comments-opened=\"1\" data-image-meta=\"{&quot;aperture&quot;:&quot;2.2&quot;,&quot;credit&quot;:&quot;&quot;,&quot;camera&quot;:&quot;iPhone 6s&quot;,&quot;caption&quot;:&quot;&quot;,&quot;created_timestamp&quot;:&quot;1499175574&quot;,&quot;copyright&quot;:&quot;&quot;,&quot;focal_length&quot;:&quot;4.15&quot;,&quot;iso&quot;:&quot;64&quot;,&quot;shutter_speed&quot;:&quot;0.03030303030303&quot;,&quot;title&quot;:&quot;&quot;,&quot;orientation&quot;:&quot;1&quot;}\" data-image-title=\"img_9930\" data-image-description=\"\" data-image-caption=\"\" data-large-file=\"https:\/\/timschraubtbass.tim-stelzer.de\/wp-content\/uploads\/2017\/07\/img_9930-1024x768.jpg\" class=\"alignnone size-large wp-image-317\" src=\"http:\/\/tim-stelzer.de\/timschraubtbass\/wp-content\/uploads\/2017\/07\/img_9930-1024x768.jpg\" alt=\"\" width=\"525\" height=\"394\" srcset=\"https:\/\/timschraubtbass.tim-stelzer.de\/wp-content\/uploads\/2017\/07\/img_9930-1024x768.jpg 1024w, https:\/\/timschraubtbass.tim-stelzer.de\/wp-content\/uploads\/2017\/07\/img_9930-300x225.jpg 300w, https:\/\/timschraubtbass.tim-stelzer.de\/wp-content\/uploads\/2017\/07\/img_9930-768x576.jpg 768w\" sizes=\"auto, (max-width: 525px) 100vw, 525px\" \/><\/p>\n<p>Sch\u00f6ne Farbe, gell? Seit \u00fcber 20 Jahren sitze &amp; arbeite ich jetzt an diesem Schreibtisch &#8230;<\/p>\n<p><strong>&#8222;A\u00a0natural beauty unaffected&#8220;<\/strong><\/p>\n<p>Ein bisschen M\u00f6belwachs haben wir sogar noch. Aber kein \u00d6l. Und bevor ich irgendetwas neu kaufe, lasse ich mich lieber beraten. Denn einer der vielen Vorteile einer zentralen innerst\u00e4dtischen Wohnlage ist es, dass man potenziell f\u00fcr alle m\u00f6glichen Anliegen die passenden Fachgesch\u00e4fte in der N\u00e4he hat. Zum Beispiel dieses hier, keine f\u00fcnf Fahrradminuten von uns entfernt: <strong><a href=\"https:\/\/rundum-natur.de\">Heeke rundum-natur.de<\/a><\/strong>.<\/p>\n<p>Dort wurde ich von Ludger Heeke kompetent und ausf\u00fchrlich beraten. Ich hatte vorher schon festgestellt, dass es <strong><a href=\"http:\/\/www.leinos24.de\/epages\/es64854.sf\/de_DE\/?ObjectPath=\/Shops\/es64854\/Products\/1011-240\/SubProducts\/1011-240-%2C25\">Leinos Hart\u00f6l<\/a><\/strong> auch in verschiedenen <a href=\"http:\/\/www.leinos24.de\/epages\/es64854.sf\/de_DE\/?ObjectPath=\/Shops\/es64854\/Products\/1011-270\/SubProducts\/1011-270-101-%2C75\">Farbvarianten<\/a> gibt. Und zwar in diesen:<\/p>\n<p><a href=\"http:\/\/tim-stelzer.de\/timschraubtbass\/wp-content\/uploads\/2017\/07\/img_9891.jpg\"><img loading=\"lazy\" decoding=\"async\" data-attachment-id=\"212\" data-permalink=\"https:\/\/timschraubtbass.tim-stelzer.de\/?attachment_id=212\" data-orig-file=\"https:\/\/timschraubtbass.tim-stelzer.de\/wp-content\/uploads\/2017\/07\/img_9891-e1499165832225.jpg\" data-orig-size=\"2207,3689\" data-comments-opened=\"1\" data-image-meta=\"{&quot;aperture&quot;:&quot;2.2&quot;,&quot;credit&quot;:&quot;&quot;,&quot;camera&quot;:&quot;iPhone 6s&quot;,&quot;caption&quot;:&quot;&quot;,&quot;created_timestamp&quot;:&quot;1498823779&quot;,&quot;copyright&quot;:&quot;&quot;,&quot;focal_length&quot;:&quot;4.15&quot;,&quot;iso&quot;:&quot;25&quot;,&quot;shutter_speed&quot;:&quot;0.0081967213114754&quot;,&quot;title&quot;:&quot;&quot;,&quot;orientation&quot;:&quot;1&quot;}\" data-image-title=\"img_9891\" data-image-description=\"\" data-image-caption=\"\" data-large-file=\"https:\/\/timschraubtbass.tim-stelzer.de\/wp-content\/uploads\/2017\/07\/img_9891-e1499165832225-613x1024.jpg\" class=\"alignnone wp-image-212 size-large\" src=\"http:\/\/tim-stelzer.de\/timschraubtbass\/wp-content\/uploads\/2017\/07\/img_9891-e1499165832225-613x1024.jpg\" alt=\"\" width=\"525\" height=\"877\" srcset=\"https:\/\/timschraubtbass.tim-stelzer.de\/wp-content\/uploads\/2017\/07\/img_9891-e1499165832225-613x1024.jpg 613w, https:\/\/timschraubtbass.tim-stelzer.de\/wp-content\/uploads\/2017\/07\/img_9891-e1499165832225-179x300.jpg 179w, https:\/\/timschraubtbass.tim-stelzer.de\/wp-content\/uploads\/2017\/07\/img_9891-e1499165832225-768x1284.jpg 768w\" sizes=\"auto, (max-width: 525px) 100vw, 525px\" \/><\/a><\/p>\n<p>Mein Blick verfing sich da spontan im Bereich Pinie \u2013 Bernstein \u2013 Kastanie. Das konnte ich dann noch genauer aufdr\u00f6seln, denn ich hatte <a href=\"https:\/\/www.youtube.com\/watch?v=ZFtefab-tBw\">mein Holz<\/a> mitgebracht:<\/p>\n<p><a href=\"http:\/\/tim-stelzer.de\/timschraubtbass\/wp-content\/uploads\/2017\/07\/img_9892.jpg\"><img loading=\"lazy\" decoding=\"async\" data-attachment-id=\"214\" data-permalink=\"https:\/\/timschraubtbass.tim-stelzer.de\/?attachment_id=214\" data-orig-file=\"https:\/\/timschraubtbass.tim-stelzer.de\/wp-content\/uploads\/2017\/07\/img_9892.jpg\" data-orig-size=\"4032,3024\" data-comments-opened=\"1\" data-image-meta=\"{&quot;aperture&quot;:&quot;2.2&quot;,&quot;credit&quot;:&quot;&quot;,&quot;camera&quot;:&quot;iPhone 6s&quot;,&quot;caption&quot;:&quot;&quot;,&quot;created_timestamp&quot;:&quot;1498825158&quot;,&quot;copyright&quot;:&quot;&quot;,&quot;focal_length&quot;:&quot;4.15&quot;,&quot;iso&quot;:&quot;32&quot;,&quot;shutter_speed&quot;:&quot;0.01&quot;,&quot;title&quot;:&quot;&quot;,&quot;orientation&quot;:&quot;1&quot;}\" data-image-title=\"img_9892\" data-image-description=\"\" data-image-caption=\"\" data-large-file=\"https:\/\/timschraubtbass.tim-stelzer.de\/wp-content\/uploads\/2017\/07\/img_9892-1024x768.jpg\" class=\"alignnone wp-image-214 size-large\" src=\"http:\/\/tim-stelzer.de\/timschraubtbass\/wp-content\/uploads\/2017\/07\/img_9892-1024x768.jpg\" alt=\"\" width=\"525\" height=\"394\" srcset=\"https:\/\/timschraubtbass.tim-stelzer.de\/wp-content\/uploads\/2017\/07\/img_9892-1024x768.jpg 1024w, https:\/\/timschraubtbass.tim-stelzer.de\/wp-content\/uploads\/2017\/07\/img_9892-300x225.jpg 300w, https:\/\/timschraubtbass.tim-stelzer.de\/wp-content\/uploads\/2017\/07\/img_9892-768x576.jpg 768w\" sizes=\"auto, (max-width: 525px) 100vw, 525px\" \/><\/a><\/p>\n<p>Nach kurzer visueller Kontemplation von\u00a0Pinie \u2013 Bernstein \u2013 Kastanie entschied ich mich f\u00fcr die im wahrsten Sinne des Wortes goldene Mitte: <a href=\"https:\/\/www.youtube.com\/watch?v=1CDz62GNx1A\">Bernstein<\/a>!<\/p>\n<p>Dazu empfiehlt mir Ludger Heeke, als Finish nicht das normale M\u00f6belwachs, sondern das <strong><a href=\"http:\/\/www.leinos24.de\/epages\/es64854.sf\/de_DE\/?ObjectPath=\/Shops\/es64854\/Products\/1011-245\/SubProducts\/1011-245-%2C25\">Hart\u00f6l Spezial<\/a><\/strong> \u2013 \u00d6l &amp; Wachs in einem Produkt.<\/p>\n<p><strong>Die Vorgehensweise sollte dann ungef\u00e4hr so sein:<\/strong><\/p>\n<p>1. D\u00fcnner Auftrag mit dem Bernstein-Hart\u00f6l.<\/p>\n<p>2. Zwei bis drei Tage einziehen \/ trocknen lassen.<\/p>\n<p>3. Zweiter Auftrag Bernstein-Hart\u00f6l.<\/p>\n<p>4.\u00a0Zwei bis drei Tage einziehen \/ trocknen lassen.<\/p>\n<p>5. D\u00fcnner Auftrag Hart\u00f6l Spezial.<\/p>\n<p>6.\u00a0Zwei bis drei Tage einziehen \/ trocknen lassen.<\/p>\n<p>7. Polieren und fertig.<\/p>\n<p>F\u00fcr diesen Arbeitsprozess habe ich dann gleich noch alles Weitere bei <a href=\"http:\/\/rundum-natur.de\">rundum-natur.de<\/a> gekauft:<\/p>\n<p><a href=\"http:\/\/tim-stelzer.de\/timschraubtbass\/wp-content\/uploads\/2017\/07\/img_9894.jpg\"><img loading=\"lazy\" decoding=\"async\" data-attachment-id=\"215\" data-permalink=\"https:\/\/timschraubtbass.tim-stelzer.de\/?attachment_id=215\" data-orig-file=\"https:\/\/timschraubtbass.tim-stelzer.de\/wp-content\/uploads\/2017\/07\/img_9894.jpg\" data-orig-size=\"3024,4032\" data-comments-opened=\"1\" data-image-meta=\"{&quot;aperture&quot;:&quot;2.2&quot;,&quot;credit&quot;:&quot;&quot;,&quot;camera&quot;:&quot;iPhone 6s&quot;,&quot;caption&quot;:&quot;&quot;,&quot;created_timestamp&quot;:&quot;1498826059&quot;,&quot;copyright&quot;:&quot;&quot;,&quot;focal_length&quot;:&quot;4.15&quot;,&quot;iso&quot;:&quot;25&quot;,&quot;shutter_speed&quot;:&quot;0.004&quot;,&quot;title&quot;:&quot;&quot;,&quot;orientation&quot;:&quot;1&quot;}\" data-image-title=\"img_9894\" data-image-description=\"\" data-image-caption=\"\" data-large-file=\"https:\/\/timschraubtbass.tim-stelzer.de\/wp-content\/uploads\/2017\/07\/img_9894-768x1024.jpg\" class=\"alignnone size-large wp-image-215\" src=\"http:\/\/tim-stelzer.de\/timschraubtbass\/wp-content\/uploads\/2017\/07\/img_9894-768x1024.jpg\" alt=\"\" width=\"525\" height=\"700\" srcset=\"https:\/\/timschraubtbass.tim-stelzer.de\/wp-content\/uploads\/2017\/07\/img_9894-768x1024.jpg 768w, https:\/\/timschraubtbass.tim-stelzer.de\/wp-content\/uploads\/2017\/07\/img_9894-225x300.jpg 225w\" sizes=\"auto, (max-width: 525px) 100vw, 525px\" \/><\/a><\/p>\n<p>Zwei Pinsel, zwei gro\u00dfe T\u00fccher, etwas Schleifpapier f\u00fcr alle F\u00e4lle, Kreppband und nat\u00fcrlich die beiden Fl\u00e4schchen Hart\u00f6l &amp; Hart\u00f6l Spezial. Fertig!<\/p>\n<p><strong>&#8222;You&#8217;ve got the look, you&#8217;ve got the hook&#8220;<\/strong><\/p>\n<p>Kann&#8217;s kaum erwarten, damit anzufangen! Wieder mal <a href=\"http:\/\/www.dailymotion.com\/video\/x46egdo\">Party-Stimmung<\/a> &amp; gute Laune hier. Vorfreude ist ja immer die sch\u00f6nste. Ob sich das \u00e4ndert, wenn ich dann wirklich anfange? <strong>Wir werden&#8217;s sehen!<\/strong><\/p>\n<p>&nbsp;<\/p>\n<p>&nbsp;<\/p>\n","protected":false},"excerpt":{"rendered":"<p>&#8222;Color U peach and black&#8220; Die Teile sind da \u2013 und das Holz von Hals &amp; Body sieht gut aus. Das kann aber nicht so bleiben. Denn das Holz soll SUPER aussehen. Doch ich will es nicht lackieren, sondern \u00f6len &amp; wachsen. Das ist ein durchaus \u00fcbliches Holzfinish und hat eine sehr nat\u00fcrliche Anmutung. Ein &hellip; <\/p>\n<p class=\"link-more\"><a href=\"https:\/\/timschraubtbass.tim-stelzer.de\/?p=202\" class=\"more-link\"><span class=\"screen-reader-text\">\u201e06 U GOT THE LOOK\u201c <\/span>weiterlesen<\/a><\/p>\n","protected":false},"author":1,"featured_media":0,"comment_status":"open","ping_status":"open","sticky":false,"template":"","format":"standard","meta":{"jetpack_post_was_ever_published":false,"_jetpack_newsletter_access":"","_jetpack_dont_email_post_to_subs":false,"_jetpack_newsletter_tier_id":0,"_jetpack_memberships_contains_paywalled_content":false,"_jetpack_memberships_contains_paid_content":false,"footnotes":"","jetpack_publicize_message":"","jetpack_publicize_feature_enabled":true,"jetpack_social_post_already_shared":true,"jetpack_social_options":{"image_generator_settings":{"template":"highway","default_image_id":0,"font":"","enabled":false},"version":2}},"categories":[1],"tags":[],"class_list":["post-202","post","type-post","status-publish","format-standard","hentry","category-allgemein"],"jetpack_publicize_connections":[],"jetpack_featured_media_url":"","jetpack_sharing_enabled":true,"jetpack_shortlink":"https:\/\/wp.me\/p8SMry-3g","jetpack-related-posts":[{"id":200,"url":"https:\/\/timschraubtbass.tim-stelzer.de\/?p=200","url_meta":{"origin":202,"position":0},"title":"09 DER \u00d6LPRINZ","author":"timschraubtbass","date":"13. Juli 2017","format":false,"excerpt":"Im Bernsteinzimmer Nach dem Sattel-Desaster gehe ich ganz ruhig und gelassen an den n\u00e4chsten Arbeitsschritt: die Vorbereitung der H\u00f6lzer. Was kann man da schon falsch machen? So wenig, dass ich jetzt schon Spoilern kann: Es lief ganz gut \u2026 ;-) Die Flasche mit dem Bernstein-\u00d6l habe ich gut aufgesch\u00fcttelt. Mit\u2026","rel":"","context":"In &quot;Allgemein&quot;","block_context":{"text":"Allgemein","link":"https:\/\/timschraubtbass.tim-stelzer.de\/?cat=1"},"img":{"alt_text":"","src":"https:\/\/i0.wp.com\/tim-stelzer.de\/timschraubtbass\/wp-content\/uploads\/2017\/07\/img_9910-1024x768.jpg?resize=350%2C200","width":350,"height":200,"srcset":"https:\/\/i0.wp.com\/tim-stelzer.de\/timschraubtbass\/wp-content\/uploads\/2017\/07\/img_9910-1024x768.jpg?resize=350%2C200 1x, https:\/\/i0.wp.com\/tim-stelzer.de\/timschraubtbass\/wp-content\/uploads\/2017\/07\/img_9910-1024x768.jpg?resize=525%2C300 1.5x"},"classes":[]},{"id":478,"url":"https:\/\/timschraubtbass.tim-stelzer.de\/?p=478","url_meta":{"origin":202,"position":1},"title":"16 HALS \u00dcBER KOPF","author":"timschraubtbass","date":"24. Juli 2017","format":false,"excerpt":"Stimmt so. Heute wird gebohrt! Die Bassmechaniken sollen an der Kopfplatte des wundersch\u00f6nen Basshalses befestig werden. Und der Basshals soll dabei wundersch\u00f6n bleiben. Denn er hat schon genug gelitten \u2013 was ich auch nicht verschweigen m\u00f6chte \u2026 Beim letzten Mal hatte ich das n\u00e4mlich glatt unterschlagen: Das Griffbrett war ja\u2026","rel":"","context":"In &quot;Allgemein&quot;","block_context":{"text":"Allgemein","link":"https:\/\/timschraubtbass.tim-stelzer.de\/?cat=1"},"img":{"alt_text":"","src":"https:\/\/i0.wp.com\/tim-stelzer.de\/timschraubtbass\/wp-content\/uploads\/2017\/07\/IMG_0006-768x1024.jpg?resize=350%2C200","width":350,"height":200,"srcset":"https:\/\/i0.wp.com\/tim-stelzer.de\/timschraubtbass\/wp-content\/uploads\/2017\/07\/IMG_0006-768x1024.jpg?resize=350%2C200 1x, https:\/\/i0.wp.com\/tim-stelzer.de\/timschraubtbass\/wp-content\/uploads\/2017\/07\/IMG_0006-768x1024.jpg?resize=525%2C300 1.5x"},"classes":[]},{"id":3586,"url":"https:\/\/timschraubtbass.tim-stelzer.de\/?p=3586","url_meta":{"origin":202,"position":2},"title":"106 JAZZ SPASS (Teil 2)","author":"timschraubtbass","date":"20. Dezember 2024","format":false,"excerpt":"Die \u00d6lprinzessin Rein grammatisch gesehen sind Gitarren feminin und B\u00e4sse maskulin. Aber in meinem Kopf ist bei B\u00e4ssen eine Binnen-Differenzierung, warum auch immer: Fender Precis sind m\u00e4nnlich, Fender Jazz B\u00e4sse sind weiblich. Liegt es an ihren Formen? An den (ziemlich genderklischeehaften) (B)Assoziationen \u201dPreci = f\u00fcrs Grobe\u201d & \u201dJazz Bass =\u2026","rel":"","context":"In &quot;Allgemein&quot;","block_context":{"text":"Allgemein","link":"https:\/\/timschraubtbass.tim-stelzer.de\/?cat=1"},"img":{"alt_text":"","src":"https:\/\/i0.wp.com\/timschraubtbass.tim-stelzer.de\/wp-content\/uploads\/2024\/11\/7A1D208A-E19B-42AF-8740-FDD89035628B_1_105_c.jpeg?resize=350%2C200&ssl=1","width":350,"height":200,"srcset":"https:\/\/i0.wp.com\/timschraubtbass.tim-stelzer.de\/wp-content\/uploads\/2024\/11\/7A1D208A-E19B-42AF-8740-FDD89035628B_1_105_c.jpeg?resize=350%2C200&ssl=1 1x, https:\/\/i0.wp.com\/timschraubtbass.tim-stelzer.de\/wp-content\/uploads\/2024\/11\/7A1D208A-E19B-42AF-8740-FDD89035628B_1_105_c.jpeg?resize=525%2C300&ssl=1 1.5x, https:\/\/i0.wp.com\/timschraubtbass.tim-stelzer.de\/wp-content\/uploads\/2024\/11\/7A1D208A-E19B-42AF-8740-FDD89035628B_1_105_c.jpeg?resize=700%2C400&ssl=1 2x"},"classes":[]},{"id":3225,"url":"https:\/\/timschraubtbass.tim-stelzer.de\/?p=3225","url_meta":{"origin":202,"position":3},"title":"100 LOB UND ADEL","author":"timschraubtbass","date":"31. August 2023","format":false,"excerpt":"Meine BARON MODELL 1:Holz as Holz can. Es gibt viele Fragen, die mir leider nie jemand stellt. Zum Beispiel diese: \u201dSag mal, Tim \u2013 wie ist eigentlich das Leben mit gleich zwei einzigartigen Boutique-Instrumenten?\u201d Aber zum Gl\u00fcck habe ich #timschraubtbass. Und wann sonst als zur Feier der jetzt erreichten Dreistelligkeit\u2026","rel":"","context":"In &quot;Allgemein&quot;","block_context":{"text":"Allgemein","link":"https:\/\/timschraubtbass.tim-stelzer.de\/?cat=1"},"img":{"alt_text":"","src":"https:\/\/i0.wp.com\/timschraubtbass.tim-stelzer.de\/wp-content\/uploads\/2023\/08\/IMG_1151D-scaled-e1693231760839.jpg?resize=350%2C200&ssl=1","width":350,"height":200,"srcset":"https:\/\/i0.wp.com\/timschraubtbass.tim-stelzer.de\/wp-content\/uploads\/2023\/08\/IMG_1151D-scaled-e1693231760839.jpg?resize=350%2C200&ssl=1 1x, https:\/\/i0.wp.com\/timschraubtbass.tim-stelzer.de\/wp-content\/uploads\/2023\/08\/IMG_1151D-scaled-e1693231760839.jpg?resize=525%2C300&ssl=1 1.5x, https:\/\/i0.wp.com\/timschraubtbass.tim-stelzer.de\/wp-content\/uploads\/2023\/08\/IMG_1151D-scaled-e1693231760839.jpg?resize=700%2C400&ssl=1 2x"},"classes":[]},{"id":668,"url":"https:\/\/timschraubtbass.tim-stelzer.de\/?p=668","url_meta":{"origin":202,"position":4},"title":"30 INTERLUDE","author":"timschraubtbass","date":"1. September 2017","format":false,"excerpt":"\u201dWith great Incompetence comes great Responsibility.\u201d Einmal tief Luft holen. Hey, der Bass ist fast fertig! Bevor ich den Sattel vom Sound Ranger feilen und den Bass damit bespielbar machen lasse, passt es wohl ganz gut, kurz zur\u00fcck und nach vorne zu blicken.\u00a0 So fing es an: So ging es\u2026","rel":"","context":"In &quot;Allgemein&quot;","block_context":{"text":"Allgemein","link":"https:\/\/timschraubtbass.tim-stelzer.de\/?cat=1"},"img":{"alt_text":"","src":"https:\/\/i0.wp.com\/tim-stelzer.de\/timschraubtbass\/wp-content\/uploads\/2017\/06\/IMG_9883-1024x418.jpg?resize=350%2C200","width":350,"height":200,"srcset":"https:\/\/i0.wp.com\/tim-stelzer.de\/timschraubtbass\/wp-content\/uploads\/2017\/06\/IMG_9883-1024x418.jpg?resize=350%2C200 1x, https:\/\/i0.wp.com\/tim-stelzer.de\/timschraubtbass\/wp-content\/uploads\/2017\/06\/IMG_9883-1024x418.jpg?resize=525%2C300 1.5x"},"classes":[]},{"id":2267,"url":"https:\/\/timschraubtbass.tim-stelzer.de\/?p=2267","url_meta":{"origin":202,"position":5},"title":"82 THE BASS BABY (III)","author":"timschraubtbass","date":"15. November 2019","format":false,"excerpt":"\u201dMan h\u00f6rt, dass es ein Helliver-Instrument ist.\u201d \u2013 Oliver Baron im Interview (Teil 3 des Bass-Berichts). Wie versprochen gibt's heute den Helliver-Chef & -Gr\u00fcnder Oliver im O-Ton. Der freundliche Dipl.-Des. spricht \u00fcber den ersten Bass aus seiner Werkstatt \u2013 und l\u00e4sst dabei angemessen tief blicken, was seine Arbeits- und Herangehensweise\u2026","rel":"","context":"In &quot;Allgemein&quot;","block_context":{"text":"Allgemein","link":"https:\/\/timschraubtbass.tim-stelzer.de\/?cat=1"},"img":{"alt_text":"","src":"https:\/\/i0.wp.com\/timschraubtbass.tim-stelzer.de\/wp-content\/uploads\/2019\/10\/IMG_7882.jpeg?resize=350%2C200&ssl=1","width":350,"height":200,"srcset":"https:\/\/i0.wp.com\/timschraubtbass.tim-stelzer.de\/wp-content\/uploads\/2019\/10\/IMG_7882.jpeg?resize=350%2C200&ssl=1 1x, https:\/\/i0.wp.com\/timschraubtbass.tim-stelzer.de\/wp-content\/uploads\/2019\/10\/IMG_7882.jpeg?resize=525%2C300&ssl=1 1.5x, https:\/\/i0.wp.com\/timschraubtbass.tim-stelzer.de\/wp-content\/uploads\/2019\/10\/IMG_7882.jpeg?resize=700%2C400&ssl=1 2x, https:\/\/i0.wp.com\/timschraubtbass.tim-stelzer.de\/wp-content\/uploads\/2019\/10\/IMG_7882.jpeg?resize=1050%2C600&ssl=1 3x, https:\/\/i0.wp.com\/timschraubtbass.tim-stelzer.de\/wp-content\/uploads\/2019\/10\/IMG_7882.jpeg?resize=1400%2C800&ssl=1 4x"},"classes":[]}],"_links":{"self":[{"href":"https:\/\/timschraubtbass.tim-stelzer.de\/index.php?rest_route=\/wp\/v2\/posts\/202","targetHints":{"allow":["GET"]}}],"collection":[{"href":"https:\/\/timschraubtbass.tim-stelzer.de\/index.php?rest_route=\/wp\/v2\/posts"}],"about":[{"href":"https:\/\/timschraubtbass.tim-stelzer.de\/index.php?rest_route=\/wp\/v2\/types\/post"}],"author":[{"embeddable":true,"href":"https:\/\/timschraubtbass.tim-stelzer.de\/index.php?rest_route=\/wp\/v2\/users\/1"}],"replies":[{"embeddable":true,"href":"https:\/\/timschraubtbass.tim-stelzer.de\/index.php?rest_route=%2Fwp%2Fv2%2Fcomments&post=202"}],"version-history":[{"count":28,"href":"https:\/\/timschraubtbass.tim-stelzer.de\/index.php?rest_route=\/wp\/v2\/posts\/202\/revisions"}],"predecessor-version":[{"id":374,"href":"https:\/\/timschraubtbass.tim-stelzer.de\/index.php?rest_route=\/wp\/v2\/posts\/202\/revisions\/374"}],"wp:attachment":[{"href":"https:\/\/timschraubtbass.tim-stelzer.de\/index.php?rest_route=%2Fwp%2Fv2%2Fmedia&parent=202"}],"wp:term":[{"taxonomy":"category","embeddable":true,"href":"https:\/\/timschraubtbass.tim-stelzer.de\/index.php?rest_route=%2Fwp%2Fv2%2Fcategories&post=202"},{"taxonomy":"post_tag","embeddable":true,"href":"https:\/\/timschraubtbass.tim-stelzer.de\/index.php?rest_route=%2Fwp%2Fv2%2Ftags&post=202"}],"curies":[{"name":"wp","href":"https:\/\/api.w.org\/{rel}","templated":true}]}}