{"id":1564,"date":"2019-01-16T09:44:02","date_gmt":"2019-01-16T08:44:02","guid":{"rendered":"http:\/\/tim-stelzer.de\/timschraubtbass\/?p=1564"},"modified":"2019-03-22T11:55:14","modified_gmt":"2019-03-22T10:55:14","slug":"73-bass-to-the-future-teil-2","status":"publish","type":"post","link":"https:\/\/timschraubtbass.tim-stelzer.de\/?p=1564","title":{"rendered":"73 BASS TO THE FUTURE (Teil 2)"},"content":{"rendered":"\n<h1 class=\"wp-block-heading\"><strong>\u201dWhatever will be, will be\u201d \u2013<br>Die Musik Produktiv Hausmesse 2018<\/strong><\/h1>\n\n\n\n<p><strong>Der <a rel=\"noreferrer noopener\" aria-label=\"erste Teil meines Berichts (opens in a new tab)\" href=\"http:\/\/tim-stelzer.de\/timschraubtbass\/?p=1544\" target=\"_blank\">erste Teil meines Berichts<\/a> endete mit dem kurzen Test des Marleaux Shortscale-Basses, der \u00fcbrigens auch in der aktuellen <\/strong><a rel=\"noreferrer noopener\" aria-label=\"\u201dBass Professor\u201d-Ausgabe (opens in a new tab)\" href=\"http:\/\/www.bassprofessor.info\" target=\"_blank\"><strong>\u201dBass Professor\u201d-Ausgabe<\/strong><\/a><strong> euphorisch bespielt &amp; besprochen wird (leider noch kein Link verf\u00fcgbar, sorry).<\/strong> <strong>Jetzt geht&#8217;s weiter.&nbsp;Der DeLorean ist mittlerweile im&nbsp;neuen&nbsp;Jahr&nbsp;gelandet \u2013&nbsp;f\u00fcr&nbsp;das&nbsp;ich&nbsp;allen&nbsp;Leserinnen&nbsp;und&nbsp;Lesern&nbsp;alles&nbsp;erdenklich Gute&nbsp;w\u00fcnsche.<\/strong><\/p>\n\n\n\n<p><a rel=\"noreferrer noopener\" aria-label=\"Norbert (opens in a new tab)\" href=\"https:\/\/www.hoener-logistics.de\" target=\"_blank\">Norbert<\/a> &amp; ich liefen dann noch ein bisschen weiter rum, erkundeten auch die Angebote im Laden (wo ich die riesige <strong>Akustik-Gitarren-Abteilung<\/strong> entdeckte, die ich noch gar nicht so wahrgenommen hatte) und schlenderten dann weiter durch die Messeg\u00e4nge. Norbert kaufte ein <a rel=\"noreferrer noopener\" aria-label=\"tolles Gitarrenpedal (opens in a new tab)\" href=\"https:\/\/friedmanamplification.com\/friedman-pedals\/dirty-shirley-pedal\" target=\"_blank\"><strong>tolles Gitarrenpedal<\/strong><\/a> und lie\u00df es vom <a rel=\"noreferrer noopener\" aria-label=\"Meister (opens in a new tab)\" href=\"https:\/\/friedmanamplification.com\/about\" target=\"_blank\">Meister<\/a> h\u00f6chstselbst signieren. Ich fand mich immer wieder wie magisch vom <a rel=\"noreferrer noopener\" aria-label=\"Marleaux-Stand (opens in a new tab)\" href=\"https:\/\/www.facebook.com\/marleauxbass\/photos\/a.10151500001932924\/10155460985297924\/?type=3&amp;theater\" target=\"_blank\"><strong>Marleaux-Stand<\/strong><\/a><strong> <\/strong>angezogen. Aber nicht nur ich \u2013 es war dann doch <a rel=\"noreferrer noopener\" aria-label=\"recht voll (opens in a new tab)\" href=\"https:\/\/www.facebook.com\/MpMesse\/photos\/ms.c.eJxNVtltQDEI26jiCNf~_i1UPN05~;LU5jSFTKj43EhISf~_NEPcLex9rYgMJZaGkYgZUJOj1zA~_wNG7QLHFpC~_QDhcijHWopsWZ~_CiBGLr8GEMgQXTRiDoLUysvkpZmM0GDb9BreuklslxAgmAaUu325N~;gIKPQz7UFcCNMeKgsBgUnNZzMbhcgsSX026W7vVZxI3hshSGkUL13Binb1rfbqcvH3r8A6oOYyyFQQrlJIKeR9DGSAatjTGHFgkgzmPsC1osTE5vL8lBOaavtIh1CbtZunsJSrvAyGeRw9J3tqF3tjZ51sJet9vcYXPmW0cWu41GWo4S7ett3y1Q6bz2Fe0ngc2SMgTOUlg3qBSySL65rMuTw8hqzO5srVYOzn0xTC45OcMY8hBoVHoH5daxFn4pnF5JjVN0AZ2630ozd1ChBDC5M3QBp~;aAdam8LlrfEoY80cWumIyyjkAdr7lEczeGzZKcnIvhwiQvzKfLr9t4Fsup9aVQIYfz5JAoXVl6rrTr7YtByU9jtSumRYvGRjnvR2M9jEtY4OOwW4csg3VULR91WdfWBbge2iidd0xaoCDu3Byk5eR0RxkMagGChgRFAfBXGK4Dgdlhj1LJs5OzJwdUqv8q3dPnPLAWOPRjtGhYcBva0AtliSV8wxaQ3M72sftn3lHac5HOt0HWJfW5rIL6bfYc1MExDMZwj7R~;R2hj8I2qnW28LL0K0uEdGwNAJUN0TtE5RGcU3RG8HpovKLK8tHj4imkT0lY~_jdVweXUs683Xw0RWhXQxgca4yCK~_Y2jOFhTOpdAazSWbc8H5FN7TlcOZfADaf8IdLFDw0MtAp7xBgoev~_fAprsPTB0p3lm6yfHjVi7HDVv4~;FLfwTc5WQZbnAbB4P5TEk8R7qo4sPEqK5koI7Ask754aekmKXw4K41bi~;5FUoTgecb6EZpAlN9uwptkPWPH7IaeGLMODooU6SJDi0k3~;AiCE~_tY~-.bps.a.1073428682838716\/1073429059505345\/?type=3&amp;theater\" target=\"_blank\">recht voll<\/a> geworden, nicht nur bei den B\u00e4ssen, sondern auf der ganzen Messe.<\/p>\n\n\n\n<p>Obwohl ich anfangs noch in <strong>Testlaune<\/strong> gewesen war, verging diese mir zunehmend. Es war einfach zu laut \u00fcberall. Oder, anders (ehrlicher) formuliert: <strong>Ich bin langsam zu alt f\u00fcr den Schei\u00df! <\/strong>Ich wollte es ungef\u00e4hr so: \u201dMan reiche mir bitte eine Tasse Tee und ein Instrument meiner Wahl in einer schallisolierten, ger\u00e4umigen (Wohnzimmer-Dimensionen) Testkabine.\u201d Ich bekam: <strong>\u201dWas? WAS HAST DU GESAGT?? LAUTER!!!\u201d<\/strong><\/p>\n\n\n\n<p>Ausgerechnet der Marleaux-Stand war in dieser Hinsicht wieder mal <strong>ung\u00fcnstig positioniert<\/strong>. 2017 waren es die Gibson-Gef\u00e4hrten, die direkt gegen\u00fcber der edlen B\u00e4sse aus dem Harz ungehemmt bretterten, was das Zeug hielt (offensichtlich eine Menge). 2018 hingegen gab es <strong>einen fast symbolisch zu verstehenden anderen Grund<\/strong>, weshalb man die B\u00e4sse besser sehen als h\u00f6ren konnte: Am Messestand der <a rel=\"noreferrer noopener\" aria-label=\"Firma Mixars (opens in a new tab)\" href=\"https:\/\/www.mixars.com\" target=\"_blank\">Firma Mixars<\/a> f\u00fchrte <a rel=\"noreferrer noopener\" aria-label=\"in regelm\u00e4\u00dfigen Abst\u00e4nden (opens in a new tab)\" href=\"https:\/\/www.evensi.de\/mixars-prasentiert-cassey-doreen-showcase-musik-produktiv-fuggerstras-6-49479-ibbenburen-germany\/274908848\" target=\"_blank\">in regelm\u00e4\u00dfigen Abst\u00e4nden<\/a> eine junge <a rel=\"noreferrer noopener\" aria-label=\"DJane (opens in a new tab)\" href=\"http:\/\/www.cassey-doreen.de\" target=\"_blank\"><strong>DJane<\/strong><\/a> vor, was sie <a rel=\"noreferrer noopener\" aria-label=\" (opens in a new tab)\" href=\"https:\/\/www.instagram.com\/p\/BrncvS9nozC\/\" target=\"_blank\">so drauf<\/a> hat. Und Musik <a rel=\"noreferrer noopener\" aria-label=\"aufgelegt (opens in a new tab)\" href=\"https:\/\/www.facebook.com\/MpMesse\/photos\/ms.c.eJxNVtltQDEI26jiCNf~_i1UPN05~;LU5jSFTKj43EhISf~_NEPcLex9rYgMJZaGkYgZUJOj1zA~_wNG7QLHFpC~_QDhcijHWopsWZ~_CiBGLr8GEMgQXTRiDoLUysvkpZmM0GDb9BreuklslxAgmAaUu325N~;gIKPQz7UFcCNMeKgsBgUnNZzMbhcgsSX026W7vVZxI3hshSGkUL13Binb1rfbqcvH3r8A6oOYyyFQQrlJIKeR9DGSAatjTGHFgkgzmPsC1osTE5vL8lBOaavtIh1CbtZunsJSrvAyGeRw9J3tqF3tjZ51sJet9vcYXPmW0cWu41GWo4S7ett3y1Q6bz2Fe0ngc2SMgTOUlg3qBSySL65rMuTw8hqzO5srVYOzn0xTC45OcMY8hBoVHoH5daxFn4pnF5JjVN0AZ2630ozd1ChBDC5M3QBp~;aAdam8LlrfEoY80cWumIyyjkAdr7lEczeGzZKcnIvhwiQvzKfLr9t4Fsup9aVQIYfz5JAoXVl6rrTr7YtByU9jtSumRYvGRjnvR2M9jEtY4OOwW4csg3VULR91WdfWBbge2iidd0xaoCDu3Byk5eR0RxkMagGChgRFAfBXGK4Dgdlhj1LJs5OzJwdUqv8q3dPnPLAWOPRjtGhYcBva0AtliSV8wxaQ3M72sftn3lHac5HOt0HWJfW5rIL6bfYc1MExDMZwj7R~;R2hj8I2qnW28LL0K0uEdGwNAJUN0TtE5RGcU3RG8HpovKLK8tHj4imkT0lY~_jdVweXUs683Xw0RWhXQxgca4yCK~_Y2jOFhTOpdAazSWbc8H5FN7TlcOZfADaf8IdLFDw0MtAp7xBgoev~_fAprsPTB0p3lm6yfHjVi7HDVv4~;FLfwTc5WQZbnAbB4P5TEk8R7qo4sPEqK5koI7Ask754aekmKXw4K41bi~;5FUoTgecb6EZpAlN9uwptkPWPH7IaeGLMODooU6SJDi0k3~;AiCE~_tY~-.bps.a.1073428682838716\/1073429499505301\/?type=3&amp;theater\" target=\"_blank\">aufgelegt<\/a> hat sie auch noch.<\/p>\n\n\n\n<p><strong>\u201dMusik\u201d?<\/strong> Ja, doch, es ist wohl Musik, aber eben <strong>nicht meine<\/strong>. Ich h\u00f6re ja wirklich auch gerne <a rel=\"noreferrer noopener\" aria-label=\"experimentellen Quark (opens in a new tab)\" href=\"https:\/\/www.youtube.com\/watch?v=0sJZcyQsdUM\" target=\"_blank\">experimentellen Quark<\/a> oder <a rel=\"noreferrer noopener\" aria-label=\"schwer ertr\u00e4glichen Fake Jazz (opens in a new tab)\" href=\"https:\/\/www.youtube.com\/watch?v=xm3rEZiJFIc\" target=\"_blank\">schwer ertr\u00e4glichen Fake Jazz<\/a> oder <a rel=\"noreferrer noopener\" aria-label=\"idiosynkratisch britischen Grundmotorik-Waverock (opens in a new tab)\" href=\"https:\/\/www.youtube.com\/watch?v=xm3rEZiJFIc\" target=\"_blank\">idiosynkratisch britischen Grundmotorik-Waverock<\/a> oder <a rel=\"noreferrer noopener\" aria-label=\"Breitband-Soundtrack-Metal aus dem M\u00fcnsterland (opens in a new tab)\" href=\"https:\/\/www.youtube.com\/watch?v=3Dh5vUlQdl4\" target=\"_blank\">Breitband-Soundtrack-Metal aus dem M\u00fcnsterland<\/a> oder <a rel=\"noreferrer noopener\" aria-label=\"Electronica-Experimente ehemaliger Schottenpopper (opens in a new tab)\" href=\"https:\/\/www.youtube.com\/watch?v=m7NaxJubLik\" target=\"_blank\">Electronica-Experimente ehemaliger Schottenpopper<\/a> oder was auch immer. <strong>Aber. Nicht. Sowas:<\/strong><\/p>\n\n\n\n<figure class=\"wp-block-embed-youtube wp-block-embed is-type-video is-provider-youtube wp-embed-aspect-16-9 wp-has-aspect-ratio\"><div class=\"wp-block-embed__wrapper\">\n<span class=\"embed-youtube\" style=\"text-align:center; display: block;\"><iframe loading=\"lazy\" class=\"youtube-player\" width=\"525\" height=\"296\" src=\"https:\/\/www.youtube.com\/embed\/kvliPaRo4qI?version=3&#038;rel=1&#038;showsearch=0&#038;showinfo=1&#038;iv_load_policy=1&#038;fs=1&#038;hl=de-DE&#038;autohide=2&#038;wmode=transparent\" allowfullscreen=\"true\" style=\"border:0;\" sandbox=\"allow-scripts allow-same-origin allow-popups allow-presentation allow-popups-to-escape-sandbox\"><\/iframe><\/span>\n<\/div><\/figure>\n\n\n\n<p>Ich behaupte mal (und schlie\u00dfe einfach von mir auf alle anderen), dass die Messebesucher zum Gro\u00dfteil <strong>eher Rock- und Pop-orientiert<\/strong> waren und sehr viele davon Gitarre oder Bass oder Schlagzeug spielten. Und sich f\u00fcr entsprechende Musikstile interessierten. <strong>Und nicht unbedingt f\u00fcr <\/strong><a rel=\"noreferrer noopener\" aria-label=\"EDM (opens in a new tab)\" href=\"https:\/\/en.wikipedia.org\/wiki\/Electronic_dance_music\" target=\"_blank\"><strong>EDM<\/strong><\/a>, wie dieses Gebrimmsel allgemein genannt wird. <strong>Tja.<\/strong> Vielleicht bin ich auch einfach nur ein alter, tragischerweise in den 70ern und 80ern musiksozialisierter <strong>Sack<\/strong>. Aber das ist jetzt wohl auch die richtige Stelle, um kurz innezuhalten \u2013 und die Frage zu stellen: Was w\u00fcrde <a rel=\"noreferrer noopener\" aria-label=\"David Guetta (opens in a new tab)\" href=\"https:\/\/www.youtube.com\/watch?v=PcMZ_RoWcrE\" target=\"_blank\"><strong>David Guetta<\/strong><\/a> dazu sagen?<\/p>\n\n\n\n<h2 class=\"wp-block-heading\"><strong>\u201dDo you want some Bass?\u201d<\/strong><\/h2>\n\n\n\n<figure class=\"wp-block-embed-youtube wp-block-embed is-type-video is-provider-youtube wp-embed-aspect-16-9 wp-has-aspect-ratio\"><div class=\"wp-block-embed__wrapper\">\n<span class=\"embed-youtube\" style=\"text-align:center; display: block;\"><iframe loading=\"lazy\" class=\"youtube-player\" width=\"525\" height=\"296\" src=\"https:\/\/www.youtube.com\/embed\/49EhuzrRj8I?version=3&#038;rel=1&#038;showsearch=0&#038;showinfo=1&#038;iv_load_policy=1&#038;fs=1&#038;hl=de-DE&#038;autohide=2&#038;wmode=transparent\" allowfullscreen=\"true\" style=\"border:0;\" sandbox=\"allow-scripts allow-same-origin allow-popups allow-presentation allow-popups-to-escape-sandbox\"><\/iframe><\/span>\n<\/div><\/figure>\n\n\n\n<p>Genau. Also <strong>zur\u00fcck zum Marleaux-Stand<\/strong>, wo mir im Gedr\u00e4nge pl\u00f6tzlich <strong>ein Gesicht<\/strong> auffiel. Das in der deutschen Bass-Szene durchaus bekannt ist, nicht erst seit dem gro\u00dfen Interview mit ihm in der <a rel=\"noreferrer noopener\" aria-label=\"Bass Quarterly 4\/2018 (opens in a new tab)\" href=\"https:\/\/www.bassquarterly.de\/archiv\/ausgaben\/ausgaben\/bassquarterly-42018-juliaugust-gesamtausgabe\/\" target=\"_blank\">Bass Quarterly 4\/2018<\/a>: <strong>Florian Friedrich!<\/strong> Klar, er ist ja auch <a rel=\"noreferrer noopener\" aria-label=\"Marleaux-Endorser (opens in a new tab)\" href=\"https:\/\/www.youtube.com\/watch?v=BOWaXt5QsoY\" target=\"_blank\"><strong>Marleaux-Endorser<\/strong><\/a>. Und vielbesch\u00e4ftigter <strong><a href=\"http:\/\/florianfriedrich.com\">Bass-Profi<\/a><\/strong>. Und renommierter <a rel=\"noreferrer noopener\" aria-label=\"Online-Basslehrer (opens in a new tab)\" href=\"https:\/\/floriansbassunterricht.de\" target=\"_blank\"><strong>Online-Basslehrer<\/strong><\/a>. Und was er dann am Stand so auf den B\u00e4ssen spielte, war wirklich fantastisch \u2013 zum Beispiel einige ziemlich coole Stevie-Wonder-Adaptionen. Und ein spontaner <strong>Jam<\/strong> mit einem linksh\u00e4ndigen <a rel=\"noreferrer noopener\" aria-label=\" (opens in a new tab)\" href=\"https:\/\/www.facebook.com\/MpMesse\/photos\/ms.c.eJxNVtltQDEI26jiCNf~_i1UPN05~;LU5jSFTKj43EhISf~_NEPcLex9rYgMJZaGkYgZUJOj1zA~_wNG7QLHFpC~_QDhcijHWopsWZ~_CiBGLr8GEMgQXTRiDoLUysvkpZmM0GDb9BreuklslxAgmAaUu325N~;gIKPQz7UFcCNMeKgsBgUnNZzMbhcgsSX026W7vVZxI3hshSGkUL13Binb1rfbqcvH3r8A6oOYyyFQQrlJIKeR9DGSAatjTGHFgkgzmPsC1osTE5vL8lBOaavtIh1CbtZunsJSrvAyGeRw9J3tqF3tjZ51sJet9vcYXPmW0cWu41GWo4S7ett3y1Q6bz2Fe0ngc2SMgTOUlg3qBSySL65rMuTw8hqzO5srVYOzn0xTC45OcMY8hBoVHoH5daxFn4pnF5JjVN0AZ2630ozd1ChBDC5M3QBp~;aAdam8LlrfEoY80cWumIyyjkAdr7lEczeGzZKcnIvhwiQvzKfLr9t4Fsup9aVQIYfz5JAoXVl6rrTr7YtByU9jtSumRYvGRjnvR2M9jEtY4OOwW4csg3VULR91WdfWBbge2iidd0xaoCDu3Byk5eR0RxkMagGChgRFAfBXGK4Dgdlhj1LJs5OzJwdUqv8q3dPnPLAWOPRjtGhYcBva0AtliSV8wxaQ3M72sftn3lHac5HOt0HWJfW5rIL6bfYc1MExDMZwj7R~;R2hj8I2qnW28LL0K0uEdGwNAJUN0TtE5RGcU3RG8HpovKLK8tHj4imkT0lY~_jdVweXUs683Xw0RWhXQxgca4yCK~_Y2jOFhTOpdAazSWbc8H5FN7TlcOZfADaf8IdLFDw0MtAp7xBgoev~_fAprsPTB0p3lm6yfHjVi7HDVv4~;FLfwTc5WQZbnAbB4P5TEk8R7qo4sPEqK5koI7Ask754aekmKXw4K41bi~;5FUoTgecb6EZpAlN9uwptkPWPH7IaeGLMODooU6SJDi0k3~;AiCE~_tY~-.bps.a.1073428682838716\/1073428889505362\/?type=3&amp;theater\" target=\"_blank\"><strong>EICH<\/strong><\/a><strong>-Mitarbeiter<\/strong>. Ich w\u00fcnschte, ich h\u00e4tte das mitgeschnitten!<\/p>\n\n\n\n<figure class=\"wp-block-image\"><a href=\"http:\/\/tim-stelzer.de\/timschraubtbass\/wp-content\/uploads\/2018\/12\/IMG_4465.jpg\" target=\"_blank\" rel=\"noreferrer noopener\"><img loading=\"lazy\" decoding=\"async\" width=\"3024\" height=\"4032\" data-attachment-id=\"1549\" data-permalink=\"https:\/\/timschraubtbass.tim-stelzer.de\/?attachment_id=1549\" data-orig-file=\"https:\/\/timschraubtbass.tim-stelzer.de\/wp-content\/uploads\/2018\/12\/IMG_4465.jpg\" data-orig-size=\"3024,4032\" data-comments-opened=\"1\" data-image-meta=\"{&quot;aperture&quot;:&quot;1.8&quot;,&quot;credit&quot;:&quot;&quot;,&quot;camera&quot;:&quot;iPhone 8&quot;,&quot;caption&quot;:&quot;&quot;,&quot;created_timestamp&quot;:&quot;1541857785&quot;,&quot;copyright&quot;:&quot;&quot;,&quot;focal_length&quot;:&quot;3.99&quot;,&quot;iso&quot;:&quot;40&quot;,&quot;shutter_speed&quot;:&quot;0.04&quot;,&quot;title&quot;:&quot;&quot;,&quot;orientation&quot;:&quot;0&quot;}\" data-image-title=\"IMG_4465\" data-image-description=\"\" data-image-caption=\"\" data-large-file=\"https:\/\/timschraubtbass.tim-stelzer.de\/wp-content\/uploads\/2018\/12\/IMG_4465-768x1024.jpg\" src=\"http:\/\/tim-stelzer.de\/timschraubtbass\/wp-content\/uploads\/2018\/12\/IMG_4465.jpg\" alt=\"\" class=\"wp-image-1549\" srcset=\"https:\/\/timschraubtbass.tim-stelzer.de\/wp-content\/uploads\/2018\/12\/IMG_4465.jpg 3024w, https:\/\/timschraubtbass.tim-stelzer.de\/wp-content\/uploads\/2018\/12\/IMG_4465-225x300.jpg 225w, https:\/\/timschraubtbass.tim-stelzer.de\/wp-content\/uploads\/2018\/12\/IMG_4465-768x1024.jpg 768w\" sizes=\"auto, (max-width: 767px) 89vw, (max-width: 1000px) 54vw, (max-width: 1071px) 543px, 580px\" \/><\/a><figcaption>Flo am Marleaux \u2013 gro\u00dfe Show.<\/figcaption><\/figure>\n\n\n\n<p>Aber immerhin habe ich Florian angesprochen und mich ein bisschen mit ihm unterhalten. Ein <strong>sehr angenehmes Gespr\u00e4ch<\/strong> (trotz der uns umgebenden Lautst\u00e4rke), das sich dann f\u00fcr ein paar Takte auch um die Themen <strong>Beruf, Hobby, Leidenschaft<\/strong> drehte \u2013 und um deren Verkn\u00fcpfung in der eigenen Biografie. So erz\u00e4hlte er zum Beispiel, dass ihn einst ein Mitsch\u00fcler erstaunt gefragt hatte: \u201dBass studieren? Was willst du denn damit machen?\u201d \u2013 und Florian ihm einfach nur die Gegenfrage stellte: &#8222;BWL studieren? Was willst du denn <em>damit<\/em> machen??\u201d \ud83d\ude09<\/p>\n\n\n\n<p>Wer <strong>mehr \u00fcber Florian<\/strong> erfahren m\u00f6chte, dem sei sein <a rel=\"noreferrer noopener\" aria-label=\"YouTube-Channel (opens in a new tab)\" href=\"https:\/\/www.youtube.com\/user\/floriansbassunteicht\" target=\"_blank\"><strong>YouTube-Channel<\/strong><\/a> ans Herz gelegt. Und nat\u00fcrlich auch seine gerade neu gelaunchte Seite <a rel=\"noreferrer noopener\" aria-label=\"floriansbassunterricht.de (opens in a new tab)\" href=\"https:\/\/floriansbassunterricht.de\" target=\"_blank\"><strong>floriansbassunterricht.de<\/strong><\/a>. Von seinen Videos war mir vor einiger Zeit vor allem eines aufgefallen, das mir gut gefallen hat. Da geht es um das (auch im Themenbereich meines Blogs spannende) Thema <a rel=\"noreferrer noopener\" aria-label=\"&quot;Vintage-Bass gegen neuen Edel-Bass\u201d (opens in a new tab)\" href=\"https:\/\/www.youtube.com\/watch?v=bL2CgaMPKRc\" target=\"_blank\">&#8222;Vintage-Bass gegen neuen Edel-Bass\u201d<\/a>, das ich hier von ihm aus seiner <strong>Profi-Perspektive<\/strong> sehr aufschlussreich aufgedr\u00f6selt fand. <\/p>\n\n\n\n<p>Und als <strong>Bass-, Bassbauer- und Profibassisten-Fanboy<\/strong> war ich nat\u00fcrlich schamlos genug, Florian um ein Selfie mit mir zu bitten. Tja, in meiner <strong>Bassblogger-Geheimidentit\u00e4t<\/strong> mache ich halt dauernd Sachen, \u00fcber die ich in meinem <strong>wirklichen Leben<\/strong> nur den Kopf sch\u00fctteln w\u00fcrde \u2026 oder beide: <\/p>\n\n\n\n<figure class=\"wp-block-image\"><img loading=\"lazy\" decoding=\"async\" width=\"1024\" height=\"769\" data-attachment-id=\"1548\" data-permalink=\"https:\/\/timschraubtbass.tim-stelzer.de\/?attachment_id=1548\" data-orig-file=\"https:\/\/timschraubtbass.tim-stelzer.de\/wp-content\/uploads\/2018\/12\/IMG_4464.jpg\" data-orig-size=\"3088,2320\" data-comments-opened=\"1\" data-image-meta=\"{&quot;aperture&quot;:&quot;2.2&quot;,&quot;credit&quot;:&quot;&quot;,&quot;camera&quot;:&quot;iPhone 8&quot;,&quot;caption&quot;:&quot;&quot;,&quot;created_timestamp&quot;:&quot;1541854274&quot;,&quot;copyright&quot;:&quot;&quot;,&quot;focal_length&quot;:&quot;2.87&quot;,&quot;iso&quot;:&quot;160&quot;,&quot;shutter_speed&quot;:&quot;0.02&quot;,&quot;title&quot;:&quot;&quot;,&quot;orientation&quot;:&quot;0&quot;}\" data-image-title=\"IMG_4464\" data-image-description=\"\" data-image-caption=\"\" data-large-file=\"https:\/\/timschraubtbass.tim-stelzer.de\/wp-content\/uploads\/2018\/12\/IMG_4464-1024x769.jpg\" src=\"http:\/\/tim-stelzer.de\/timschraubtbass\/wp-content\/uploads\/2018\/12\/IMG_4464-1024x769.jpg\" alt=\"\" class=\"wp-image-1548\" srcset=\"https:\/\/timschraubtbass.tim-stelzer.de\/wp-content\/uploads\/2018\/12\/IMG_4464-1024x769.jpg 1024w, https:\/\/timschraubtbass.tim-stelzer.de\/wp-content\/uploads\/2018\/12\/IMG_4464-300x225.jpg 300w, https:\/\/timschraubtbass.tim-stelzer.de\/wp-content\/uploads\/2018\/12\/IMG_4464-768x577.jpg 768w\" sizes=\"auto, (max-width: 767px) 89vw, (max-width: 1000px) 54vw, (max-width: 1071px) 543px, 580px\" \/><figcaption>Nicht nur bei B\u00e4ssen, auch bei Brillen einen \u00e4hnlichen Geschmack: Florian Friedrich und Yours Truly (v.l.n.r.i.s.d.P)<\/figcaption><\/figure>\n\n\n\n<h2 class=\"wp-block-heading\"><strong>Sch\u00f6n, Tim. Aber warum hei\u00dft dieser Beitrag jetzt eigentlich \u201dWhatever will be, will be\u201d?<\/strong><\/h2>\n\n\n\n<p>Ja ja, schon gut. Ist einfach zu erkl\u00e4ren. Das <strong>Aufh\u00e4nger-Wortspiel<\/strong> meines Messeberichts ist ja BASS TO THE FUTURE. Also muss was mit Zukunft rein. Und dann passte die Zeile aus <a rel=\"noreferrer noopener\" aria-label=\"\u201dQue Sera, Sera\u201d (opens in a new tab)\" href=\"https:\/\/www.youtube.com\/watch?v=xZbKHDPPrrc\" target=\"_blank\"><strong>\u201dQue Ser\u00e1, Ser\u00e1\u201d<\/strong><\/a> nat\u00fcrlich prima. Denn \u2026<\/p>\n\n\n\n<h2 class=\"wp-block-heading\"><strong>\u201dThe Future&#8217;s not ours to see!\u201d<\/strong><\/h2>\n\n\n\n<p>\u2026 das hat auch mit meinem (schon \u00f6fter erw\u00e4hnten) Gef\u00fchl zu tun, in diesen <strong>Instrument-Test-Situationen<\/strong>, ob im Musikgesch\u00e4ft oder am Messestand, meist nur <strong>totale Gr\u00fctze<\/strong> zusammenzuspielen. Deshalb hatte ich mich <strong>vorbereitet<\/strong>. <\/p>\n\n\n\n<p>Und zwar so: In der Gitarre&amp;Bass-Ausgabe 8\/2018 war ein <a rel=\"noreferrer noopener\" aria-label=\"Interview mit Meister Marcus Miller (opens in a new tab)\" href=\"https:\/\/www.gitarrebass.de\/stories\/marcus-miller-im-interview\/\" target=\"_blank\"><strong>Interview mit Meister Marcus Miller<\/strong><\/a> zu dessen fantastischen neuen Album \u201dLaid Black&#8220; zu lesen. Und eine <strong>Transkription des Intros<\/strong> des Titels \u201dQue Ser\u00e1, Ser\u00e1\u201d war netterweise auch beigef\u00fcgt. Nicht bekannt? Na dann aber schnell:<\/p>\n\n\n\n<figure class=\"wp-block-embed-youtube wp-block-embed is-type-video is-provider-youtube wp-embed-aspect-16-9 wp-has-aspect-ratio\"><div class=\"wp-block-embed__wrapper\">\n<span class=\"embed-youtube\" style=\"text-align:center; display: block;\"><iframe loading=\"lazy\" class=\"youtube-player\" width=\"525\" height=\"296\" src=\"https:\/\/www.youtube.com\/embed\/KVMuparhtks?version=3&#038;rel=1&#038;showsearch=0&#038;showinfo=1&#038;iv_load_policy=1&#038;fs=1&#038;hl=de-DE&#038;autohide=2&#038;wmode=transparent\" allowfullscreen=\"true\" style=\"border:0;\" sandbox=\"allow-scripts allow-same-origin allow-popups allow-presentation allow-popups-to-escape-sandbox\"><\/iframe><\/span>\n<\/div><figcaption><a href=\"https:\/\/www.youtube.com\/watch?v=KVMuparhtks\" target=\"_blank\" rel=\"noreferrer noopener\" aria-label=\" (opens in a new tab)\">https:\/\/www.youtube.com\/watch?v=KVMuparhtks<\/a><\/figcaption><\/figure>\n\n\n\n<p>Im Vorfeld der Messe hatte ich mich also <strong>intensiv<\/strong> mit diesem Intro auseinandergesetzt und es auch <strong>zu 95 % hingekriegt<\/strong> (diese eine Stelle in Takt 4, verdammt \u2026). Macht ziemlich Spa\u00df und ist vorzeigbar. Und ich hatte es beim Testen des Marleaux Shortscale-Votans auch kurz angespielt \u2026 Aber dann, sp\u00e4ter, war es mir wie erw\u00e4hnt \u00fcberall zu voll und zu laut auf der Messe. Oder, genauer gesagt: <strong>I chickened out!<\/strong><\/p>\n\n\n\n<h2 class=\"wp-block-heading\"><strong>\u201dWill I be pretty? Will I be rich?\u201d<\/strong><\/h2>\n\n\n\n<p>Vielleicht h\u00e4tte ich mir ja doch noch mehr B\u00e4sse auf der Messe anschauen sollen \u2026 Schlie\u00dflich war da ja zum Beispiel mit <a rel=\"noreferrer noopener\" aria-label=\"Claas Guitars (opens in a new tab)\" href=\"https:\/\/claasguitars.com\/de\/\" target=\"_blank\"><strong>Claas Guitars<\/strong><\/a> eine seltsam attraktive <strong>Zukunftsvision<\/strong> des sonst ewig \u00e4hnlichen Gitarre\/Bass-Themas zu sehen. Aber ich hatte einfach <strong>keinen Bock<\/strong> mehr.<\/p>\n\n\n\n<p>Was bleibt? Immerhin <strong>ein eindrucksvoller Tag<\/strong> im besten Sinne des Wortes und ein <strong>sch\u00f6ner Ausflug<\/strong> mit meinem Bandkollegen Norbert. Und n\u00e4chstes Jahr fahre ich bestimmt auch wieder hin \u2013 soweit <strong>in die Zukunft<\/strong> wage ich dann wohl jetzt schon zu blicken. \ud83d\ude09<\/p>\n\n\n\n<p>Und es blieb ja auch <strong>was Tolles<\/strong> \u00fcbrig: Ein kurzer Mailaustausch mit <strong>Florian Friedrich<\/strong> in den Tagen nach der Messe <strong>erfreute mich<\/strong> dann wieder sehr. Darin ging es um unser Gespr\u00e4ch, meinen Bass-Blog und auch um das <a rel=\"noreferrer noopener\" aria-label=\"Interview mit Hans-Peter Wilfer (opens in a new tab)\" href=\"http:\/\/tim-stelzer.de\/timschraubtbass\/?p=1506\" target=\"_blank\">Interview mit Hans-Peter Wilfer<\/a>. Folgendes schrieb Florian:<\/p>\n\n\n\n<p><em>&#8222;Ich habe mir mal gerade deinen Bass-Blog angeschaut\u2026 Super Blog! Und einen klasse klingenden Bass hast du da zusammengeschraubt! Und tolles Interview mit Herrn Warwick\u2026. Hehehe, ich sagte dir ja, man rutscht da so rein, ohne etwas zu planen. Und ehe man sich versieht, verdient man damit sein Geld (wenn \u00fcberhaupt)\u2026. Die Leidenschaft ist Schuld! Und das ist garantiert bei allen Meistern so! Ob Hans Peter Wilfer, Gerald Marleaux oder \u201cprofessioneller\u201d Musiker\u2026 die Leidenschaft und Liebe zur Musik und zum Fach, das ist was z\u00e4hlt und was einen voran bringt. Ich finde ja sowieso, dass die Professionellen die eigentlichen Amateure sind: 1. des Wortes wegen\u2026 Wir lieben eben, was wir tun! Und 2. wird dir kein Profi sagen, dass er schon alles kann. Die meisten der Gro\u00dfen bleiben wissbegierig und bescheiden und bilden sich immer weiter! ;-)Und zur Griffbrettreinigung: THE DIRT KEEPS THE FUNK!!!! Also nicht zu viel putzen! ;-)&#8220;&nbsp;[Florian&nbsp;Friedrich&nbsp;\/&nbsp;16.11.2018]<\/em><\/p>\n\n\n\n<p><strong>Und das kann man ja einfach mal so stehen lassen, oder?<\/strong><\/p>\n\n\n\n<h2 class=\"wp-block-heading\"><strong>Und jetzt: BACK (!) TO THE FUTURE!<\/strong><\/h2>\n\n\n\n<p>Denn es gibt viel zu <strong>tun<\/strong>, viel zu <strong>schreiben<\/strong>, viel zu <strong>spielen<\/strong>. Ich habe leider sehr lange f\u00fcr diesen Artikel gebraucht \u2013 was unter anderem daran liegt, dass im<strong> richtigen Leben <\/strong>mein Schreibtisch gerade ziemlich mit gro\u00dfen, zeitaufw\u00e4ndigen Jobs beladen ist. Aber <strong>die Saga meines Schraub-Basses<\/strong> muss weitererz\u00e4hlt werden \u2013 da gibt es ja zum Beispiel noch eine Episode in der Werkstatt des<strong> <\/strong><a rel=\"noreferrer noopener\" aria-label=\"Sound Rangers (opens in a new tab)\" href=\"https:\/\/www.facebook.com\/SoundRanger\/\" target=\"_blank\"><strong>Sound Rangers<\/strong><\/a><strong>,<\/strong> die noch gar nicht aufgearbeitet wurde. Und, und, und \u2026 Also rei\u00dfe ich mich <strong>in naher<\/strong> <strong>Zukunft<\/strong> zusammen und <strong>plane<\/strong> mal die n\u00e4chsten Themen. Und schreibe dr\u00fcber. Denn \u2013 den kann ich jetzt leider nicht mehr zur\u00fcckhalten:<\/p>\n\n\n\n<h2 class=\"wp-block-heading\"><strong>\u201dWhatever will be, will be Bass!\u201d<\/strong><\/h2>\n","protected":false},"excerpt":{"rendered":"<p>\u201dWhatever will be, will be\u201d \u2013Die Musik Produktiv Hausmesse 2018 Der erste Teil meines Berichts endete mit dem kurzen Test des Marleaux Shortscale-Basses, der \u00fcbrigens auch in der aktuellen \u201dBass Professor\u201d-Ausgabe euphorisch bespielt &amp; besprochen wird (leider noch kein Link verf\u00fcgbar, sorry). Jetzt geht&#8217;s weiter.&nbsp;Der DeLorean ist mittlerweile im&nbsp;neuen&nbsp;Jahr&nbsp;gelandet \u2013&nbsp;f\u00fcr&nbsp;das&nbsp;ich&nbsp;allen&nbsp;Leserinnen&nbsp;und&nbsp;Lesern&nbsp;alles&nbsp;erdenklich Gute&nbsp;w\u00fcnsche. Norbert &amp; ich liefen &hellip; <\/p>\n<p class=\"link-more\"><a href=\"https:\/\/timschraubtbass.tim-stelzer.de\/?p=1564\" class=\"more-link\"><span class=\"screen-reader-text\">\u201e73 BASS TO THE FUTURE (Teil 2)\u201c <\/span>weiterlesen<\/a><\/p>\n","protected":false},"author":1,"featured_media":0,"comment_status":"open","ping_status":"open","sticky":false,"template":"","format":"standard","meta":{"jetpack_post_was_ever_published":false,"_jetpack_newsletter_access":"","_jetpack_dont_email_post_to_subs":false,"_jetpack_newsletter_tier_id":0,"_jetpack_memberships_contains_paywalled_content":false,"_jetpack_memberships_contains_paid_content":false,"footnotes":"","jetpack_publicize_message":"","jetpack_publicize_feature_enabled":true,"jetpack_social_post_already_shared":true,"jetpack_social_options":{"image_generator_settings":{"template":"highway","default_image_id":0,"font":"","enabled":false},"version":2}},"categories":[1],"tags":[],"class_list":["post-1564","post","type-post","status-publish","format-standard","hentry","category-allgemein"],"jetpack_publicize_connections":[],"jetpack_featured_media_url":"","jetpack_sharing_enabled":true,"jetpack_shortlink":"https:\/\/wp.me\/p8SMry-pe","jetpack-related-posts":[{"id":1059,"url":"https:\/\/timschraubtbass.tim-stelzer.de\/?p=1059","url_meta":{"origin":1564,"position":0},"title":"49 GREEN &#038; BLUE","author":"timschraubtbass","date":"12. Dezember 2017","format":false,"excerpt":"Das gro\u00dfe Messen (Teil 3) Adventszeit. Was da jetzt auch noch endlich mal ankommt, ist der dritte und abschlie\u00dfende Teil meines Berichts \u00fcber die Hausmesse 2017 bei Musik Produktiv in Ibbenb\u00fcren. Ich hatte ja schon im ersten und im zweiten Teil von meinem Gespr\u00e4ch mit Gerald Marleaux berichtet. Doch was\u2026","rel":"","context":"In &quot;Allgemein&quot;","block_context":{"text":"Allgemein","link":"https:\/\/timschraubtbass.tim-stelzer.de\/?cat=1"},"img":{"alt_text":"","src":"https:\/\/i0.wp.com\/tim-stelzer.de\/timschraubtbass\/wp-content\/uploads\/2017\/12\/IMG_1462-1024x1024.jpg?resize=350%2C200","width":350,"height":200,"srcset":"https:\/\/i0.wp.com\/tim-stelzer.de\/timschraubtbass\/wp-content\/uploads\/2017\/12\/IMG_1462-1024x1024.jpg?resize=350%2C200 1x, https:\/\/i0.wp.com\/tim-stelzer.de\/timschraubtbass\/wp-content\/uploads\/2017\/12\/IMG_1462-1024x1024.jpg?resize=525%2C300 1.5x"},"classes":[]},{"id":3774,"url":"https:\/\/timschraubtbass.tim-stelzer.de\/?p=3774","url_meta":{"origin":1564,"position":1},"title":"108 JAZZ SPASS (Teil 4)","author":"timschraubtbass","date":"14. November 2025","format":false,"excerpt":"Time takes time: Endlich (!!) der 4. und (vorerst) letzte Teil von JAZZ SPASS, meinem Schrauben-2.0-Projekt. Enjoy!","rel":"","context":"In &quot;Allgemein&quot;","block_context":{"text":"Allgemein","link":"https:\/\/timschraubtbass.tim-stelzer.de\/?cat=1"},"img":{"alt_text":"","src":"https:\/\/i0.wp.com\/timschraubtbass.tim-stelzer.de\/wp-content\/uploads\/2025\/11\/IMG_9603.jpg?resize=350%2C200&ssl=1","width":350,"height":200,"srcset":"https:\/\/i0.wp.com\/timschraubtbass.tim-stelzer.de\/wp-content\/uploads\/2025\/11\/IMG_9603.jpg?resize=350%2C200&ssl=1 1x, https:\/\/i0.wp.com\/timschraubtbass.tim-stelzer.de\/wp-content\/uploads\/2025\/11\/IMG_9603.jpg?resize=525%2C300&ssl=1 1.5x, https:\/\/i0.wp.com\/timschraubtbass.tim-stelzer.de\/wp-content\/uploads\/2025\/11\/IMG_9603.jpg?resize=700%2C400&ssl=1 2x, https:\/\/i0.wp.com\/timschraubtbass.tim-stelzer.de\/wp-content\/uploads\/2025\/11\/IMG_9603.jpg?resize=1050%2C600&ssl=1 3x, https:\/\/i0.wp.com\/timschraubtbass.tim-stelzer.de\/wp-content\/uploads\/2025\/11\/IMG_9603.jpg?resize=1400%2C800&ssl=1 4x"},"classes":[]},{"id":3586,"url":"https:\/\/timschraubtbass.tim-stelzer.de\/?p=3586","url_meta":{"origin":1564,"position":2},"title":"106 JAZZ SPASS (Teil 2)","author":"timschraubtbass","date":"20. Dezember 2024","format":false,"excerpt":"Die \u00d6lprinzessin Rein grammatisch gesehen sind Gitarren feminin und B\u00e4sse maskulin. Aber in meinem Kopf ist bei B\u00e4ssen eine Binnen-Differenzierung, warum auch immer: Fender Precis sind m\u00e4nnlich, Fender Jazz B\u00e4sse sind weiblich. Liegt es an ihren Formen? An den (ziemlich genderklischeehaften) (B)Assoziationen \u201dPreci = f\u00fcrs Grobe\u201d & \u201dJazz Bass =\u2026","rel":"","context":"In &quot;Allgemein&quot;","block_context":{"text":"Allgemein","link":"https:\/\/timschraubtbass.tim-stelzer.de\/?cat=1"},"img":{"alt_text":"","src":"https:\/\/i0.wp.com\/timschraubtbass.tim-stelzer.de\/wp-content\/uploads\/2024\/11\/7A1D208A-E19B-42AF-8740-FDD89035628B_1_105_c.jpeg?resize=350%2C200&ssl=1","width":350,"height":200,"srcset":"https:\/\/i0.wp.com\/timschraubtbass.tim-stelzer.de\/wp-content\/uploads\/2024\/11\/7A1D208A-E19B-42AF-8740-FDD89035628B_1_105_c.jpeg?resize=350%2C200&ssl=1 1x, https:\/\/i0.wp.com\/timschraubtbass.tim-stelzer.de\/wp-content\/uploads\/2024\/11\/7A1D208A-E19B-42AF-8740-FDD89035628B_1_105_c.jpeg?resize=525%2C300&ssl=1 1.5x, https:\/\/i0.wp.com\/timschraubtbass.tim-stelzer.de\/wp-content\/uploads\/2024\/11\/7A1D208A-E19B-42AF-8740-FDD89035628B_1_105_c.jpeg?resize=700%2C400&ssl=1 2x"},"classes":[]},{"id":939,"url":"https:\/\/timschraubtbass.tim-stelzer.de\/?p=939","url_meta":{"origin":1564,"position":3},"title":"45 HALLO, MARLEAUX!","author":"timschraubtbass","date":"14. November 2017","format":false,"excerpt":"Das gro\u00dfe Messen (Teil 1). Letztes Wochenende fand die\u00a0Musik Produktiv Messe 2017 in Ibbenb\u00fcren statt. Ich war zum ersten Mal da. Und hatte Gl\u00fcck. Zwar nicht bei\u00a0einer der vielen Gear-Verlosungen, die dort\u00a0dauernd\u00a0an jeder zweiten Ecke stattfinden \u2013 nein, besser. Sogar viel\u00a0b\u00e4sser. (Ich wei\u00df, ich muss mir dieses bl\u00f6de Wortspiel dringend\u2026","rel":"","context":"In &quot;Allgemein&quot;","block_context":{"text":"Allgemein","link":"https:\/\/timschraubtbass.tim-stelzer.de\/?cat=1"},"img":{"alt_text":"","src":"https:\/\/i0.wp.com\/tim-stelzer.de\/timschraubtbass\/wp-content\/uploads\/2017\/11\/IMG_1320-1024x768.jpg?resize=350%2C200","width":350,"height":200,"srcset":"https:\/\/i0.wp.com\/tim-stelzer.de\/timschraubtbass\/wp-content\/uploads\/2017\/11\/IMG_1320-1024x768.jpg?resize=350%2C200 1x, https:\/\/i0.wp.com\/tim-stelzer.de\/timschraubtbass\/wp-content\/uploads\/2017\/11\/IMG_1320-1024x768.jpg?resize=525%2C300 1.5x"},"classes":[]},{"id":3676,"url":"https:\/\/timschraubtbass.tim-stelzer.de\/?p=3676","url_meta":{"origin":1564,"position":4},"title":"107 JAZZ SPASS (Teil 3)","author":"timschraubtbass","date":"16. Januar 2025","format":false,"excerpt":"Der Rausch Als der Bass-Hals fertig vorbereitet war, ging es anschlie\u00dfend tats\u00e4chlich sehr schnell weiter. Aber keineswegs un\u00fcberlegt und planlos. Das w\u00e4re f\u00fcr mein Schrauben-2.0-Projekt ja auch alles andere als angemessen gewesen! Ich bin ja schlie\u00dflich lernf\u00e4hig. Und habe beim Zusammenbau meines Schraub-Precis eine Menge gelernt. Vor allem dar\u00fcber, wo\u2026","rel":"","context":"In &quot;Allgemein&quot;","block_context":{"text":"Allgemein","link":"https:\/\/timschraubtbass.tim-stelzer.de\/?cat=1"},"img":{"alt_text":"","src":"https:\/\/i0.wp.com\/timschraubtbass.tim-stelzer.de\/wp-content\/uploads\/2024\/11\/IMG_8834-150x150.jpg?resize=350%2C200&ssl=1","width":350,"height":200,"srcset":"https:\/\/i0.wp.com\/timschraubtbass.tim-stelzer.de\/wp-content\/uploads\/2024\/11\/IMG_8834-150x150.jpg?resize=350%2C200&ssl=1 1x, https:\/\/i0.wp.com\/timschraubtbass.tim-stelzer.de\/wp-content\/uploads\/2024\/11\/IMG_8834-150x150.jpg?resize=525%2C300&ssl=1 1.5x, https:\/\/i0.wp.com\/timschraubtbass.tim-stelzer.de\/wp-content\/uploads\/2024\/11\/IMG_8834-150x150.jpg?resize=700%2C400&ssl=1 2x, https:\/\/i0.wp.com\/timschraubtbass.tim-stelzer.de\/wp-content\/uploads\/2024\/11\/IMG_8834-150x150.jpg?resize=1050%2C600&ssl=1 3x, https:\/\/i0.wp.com\/timschraubtbass.tim-stelzer.de\/wp-content\/uploads\/2024\/11\/IMG_8834-150x150.jpg?resize=1400%2C800&ssl=1 4x"},"classes":[]},{"id":2152,"url":"https:\/\/timschraubtbass.tim-stelzer.de\/?p=2152","url_meta":{"origin":1564,"position":5},"title":"80 THE BASS BABY (I)","author":"timschraubtbass","date":"16. Oktober 2019","format":false,"excerpt":"Der erste Helliver-Bass im Test (Teil 1) Vielversprechende Ank\u00fcndigungen gab es ja schon vor zwei Jahren \u2013 aber jetzt ist es endlich soweit: Der erste Helliver-Bass ist fertig! Und ich durfte ihn bereits testen. Ausf\u00fchrlich! Das verdient nat\u00fcrlich gleich eine ganze Artikel-Reihe. Viel Spa\u00df beim Lesen \u2026 \u2026 und genau\u2026","rel":"","context":"In &quot;Allgemein&quot;","block_context":{"text":"Allgemein","link":"https:\/\/timschraubtbass.tim-stelzer.de\/?cat=1"},"img":{"alt_text":"","src":"https:\/\/i0.wp.com\/timschraubtbass.tim-stelzer.de\/wp-content\/uploads\/2019\/10\/IMG_7882.jpeg?resize=350%2C200&ssl=1","width":350,"height":200,"srcset":"https:\/\/i0.wp.com\/timschraubtbass.tim-stelzer.de\/wp-content\/uploads\/2019\/10\/IMG_7882.jpeg?resize=350%2C200&ssl=1 1x, https:\/\/i0.wp.com\/timschraubtbass.tim-stelzer.de\/wp-content\/uploads\/2019\/10\/IMG_7882.jpeg?resize=525%2C300&ssl=1 1.5x, https:\/\/i0.wp.com\/timschraubtbass.tim-stelzer.de\/wp-content\/uploads\/2019\/10\/IMG_7882.jpeg?resize=700%2C400&ssl=1 2x, https:\/\/i0.wp.com\/timschraubtbass.tim-stelzer.de\/wp-content\/uploads\/2019\/10\/IMG_7882.jpeg?resize=1050%2C600&ssl=1 3x, https:\/\/i0.wp.com\/timschraubtbass.tim-stelzer.de\/wp-content\/uploads\/2019\/10\/IMG_7882.jpeg?resize=1400%2C800&ssl=1 4x"},"classes":[]}],"_links":{"self":[{"href":"https:\/\/timschraubtbass.tim-stelzer.de\/index.php?rest_route=\/wp\/v2\/posts\/1564","targetHints":{"allow":["GET"]}}],"collection":[{"href":"https:\/\/timschraubtbass.tim-stelzer.de\/index.php?rest_route=\/wp\/v2\/posts"}],"about":[{"href":"https:\/\/timschraubtbass.tim-stelzer.de\/index.php?rest_route=\/wp\/v2\/types\/post"}],"author":[{"embeddable":true,"href":"https:\/\/timschraubtbass.tim-stelzer.de\/index.php?rest_route=\/wp\/v2\/users\/1"}],"replies":[{"embeddable":true,"href":"https:\/\/timschraubtbass.tim-stelzer.de\/index.php?rest_route=%2Fwp%2Fv2%2Fcomments&post=1564"}],"version-history":[{"count":16,"href":"https:\/\/timschraubtbass.tim-stelzer.de\/index.php?rest_route=\/wp\/v2\/posts\/1564\/revisions"}],"predecessor-version":[{"id":2052,"href":"https:\/\/timschraubtbass.tim-stelzer.de\/index.php?rest_route=\/wp\/v2\/posts\/1564\/revisions\/2052"}],"wp:attachment":[{"href":"https:\/\/timschraubtbass.tim-stelzer.de\/index.php?rest_route=%2Fwp%2Fv2%2Fmedia&parent=1564"}],"wp:term":[{"taxonomy":"category","embeddable":true,"href":"https:\/\/timschraubtbass.tim-stelzer.de\/index.php?rest_route=%2Fwp%2Fv2%2Fcategories&post=1564"},{"taxonomy":"post_tag","embeddable":true,"href":"https:\/\/timschraubtbass.tim-stelzer.de\/index.php?rest_route=%2Fwp%2Fv2%2Ftags&post=1564"}],"curies":[{"name":"wp","href":"https:\/\/api.w.org\/{rel}","templated":true}]}}