{"id":1544,"date":"2018-12-20T12:55:21","date_gmt":"2018-12-20T11:55:21","guid":{"rendered":"http:\/\/tim-stelzer.de\/timschraubtbass\/?p=1544"},"modified":"2018-12-20T13:15:20","modified_gmt":"2018-12-20T12:15:20","slug":"72-bass-to-the-future-teil-1","status":"publish","type":"post","link":"https:\/\/timschraubtbass.tim-stelzer.de\/?p=1544","title":{"rendered":"72 BASS TO THE FUTURE (Teil 1)"},"content":{"rendered":"\n<h1 class=\"wp-block-heading\"><strong>\u201dNobody calls me chicken!\u201d<\/strong><br><strong>Die Musik Produktiv Hausmesse 2018<\/strong><\/h1>\n\n\n\n<p><strong>Endlich komme ich dazu, meinen Bericht \u00fcber die <a rel=\"noreferrer noopener\" aria-label=\"Endlich, wie versprochen, mein Bericht \u00fcberdie Hausmesse 2018 von Musik Produktiv in Ibbenb\u00fcren&nbsp; (opens in a new tab)\" href=\"https:\/\/www.musik-produktiv-messe.de\" target=\"_blank\">Hausmesse 2018<\/a> bei&nbsp;<a rel=\"noreferrer noopener\" aria-label=\"Endlich, wie versprochen, mein Bericht \u00fcberdie Hausmesse 2018 von Musik Produktiv in Ibbenb\u00fcren&nbsp; (opens in a new tab)\" href=\"https:\/\/www.musik-produktiv.de\" target=\"_blank\">Musik Produktiv<\/a> in Ibbenb\u00fcren zu schreiben. Von der Messe 2017 war ich ja <a rel=\"noreferrer noopener\" aria-label=\"Endlich, wie versprochen, mein Bericht \u00fcber die Hausmesse 2018 bei&nbsp;Musik Produktiv in Ibbenb\u00fcren. Von der Messe 2017 war ich ja recht begeistert gewesen. (opens in a new tab)\" href=\"http:\/\/tim-stelzer.de\/timschraubtbass\/?p=939\" target=\"_blank\">recht begeistert<\/a> gewesen. Und wie war&#8217;s diesmal?<\/strong><\/p>\n\n\n\n<p>Am <strong>10. November 2018<\/strong> holte mich mein <a rel=\"noreferrer noopener\" aria-label=\"Am 10. November 2018 holte mich mein Bandkollege Norbert morgens ab und wir fuhren durch str\u00f6menden Regen von M\u00fcnster nach Laggenbeck \/ Ibbenb\u00fcren. Ist ja nicht weit. Und wir waren sogar fr\u00fch genug da, um einen Parkplatz direkt im Gewerbegebiet zu bekommen \u2013 es sind ja auch etliche PKW-Stellpl\u00e4tze weiter weg verf\u00fcgbar, die dann von einem Shuttle-Bus abgefahren werden. Service rundum. (opens in a new tab)\" href=\"http:\/\/www.dieberaterband.de\" target=\"_blank\">Bandkollege Norbert<\/a> morgens ab und wir fuhren durch str\u00f6menden Regen von M\u00fcnster nach Laggenbeck \/ Ibbenb\u00fcren. Ist ja nicht weit. Und wir waren sogar fr\u00fch genug da, um einen Parkplatz direkt im Gewerbegebiet zu bekommen \u2013 es sind ja auch etliche PKW-Stellpl\u00e4tze weiter weg drumherum verf\u00fcgbar, die dann von einem <strong>Shuttle-Bus<\/strong> abgefahren werden. Service rundum.<\/p>\n\n\n\n<p>2017 war ich ja mit <a rel=\"noreferrer noopener\" aria-label=\"2017 war ich mit Harald und seiner Freundin&nbsp; (opens in a new tab)\" href=\"http:\/\/tim-stelzer.de\/timschraubtbass\/?p=1384\" target=\"_blank\">Harald<\/a> und seiner Freundin Diana bei der Messe gewesen. Insofern war mir beim Eintritt in die gro\u00dfen Messezelte schon etwas traurig zumute \u2026 Netterweise hatte mir Diana dieses Jahr zwei Freikarten f\u00fcr die Messe vorbeigebracht, die sie \u00fcbrig hatte. Also schon mal 2 x 8,- Euro gespart. <strong>Danke, Diana!<\/strong> \ud83d\ude09<\/p>\n\n\n\n<p>Aber der Eintrittspreis ist <strong>fair<\/strong>. Messebesucher bekommen <strong>viel geboten<\/strong>; die Liste der Aussteller ist lang und <strong>vor allem Gitarriste<\/strong>n kommen da voll auf ihre Kosten. Und schon direkt hinter dem Eingang erwartete uns das erste <strong>Highlight<\/strong>: Ein \u201dechter\u201d Back-to-the-Future-DeLorean. Mit <strong>Fluxkompensator<\/strong>. Und Marty McFly auf dem Beifahrersitz. Tja \u2013 <a rel=\"noreferrer noopener\" aria-label=\"Aber der Eintrittspreis ist fair. Messebesucher bekommen viel geboten; die Liste der Aussteller ist lang und vor allem Gitarristen kommen da voll auf ihre Kosten. Und schon direkt hinter dem Eingang erwartete uns das erste Highlight: Ein \u201dechter\u201d Back-to-the-Future-DeLorean. Mit Fluxkompensator. Und Marty McFly auf dem Beifahrersitz. Tja \u2013 keine Angst, gleich reingesetzt und in die Kamera gel\u00e4chelt: (opens in a new tab)\" href=\"https:\/\/www.youtube.com\/watch?v=0HB_fTQIkQQ\" target=\"_blank\">keine Angst<\/a>, gleich reingesetzt und in die Kamera gel\u00e4chelt:<\/p>\n\n\n\n<figure class=\"wp-block-image\"><img loading=\"lazy\" decoding=\"async\" width=\"1024\" height=\"663\" data-attachment-id=\"1550\" data-permalink=\"https:\/\/timschraubtbass.tim-stelzer.de\/?attachment_id=1550\" data-orig-file=\"https:\/\/timschraubtbass.tim-stelzer.de\/wp-content\/uploads\/2018\/12\/Musikmesse2018DeLorean.jpg\" data-orig-size=\"2117,1370\" data-comments-opened=\"1\" data-image-meta=\"{&quot;aperture&quot;:&quot;0&quot;,&quot;credit&quot;:&quot;&quot;,&quot;camera&quot;:&quot;&quot;,&quot;caption&quot;:&quot;&quot;,&quot;created_timestamp&quot;:&quot;0&quot;,&quot;copyright&quot;:&quot;&quot;,&quot;focal_length&quot;:&quot;0&quot;,&quot;iso&quot;:&quot;0&quot;,&quot;shutter_speed&quot;:&quot;0&quot;,&quot;title&quot;:&quot;&quot;,&quot;orientation&quot;:&quot;1&quot;}\" data-image-title=\"Musikmesse2018DeLorean\" data-image-description=\"\" data-image-caption=\"\" data-large-file=\"https:\/\/timschraubtbass.tim-stelzer.de\/wp-content\/uploads\/2018\/12\/Musikmesse2018DeLorean-1024x663.jpg\" src=\"http:\/\/tim-stelzer.de\/timschraubtbass\/wp-content\/uploads\/2018\/12\/Musikmesse2018DeLorean-1024x663.jpg\" alt=\"\" class=\"wp-image-1550\" srcset=\"https:\/\/timschraubtbass.tim-stelzer.de\/wp-content\/uploads\/2018\/12\/Musikmesse2018DeLorean-1024x663.jpg 1024w, https:\/\/timschraubtbass.tim-stelzer.de\/wp-content\/uploads\/2018\/12\/Musikmesse2018DeLorean-300x194.jpg 300w, https:\/\/timschraubtbass.tim-stelzer.de\/wp-content\/uploads\/2018\/12\/Musikmesse2018DeLorean-768x497.jpg 768w\" sizes=\"auto, (max-width: 767px) 89vw, (max-width: 1000px) 54vw, (max-width: 1071px) 543px, 580px\" \/><figcaption>\u201dWhy do you keep calling me Calvin?\u201d<\/figcaption><\/figure>\n\n\n\n<p>Marty sah etwas <strong>geschockt<\/strong> aus, er r\u00fchrte sich die ganze Zeit \u00fcberhaupt nicht. Aber vielleicht hatte ich einfach das falsche Jahr eingestellt?<\/p>\n\n\n\n<figure class=\"wp-block-image\"><img loading=\"lazy\" decoding=\"async\" width=\"1024\" height=\"768\" data-attachment-id=\"1545\" data-permalink=\"https:\/\/timschraubtbass.tim-stelzer.de\/?attachment_id=1545\" data-orig-file=\"https:\/\/timschraubtbass.tim-stelzer.de\/wp-content\/uploads\/2018\/12\/IMG_4449.jpg\" data-orig-size=\"4032,3024\" data-comments-opened=\"1\" data-image-meta=\"{&quot;aperture&quot;:&quot;1.8&quot;,&quot;credit&quot;:&quot;&quot;,&quot;camera&quot;:&quot;iPhone 8&quot;,&quot;caption&quot;:&quot;&quot;,&quot;created_timestamp&quot;:&quot;1541845234&quot;,&quot;copyright&quot;:&quot;&quot;,&quot;focal_length&quot;:&quot;3.99&quot;,&quot;iso&quot;:&quot;50&quot;,&quot;shutter_speed&quot;:&quot;0.066666666666667&quot;,&quot;title&quot;:&quot;&quot;,&quot;orientation&quot;:&quot;0&quot;}\" data-image-title=\"IMG_4449\" data-image-description=\"\" data-image-caption=\"\" data-large-file=\"https:\/\/timschraubtbass.tim-stelzer.de\/wp-content\/uploads\/2018\/12\/IMG_4449-1024x768.jpg\" src=\"http:\/\/tim-stelzer.de\/timschraubtbass\/wp-content\/uploads\/2018\/12\/IMG_4449-1024x768.jpg\" alt=\"\" class=\"wp-image-1545\" srcset=\"https:\/\/timschraubtbass.tim-stelzer.de\/wp-content\/uploads\/2018\/12\/IMG_4449-1024x768.jpg 1024w, https:\/\/timschraubtbass.tim-stelzer.de\/wp-content\/uploads\/2018\/12\/IMG_4449-300x225.jpg 300w, https:\/\/timschraubtbass.tim-stelzer.de\/wp-content\/uploads\/2018\/12\/IMG_4449-768x576.jpg 768w\" sizes=\"auto, (max-width: 767px) 89vw, (max-width: 1000px) 54vw, (max-width: 1071px) 543px, 580px\" \/><figcaption><em><strong><a href=\"https:\/\/sayingimages.com\/back-to-the-future-quotes\/\" target=\"_blank\" rel=\"noreferrer noopener\" aria-label=\"Marty McFly:&nbsp;Wait a minute. Wait a minute Doc, uh, are you telling me you built a time machine \u2026 out of a DeLorean?\nDoc:&nbsp;The way I see it, if you\u2019re going to build a time machine into a car, why not do it with some style?\n (opens in a new tab)\">Marty McFly<\/a>:<\/strong><\/em>&nbsp;<em>Wait a minute. Wait a minute Doc, uh, are you telling me you built a time machine \u2026 out of a DeLorean?<\/em><br><em><strong>Doc:<\/strong>&nbsp;The way I see it, if you\u2019re going to build a time machine into a car, why not do it with some style?<\/em><br><\/figcaption><\/figure>\n\n\n\n<p>Die <strong>Aktion von YAMAHA Deutschland<\/strong> war ja eigentlich ganz nett. Man musste sich nur im DeLorean fotografieren lassen \u2013 und bekam daf\u00fcr einen 25,- Euro Gutschein f\u00fcr den Kauf von Yamaha-Produkten. Dass dieser Gutschein aber erst ab einem Einkaufswert von 250,- Euro galt, stand auf der R\u00fcckseite des Fotos in so kleiner Schrift, dass ich es erst beim dritten Versuch lesen konnte. Liegt bestimmt an meinen Augen. Hm. Ein allgemeiner Einkaufsgutschein \u00fcber 10 Prozent h\u00e4tte Yamaha wahrscheinlich mehr Umsatz beschert, denke ich.<br><br>Aber weil die Fotoaktion so <strong>liebevoll gestaltet<\/strong> war, will ich mal nicht gro\u00df meckern. Und wir mussten ja auch weiter. Gab ja <strong>noch mehr zu gucken<\/strong> auf der Messe.<\/p>\n\n\n\n<figure class=\"wp-block-image\"><img loading=\"lazy\" decoding=\"async\" width=\"1024\" height=\"768\" data-attachment-id=\"1547\" data-permalink=\"https:\/\/timschraubtbass.tim-stelzer.de\/?attachment_id=1547\" data-orig-file=\"https:\/\/timschraubtbass.tim-stelzer.de\/wp-content\/uploads\/2018\/12\/IMG_4457.jpg\" data-orig-size=\"1600,1200\" data-comments-opened=\"1\" data-image-meta=\"{&quot;aperture&quot;:&quot;0&quot;,&quot;credit&quot;:&quot;&quot;,&quot;camera&quot;:&quot;&quot;,&quot;caption&quot;:&quot;&quot;,&quot;created_timestamp&quot;:&quot;0&quot;,&quot;copyright&quot;:&quot;&quot;,&quot;focal_length&quot;:&quot;0&quot;,&quot;iso&quot;:&quot;0&quot;,&quot;shutter_speed&quot;:&quot;0&quot;,&quot;title&quot;:&quot;&quot;,&quot;orientation&quot;:&quot;0&quot;}\" data-image-title=\"IMG_4457\" data-image-description=\"\" data-image-caption=\"\" data-large-file=\"https:\/\/timschraubtbass.tim-stelzer.de\/wp-content\/uploads\/2018\/12\/IMG_4457-1024x768.jpg\" src=\"http:\/\/tim-stelzer.de\/timschraubtbass\/wp-content\/uploads\/2018\/12\/IMG_4457-1024x768.jpg\" alt=\"\" class=\"wp-image-1547\" srcset=\"https:\/\/timschraubtbass.tim-stelzer.de\/wp-content\/uploads\/2018\/12\/IMG_4457-1024x768.jpg 1024w, https:\/\/timschraubtbass.tim-stelzer.de\/wp-content\/uploads\/2018\/12\/IMG_4457-300x225.jpg 300w, https:\/\/timschraubtbass.tim-stelzer.de\/wp-content\/uploads\/2018\/12\/IMG_4457-768x576.jpg 768w, https:\/\/timschraubtbass.tim-stelzer.de\/wp-content\/uploads\/2018\/12\/IMG_4457.jpg 1600w\" sizes=\"auto, (max-width: 767px) 89vw, (max-width: 1000px) 54vw, (max-width: 1071px) 543px, 580px\" \/><figcaption>\u201d<em>Roads? Where we going we don\u2019t need roads.\u201d<\/em><\/figcaption><\/figure>\n\n\n\n<p>Das <a rel=\"noreferrer noopener\" aria-label=\"Das Ausstellerverzeichnis und das Programm der Messe waren wieder beeindruckend umfangreich (opens in a new tab)\" href=\"https:\/\/www.musik-produktiv-messe.de\/Messeplan.aspx\" target=\"_blank\">Ausstellerverzeichnis<\/a> und das <a rel=\"noreferrer noopener\" aria-label=\"Das Ausstellerverzeichnis und das Programm der Messe waren wieder beeindruckend umfangreich (opens in a new tab)\" href=\"https:\/\/www.musik-produktiv-messe.de\/Programm.aspx\" target=\"_blank\">Programm<\/a> der Messe waren wieder <strong>beeindruckend umfangreich<\/strong>. Mich interessierten nat\u00fcrlich haupts\u00e4chlich B\u00e4sse und so. \u00dcberraschung! \ud83d\ude09<br><br>Norbert und ich waren mit seinem gro\u00dfen Bulli angereist, h\u00e4tten also <strong>reichlich Platz<\/strong> f\u00fcr Gitarren, B\u00e4sse, Verst\u00e4rker und Boxen gehabt. Aber davon haben wir ja auch schon reichlich zu Hause. Und im Bandraum. Und \u00fcberhaupt: <strong>Ist so eine Messe ein guter Ort, um ein Instrument zu kaufen?<\/strong> Dazu sp\u00e4ter mehr \u2026<\/p>\n\n\n\n<h2 class=\"wp-block-heading\"><font color=\"#191e23\"><span style=\"caret-color: rgb(25, 30, 35); font-weight: 600; background-color: rgb(232, 234, 235);\">Messe, B\u00e4sse, Currywurst.<\/span><\/font><\/h2>\n\n\n\n<p>Wir waren ja schon recht <strong>fr\u00fch am Vormittag<\/strong> da \u2013 nicht gerade die beste Zeit f\u00fcr Rock&#8217;n&#8217;Roll. Also war es auf der Messe noch erfreulich <strong>\u00fcbersichtlich<\/strong>. Das Herumschlendern war angenehm, die Messest\u00e4nde waren noch nicht \u00fcberlaufen. Sehr sch\u00f6ne B\u00e4sse gab&#8217;s bei <strong>Ibanez<\/strong> zu sehen, aber nat\u00fcrlich auch bei <strong>Fender<\/strong>. Mein pers\u00f6nliches Ziel war allerdings wieder <strong><a href=\"https:\/\/www.facebook.com\/MpMesse\/photos\/ms.c.eJxNVtltQDEI26jiCNf~_i1UPN05~;LU5jSFTKj43EhISf~_NEPcLex9rYgMJZaGkYgZUJOj1zA~_wNG7QLHFpC~_QDhcijHWopsWZ~_CiBGLr8GEMgQXTRiDoLUysvkpZmM0GDb9BreuklslxAgmAaUu325N~;gIKPQz7UFcCNMeKgsBgUnNZzMbhcgsSX026W7vVZxI3hshSGkUL13Binb1rfbqcvH3r8A6oOYyyFQQrlJIKeR9DGSAatjTGHFgkgzmPsC1osTE5vL8lBOaavtIh1CbtZunsJSrvAyGeRw9J3tqF3tjZ51sJet9vcYXPmW0cWu41GWo4S7ett3y1Q6bz2Fe0ngc2SMgTOUlg3qBSySL65rMuTw8hqzO5srVYOzn0xTC45OcMY8hBoVHoH5daxFn4pnF5JjVN0AZ2630ozd1ChBDC5M3QBp~;aAdam8LlrfEoY80cWumIyyjkAdr7lEczeGzZKcnIvhwiQvzKfLr9t4Fsup9aVQIYfz5JAoXVl6rrTr7YtByU9jtSumRYvGRjnvR2M9jEtY4OOwW4csg3VULR91WdfWBbge2iidd0xaoCDu3Byk5eR0RxkMagGChgRFAfBXGK4Dgdlhj1LJs5OzJwdUqv8q3dPnPLAWOPRjtGhYcBva0AtliSV8wxaQ3M72sftn3lHac5HOt0HWJfW5rIL6bfYc1MExDMZwj7R~;R2hj8I2qnW28LL0K0uEdGwNAJUN0TtE5RGcU3RG8HpovKLK8tHj4imkT0lY~_jdVweXUs683Xw0RWhXQxgca4yCK~_Y2jOFhTOpdAazSWbc8H5FN7TlcOZfADaf8IdLFDw0MtAp7xBgoev~_fAprsPTB0p3lm6yfHjVi7HDVv4~;FLfwTc5WQZbnAbB4P5TEk8R7qo4sPEqK5koI7Ask754aekmKXw4K41bi~;5FUoTgecb6EZpAlN9uwptkPWPH7IaeGLMODooU6SJDi0k3~;AiCE~_tY~-.bps.a.1073428682838716\/1073432972838287\/?type=3&amp;theater\" target=\"_blank\" rel=\"noreferrer noopener\" aria-label=\" (opens in a new tab)\">Marleaux<\/a><\/strong>. <\/p>\n\n\n\n<p>Mit <strong><a rel=\"noreferrer noopener\" aria-label=\"Gerald Marleaux (opens in a new tab)\" href=\"https:\/\/www.marleaux-bass.de\" target=\"_blank\">Gerald Marleaux<\/a><\/strong> hatte ich mich 2017 auf der Messe <a rel=\"noreferrer noopener\" aria-label=\"etwas l\u00e4nger (und lauter) unterhalten (opens in a new tab)\" href=\"http:\/\/tim-stelzer.de\/timschraubtbass\/?p=987\" target=\"_blank\">etwas l\u00e4nger (und lauter) unterhalten<\/a>. Da war sein Messestand <strong>direkt gegen\u00fcber vom Gibson-Stand<\/strong> platziert gewesen. Was bedeutete, dass man sich <strong>anschreien<\/strong> musste, wenn man sich was erz\u00e4hlen wollte. Dieses Jahr war Gibson gar nicht auf der Messe. <a rel=\"noreferrer noopener\" aria-label=\"Warum wohl (opens in a new tab)\" href=\"https:\/\/www.gitarrebass.de\/stories\/die-fakten-zur-gibson-insolvenz\/\" target=\"_blank\">Warum wohl<\/a>? <\/p>\n\n\n\n<p>Gerald erinnerte sich auch an mich und wir tauschten uns kurz \u00fcber die Marleaux-Neuheiten aus. Er hatte einen sehr sch\u00f6nen <strong><a rel=\"noreferrer noopener\" aria-label=\"Votan Shortcale-Viersaiter (opens in a new tab)\" href=\"https:\/\/www.pressreader.com\/germany\/gitarre-bass\/20181019\/282819307192587\" target=\"_blank\">Votan Shortcale-Viersaiter<\/a><\/strong> dabei, \u00fcber den in der <a rel=\"noreferrer noopener\" aria-label=\"Gitarre&amp;Bass auch schon einen Test  (opens in a new tab)\" href=\"https:\/\/www.gitarrebass.de\/heftarchiv\/2018-11\/marleaux-votan-p30-e-bass\/\" target=\"_blank\">Gitarre&amp;Bass auch bereits ein Test <\/a>zu lesen war. <\/p>\n\n\n\n<p>Und den nahm ich mir dann mal vor. \u00dcber einen <a rel=\"noreferrer noopener\" aria-label=\"EICH-Amp (opens in a new tab)\" href=\"https:\/\/www.eich-amps.com\" target=\"_blank\">EICH-Amp<\/a>. <strong>Traum-Kombi!<\/strong><\/p>\n\n\n\n<figure class=\"wp-block-image\"><img loading=\"lazy\" decoding=\"async\" width=\"768\" height=\"1024\" data-attachment-id=\"1546\" data-permalink=\"https:\/\/timschraubtbass.tim-stelzer.de\/?attachment_id=1546\" data-orig-file=\"https:\/\/timschraubtbass.tim-stelzer.de\/wp-content\/uploads\/2018\/12\/IMG_4456.jpg\" data-orig-size=\"1200,1600\" data-comments-opened=\"1\" data-image-meta=\"{&quot;aperture&quot;:&quot;0&quot;,&quot;credit&quot;:&quot;&quot;,&quot;camera&quot;:&quot;&quot;,&quot;caption&quot;:&quot;&quot;,&quot;created_timestamp&quot;:&quot;0&quot;,&quot;copyright&quot;:&quot;&quot;,&quot;focal_length&quot;:&quot;0&quot;,&quot;iso&quot;:&quot;0&quot;,&quot;shutter_speed&quot;:&quot;0&quot;,&quot;title&quot;:&quot;&quot;,&quot;orientation&quot;:&quot;0&quot;}\" data-image-title=\"IMG_4456\" data-image-description=\"\" data-image-caption=\"\" data-large-file=\"https:\/\/timschraubtbass.tim-stelzer.de\/wp-content\/uploads\/2018\/12\/IMG_4456-768x1024.jpg\" src=\"http:\/\/tim-stelzer.de\/timschraubtbass\/wp-content\/uploads\/2018\/12\/IMG_4456-768x1024.jpg\" alt=\"\" class=\"wp-image-1546\" srcset=\"https:\/\/timschraubtbass.tim-stelzer.de\/wp-content\/uploads\/2018\/12\/IMG_4456-768x1024.jpg 768w, https:\/\/timschraubtbass.tim-stelzer.de\/wp-content\/uploads\/2018\/12\/IMG_4456-225x300.jpg 225w, https:\/\/timschraubtbass.tim-stelzer.de\/wp-content\/uploads\/2018\/12\/IMG_4456.jpg 1200w\" sizes=\"auto, (max-width: 767px) 89vw, (max-width: 1000px) 54vw, (max-width: 1071px) 543px, 580px\" \/><figcaption>Stars &amp; Stripes \u2026<\/figcaption><\/figure>\n\n\n\n<p>Das <strong>Spielgef\u00fchl<\/strong> war auf den ersten Griff <strong>super<\/strong> \u2013 die kurze Mensur, die sanftere Saitenspannung, der kleine Korpus und das angenehme Shaping \u00fcberzeugten mich mit jeder Note mehr. Kein Wunder, der ganze (passive) Bass vermittelt eben <strong>das klassische Preci-Gef\u00fchl<\/strong> \u2013 nur eben <strong>auf Marleaux-Art<\/strong>. Rundum hochwertig, perfekt verarbeitet und bis ins Detail harmonisch \u2026 darf ich \u201dkomponiert\u201d sagen? Klar darf ich, ist ja mein Blog.<\/p>\n\n\n\n<p>Ich gab Gerald ein <strong>kurzes, begeistertes Feedback<\/strong> und versprach, sp\u00e4ter noch mal wiederzukommen und auch die anderen Bass-Sch\u00e4tze anzuspielen. <strong>Guter Plan! <\/strong>Au\u00dferdem wollten wir ja noch weiterschauen und mittags was essen. (Warum gibt&#8217;s eigentlich bei solchen Events IMMER haupts\u00e4chlich Pommes und Currywurst?)<\/p>\n\n\n\n<h3 class=\"wp-block-heading\">Und was passierte dann? Warum scheiterte der gute Plan u. a. an <a rel=\"noreferrer noopener\" aria-label=\"dieser Dame (opens in a new tab)\" href=\"http:\/\/www.cassey-doreen.de\" target=\"_blank\">dieser Dame<\/a>, die sich direkt um die Ecke vom Marleaux-Messestand als <a rel=\"noreferrer noopener\" aria-label=\"w\u00fcrdige Vertretung von Gibson (opens in a new tab)\" href=\"https:\/\/www.facebook.com\/MpMesse\/photos\/ms.c.eJxNVtltQDEI26jiCNf~_i1UPN05~;LU5jSFTKj43EhISf~_NEPcLex9rYgMJZaGkYgZUJOj1zA~_wNG7QLHFpC~_QDhcijHWopsWZ~_CiBGLr8GEMgQXTRiDoLUysvkpZmM0GDb9BreuklslxAgmAaUu325N~;gIKPQz7UFcCNMeKgsBgUnNZzMbhcgsSX026W7vVZxI3hshSGkUL13Binb1rfbqcvH3r8A6oOYyyFQQrlJIKeR9DGSAatjTGHFgkgzmPsC1osTE5vL8lBOaavtIh1CbtZunsJSrvAyGeRw9J3tqF3tjZ51sJet9vcYXPmW0cWu41GWo4S7ett3y1Q6bz2Fe0ngc2SMgTOUlg3qBSySL65rMuTw8hqzO5srVYOzn0xTC45OcMY8hBoVHoH5daxFn4pnF5JjVN0AZ2630ozd1ChBDC5M3QBp~;aAdam8LlrfEoY80cWumIyyjkAdr7lEczeGzZKcnIvhwiQvzKfLr9t4Fsup9aVQIYfz5JAoXVl6rrTr7YtByU9jtSumRYvGRjnvR2M9jEtY4OOwW4csg3VULR91WdfWBbge2iidd0xaoCDu3Byk5eR0RxkMagGChgRFAfBXGK4Dgdlhj1LJs5OzJwdUqv8q3dPnPLAWOPRjtGhYcBva0AtliSV8wxaQ3M72sftn3lHac5HOt0HWJfW5rIL6bfYc1MExDMZwj7R~;R2hj8I2qnW28LL0K0uEdGwNAJUN0TtE5RGcU3RG8HpovKLK8tHj4imkT0lY~_jdVweXUs683Xw0RWhXQxgca4yCK~_Y2jOFhTOpdAazSWbc8H5FN7TlcOZfADaf8IdLFDw0MtAp7xBgoev~_fAprsPTB0p3lm6yfHjVi7HDVv4~;FLfwTc5WQZbnAbB4P5TEk8R7qo4sPEqK5koI7Ask754aekmKXw4K41bi~;5FUoTgecb6EZpAlN9uwptkPWPH7IaeGLMODooU6SJDi0k3~;AiCE~_tY~-.bps.a.1073428682838716\/1073431172838467\/?type=3&amp;theater\" target=\"_blank\">w\u00fcrdige Vertretung von Gibson<\/a> einen ganz besonderen <a rel=\"noreferrer noopener\" aria-label=\"Platz in unseren Geh\u00f6rg\u00e4ngen (opens in a new tab)\" href=\"https:\/\/www.evensi.de\/mixars-prasentiert-cassey-doreen-showcase-musik-produktiv-fuggerstras-6-49479-ibbenburen-germany\/274908848\" target=\"_blank\">Platz in unseren Geh\u00f6rg\u00e4ngen<\/a> eroberte? Und welchen Bass-Promi habe ich dann noch getroffen und gesprochen (laut!) und beim Bass-Spielen bewundert? Und warum spiele ich bei solchen Gelegenheiten selbst immer so eine Gr\u00fctze zusammen?&nbsp;Habe&nbsp;ich&nbsp;\u00fcberhaupt&nbsp;noch&nbsp;was&nbsp;gespielt?&nbsp;Oder&nbsp;mich nicht getraut? War ich etwa doch ein \u201dchicken\u201d?<\/h3>\n\n\n\n<p><strong>Selbstverst\u00e4ndlich lest ihr all das und noch viel mehr im n\u00e4chsten, zweiten Teil meines Messeberichts. Vielleicht sogar noch dieses Jahr \u2013 stay tuned!<\/strong><\/p>\n\n\n\n<p>Aber Obacht! Jetzt kommt noch was \u2013 ein PS!<\/p>\n\n\n\n<h2 class=\"wp-block-heading\"><strong>PS: That&#8217;s so tweet of you!<\/strong><\/h2>\n\n\n\n<p>Immer, wenn ich zwischendurch mal denke: F\u00fcr wen und warum schreibe ich das hier \u00fcberhaupt alles? \u2013 Dann flattert mir etwas <strong><a href=\"https:\/\/twitter.com\/iphaty\/status\/1075005733190725632\" target=\"_blank\" rel=\"noreferrer noopener\" aria-label=\"Nettes, Sch\u00f6nes, Schmeichelndes (opens in a new tab)\">Nettes, Sch\u00f6nes, Schmeichelndes<\/a><\/strong>  ins Haus. Zum Beispiel das hier:<\/p>\n\n\n\n<figure class=\"wp-block-embed-twitter wp-block-embed is-type-rich is-provider-twitter\"><div class=\"wp-block-embed__wrapper\">\nhttps:\/\/twitter.com\/iphaty\/status\/1075005733190725632\n<\/div><figcaption><br><\/figcaption><\/figure>\n\n\n\n<figure class=\"wp-block-image\"><img loading=\"lazy\" decoding=\"async\" width=\"814\" height=\"1024\" data-attachment-id=\"1559\" data-permalink=\"https:\/\/timschraubtbass.tim-stelzer.de\/?attachment_id=1559\" data-orig-file=\"https:\/\/timschraubtbass.tim-stelzer.de\/wp-content\/uploads\/2018\/12\/Bildschirmfoto-2018-12-20-um-13.11.42.png\" data-orig-size=\"1256,1580\" data-comments-opened=\"1\" data-image-meta=\"{&quot;aperture&quot;:&quot;0&quot;,&quot;credit&quot;:&quot;&quot;,&quot;camera&quot;:&quot;&quot;,&quot;caption&quot;:&quot;&quot;,&quot;created_timestamp&quot;:&quot;0&quot;,&quot;copyright&quot;:&quot;&quot;,&quot;focal_length&quot;:&quot;0&quot;,&quot;iso&quot;:&quot;0&quot;,&quot;shutter_speed&quot;:&quot;0&quot;,&quot;title&quot;:&quot;&quot;,&quot;orientation&quot;:&quot;0&quot;}\" data-image-title=\"Bildschirmfoto 2018-12-20 um 13.11.42\" data-image-description=\"\" data-image-caption=\"\" data-large-file=\"https:\/\/timschraubtbass.tim-stelzer.de\/wp-content\/uploads\/2018\/12\/Bildschirmfoto-2018-12-20-um-13.11.42-814x1024.png\" src=\"http:\/\/tim-stelzer.de\/timschraubtbass\/wp-content\/uploads\/2018\/12\/Bildschirmfoto-2018-12-20-um-13.11.42-814x1024.png\" alt=\"\" class=\"wp-image-1559\" srcset=\"https:\/\/timschraubtbass.tim-stelzer.de\/wp-content\/uploads\/2018\/12\/Bildschirmfoto-2018-12-20-um-13.11.42-814x1024.png 814w, https:\/\/timschraubtbass.tim-stelzer.de\/wp-content\/uploads\/2018\/12\/Bildschirmfoto-2018-12-20-um-13.11.42-238x300.png 238w, https:\/\/timschraubtbass.tim-stelzer.de\/wp-content\/uploads\/2018\/12\/Bildschirmfoto-2018-12-20-um-13.11.42-768x966.png 768w, https:\/\/timschraubtbass.tim-stelzer.de\/wp-content\/uploads\/2018\/12\/Bildschirmfoto-2018-12-20-um-13.11.42.png 1256w\" sizes=\"auto, (max-width: 767px) 89vw, (max-width: 1000px) 54vw, (max-width: 1071px) 543px, 580px\" \/><figcaption>Warum Tweets in WordPress manchmal aufgel\u00f6st und manchmal nur als Link angezeigt werden, ist mir ein ewiges R\u00e4tsel \u2026<\/figcaption><\/figure>\n\n\n\n<p><strong>Gro\u00dfe Freude! <\/strong>Vielen herzlichen Dank, <a href=\"https:\/\/twitter.com\/iphaty\" target=\"_blank\" rel=\"noreferrer noopener\" aria-label=\"@iphaty (opens in a new tab)\">@iphaty<\/a>. \u00dcbrigens hat unser Austausch dazu gef\u00fchrt, dass ich ein paar <strong>Blog-Funktionen \u00fcberpr\u00fcft und geupdatet<\/strong> habe \u2013 zum Beispiel kann man #timschraubtbass jetzt auch per E-Mail abonnieren. Einfach mal rechts in die Seitenleiste unter die Monats\u00fcbersicht schauen. Gefunden? Dann einfach <strong>E-Mail-Adresse eintragen und abschicken<\/strong> \u2013 fertig ist das Bass-Abo! @iphaty ist schon dabei und hat&#8217;s bisher nicht bereut. Oder? \ud83d\ude09<\/p>\n\n\n\n<p>Was mich an solchen Geschichten immer wieder besonders freut: Die <strong>motivieren<\/strong> nicht nur, sie f\u00fchren auch immer <strong>irgendwohin weiter<\/strong>. Im Falle von @iphaty zu einem <strong>netten pers\u00f6nlichen Kontakt zu einem begeisterten Bass-Kollegen<\/strong>. Der wiederum pers\u00f6nlichen Kontakt zu einem <strong>ber\u00fchmten Bassbauer<\/strong> hat. Kleine Bass-Welt! Wer das ist und was daraus wird, sehen wir dann vielleicht 2019 \u2026 <\/p>\n","protected":false},"excerpt":{"rendered":"<p>\u201dNobody calls me chicken!\u201dDie Musik Produktiv Hausmesse 2018 Endlich komme ich dazu, meinen Bericht \u00fcber die Hausmesse 2018 bei&nbsp;Musik Produktiv in Ibbenb\u00fcren zu schreiben. Von der Messe 2017 war ich ja recht begeistert gewesen. Und wie war&#8217;s diesmal? Am 10. November 2018 holte mich mein Bandkollege Norbert morgens ab und wir fuhren durch str\u00f6menden Regen &hellip; <\/p>\n<p class=\"link-more\"><a href=\"https:\/\/timschraubtbass.tim-stelzer.de\/?p=1544\" class=\"more-link\"><span class=\"screen-reader-text\">\u201e72 BASS TO THE FUTURE (Teil 1)\u201c <\/span>weiterlesen<\/a><\/p>\n","protected":false},"author":1,"featured_media":0,"comment_status":"open","ping_status":"open","sticky":false,"template":"","format":"standard","meta":{"jetpack_post_was_ever_published":false,"_jetpack_newsletter_access":"","_jetpack_dont_email_post_to_subs":false,"_jetpack_newsletter_tier_id":0,"_jetpack_memberships_contains_paywalled_content":false,"_jetpack_memberships_contains_paid_content":false,"footnotes":"","jetpack_publicize_message":"","jetpack_publicize_feature_enabled":true,"jetpack_social_post_already_shared":true,"jetpack_social_options":{"image_generator_settings":{"template":"highway","default_image_id":0,"font":"","enabled":false},"version":2}},"categories":[1],"tags":[],"class_list":["post-1544","post","type-post","status-publish","format-standard","hentry","category-allgemein"],"jetpack_publicize_connections":[],"jetpack_featured_media_url":"","jetpack_sharing_enabled":true,"jetpack_shortlink":"https:\/\/wp.me\/p8SMry-oU","jetpack-related-posts":[{"id":1059,"url":"https:\/\/timschraubtbass.tim-stelzer.de\/?p=1059","url_meta":{"origin":1544,"position":0},"title":"49 GREEN &#038; BLUE","author":"timschraubtbass","date":"12. Dezember 2017","format":false,"excerpt":"Das gro\u00dfe Messen (Teil 3) Adventszeit. Was da jetzt auch noch endlich mal ankommt, ist der dritte und abschlie\u00dfende Teil meines Berichts \u00fcber die Hausmesse 2017 bei Musik Produktiv in Ibbenb\u00fcren. Ich hatte ja schon im ersten und im zweiten Teil von meinem Gespr\u00e4ch mit Gerald Marleaux berichtet. Doch was\u2026","rel":"","context":"In &quot;Allgemein&quot;","block_context":{"text":"Allgemein","link":"https:\/\/timschraubtbass.tim-stelzer.de\/?cat=1"},"img":{"alt_text":"","src":"https:\/\/i0.wp.com\/tim-stelzer.de\/timschraubtbass\/wp-content\/uploads\/2017\/12\/IMG_1462-1024x1024.jpg?resize=350%2C200","width":350,"height":200,"srcset":"https:\/\/i0.wp.com\/tim-stelzer.de\/timschraubtbass\/wp-content\/uploads\/2017\/12\/IMG_1462-1024x1024.jpg?resize=350%2C200 1x, https:\/\/i0.wp.com\/tim-stelzer.de\/timschraubtbass\/wp-content\/uploads\/2017\/12\/IMG_1462-1024x1024.jpg?resize=525%2C300 1.5x"},"classes":[]},{"id":3054,"url":"https:\/\/timschraubtbass.tim-stelzer.de\/?p=3054","url_meta":{"origin":1544,"position":1},"title":"98 THE STELZER","author":"timschraubtbass","date":"2. Mai 2023","format":false,"excerpt":"\u201dI know nothing about this bass\u201d Das Netz ist unfassbar. Voll von Geschichten, Bildern und Begegnungen, die unser Verst\u00e4ndnis von Rea- und Normalit\u00e4t auf immer wieder neue Weise herausfordern. Oder ist es genau andersherum? Ich wei\u00df es nicht. Seit ich herausgefunden habe, dass ich in einer parallelen (?) Dimension richtiger\u2026","rel":"","context":"In &quot;Allgemein&quot;","block_context":{"text":"Allgemein","link":"https:\/\/timschraubtbass.tim-stelzer.de\/?cat=1"},"img":{"alt_text":"","src":"https:\/\/i0.wp.com\/timschraubtbass.tim-stelzer.de\/wp-content\/uploads\/2023\/04\/Bildschirmfoto-2023-04-28-um-12.13.10.jpg?resize=350%2C200&ssl=1","width":350,"height":200,"srcset":"https:\/\/i0.wp.com\/timschraubtbass.tim-stelzer.de\/wp-content\/uploads\/2023\/04\/Bildschirmfoto-2023-04-28-um-12.13.10.jpg?resize=350%2C200&ssl=1 1x, https:\/\/i0.wp.com\/timschraubtbass.tim-stelzer.de\/wp-content\/uploads\/2023\/04\/Bildschirmfoto-2023-04-28-um-12.13.10.jpg?resize=525%2C300&ssl=1 1.5x, https:\/\/i0.wp.com\/timschraubtbass.tim-stelzer.de\/wp-content\/uploads\/2023\/04\/Bildschirmfoto-2023-04-28-um-12.13.10.jpg?resize=700%2C400&ssl=1 2x, https:\/\/i0.wp.com\/timschraubtbass.tim-stelzer.de\/wp-content\/uploads\/2023\/04\/Bildschirmfoto-2023-04-28-um-12.13.10.jpg?resize=1050%2C600&ssl=1 3x, https:\/\/i0.wp.com\/timschraubtbass.tim-stelzer.de\/wp-content\/uploads\/2023\/04\/Bildschirmfoto-2023-04-28-um-12.13.10.jpg?resize=1400%2C800&ssl=1 4x"},"classes":[]},{"id":1494,"url":"https:\/\/timschraubtbass.tim-stelzer.de\/?p=1494","url_meta":{"origin":1544,"position":2},"title":"70 WOW, WILFER! (Teil 1)","author":"timschraubtbass","date":"12. November 2018","format":false,"excerpt":"Ein Draht zu Warwick. Im Fr\u00fchjahr 2017 entschied ich mich daf\u00fcr,\u00a0einen Bass zusammenzuschrauben und dar\u00fcber zu bloggen. Was das f\u00fcr Auswirkungen haben sollte, war damals f\u00fcr mich nicht absehbar. Klar, ich rechnete mindestens mit guten Erfahrungen. Vielleicht sogar mit einem guten Bass. Doch sp\u00e4testens mit meiner Nominierung f\u00fcr die\u00a0Goldenen Blogger\u2026","rel":"","context":"In &quot;Allgemein&quot;","block_context":{"text":"Allgemein","link":"https:\/\/timschraubtbass.tim-stelzer.de\/?cat=1"},"img":{"alt_text":"","src":"https:\/\/i0.wp.com\/tim-stelzer.de\/timschraubtbass\/wp-content\/uploads\/2018\/11\/IMG_4443-1024x1024.jpg?resize=350%2C200","width":350,"height":200,"srcset":"https:\/\/i0.wp.com\/tim-stelzer.de\/timschraubtbass\/wp-content\/uploads\/2018\/11\/IMG_4443-1024x1024.jpg?resize=350%2C200 1x, https:\/\/i0.wp.com\/tim-stelzer.de\/timschraubtbass\/wp-content\/uploads\/2018\/11\/IMG_4443-1024x1024.jpg?resize=525%2C300 1.5x"},"classes":[]},{"id":987,"url":"https:\/\/timschraubtbass.tim-stelzer.de\/?p=987","url_meta":{"origin":1544,"position":3},"title":"46 MARLEAUX AGAIN \u2026","author":"timschraubtbass","date":"16. November 2017","format":false,"excerpt":"Das gro\u00dfe Messen (Teil 2) Wie im ersten Teil\u00a0berichtet, war mein Besuch der\u00a0Hausmesse bei Musik Produktiv am 11.11.2017 vor allem von meiner Begegnung mit Gerald Marleaux gepr\u00e4gt. Und von der mit seinen B\u00e4ssen. Und von der enormen Lautst\u00e4rke auf der Messe, trotz derer wir uns ein bisschen unterhalten konnten. Auch\u2026","rel":"","context":"In &quot;Allgemein&quot;","block_context":{"text":"Allgemein","link":"https:\/\/timschraubtbass.tim-stelzer.de\/?cat=1"},"img":{"alt_text":"","src":"https:\/\/i0.wp.com\/tim-stelzer.de\/timschraubtbass\/wp-content\/uploads\/2017\/11\/IMG_1322-e1510746911274-590x1024.jpg?resize=350%2C200","width":350,"height":200,"srcset":"https:\/\/i0.wp.com\/tim-stelzer.de\/timschraubtbass\/wp-content\/uploads\/2017\/11\/IMG_1322-e1510746911274-590x1024.jpg?resize=350%2C200 1x, https:\/\/i0.wp.com\/tim-stelzer.de\/timschraubtbass\/wp-content\/uploads\/2017\/11\/IMG_1322-e1510746911274-590x1024.jpg?resize=525%2C300 1.5x"},"classes":[]},{"id":1108,"url":"https:\/\/timschraubtbass.tim-stelzer.de\/?p=1108","url_meta":{"origin":1544,"position":4},"title":"52 VORS\u00c4TZLICHE TATEN","author":"timschraubtbass","date":"9. Januar 2018","format":false,"excerpt":"Schraub on. Ich will weiter Schrauben. Nein, das ist kein Vorsatz, das ist eine Erkenntnis aus dem halben Jahr, das \u201dTim schraubt Bass\u201d jetzt online ist. Die gro\u00dfe Zeit der R\u00fcckblicke habe ich knapp\u00a0verpasst \u2013 also schaue ich heute lieber in die Zukunft meines Projekts.* Mein Besuch der Musikmesse bei\u2026","rel":"","context":"In &quot;Allgemein&quot;","block_context":{"text":"Allgemein","link":"https:\/\/timschraubtbass.tim-stelzer.de\/?cat=1"},"img":{"alt_text":"","src":"https:\/\/i0.wp.com\/tim-stelzer.de\/timschraubtbass\/wp-content\/uploads\/2017\/12\/IMG_1462-1024x1024.jpg?resize=350%2C200","width":350,"height":200,"srcset":"https:\/\/i0.wp.com\/tim-stelzer.de\/timschraubtbass\/wp-content\/uploads\/2017\/12\/IMG_1462-1024x1024.jpg?resize=350%2C200 1x, https:\/\/i0.wp.com\/tim-stelzer.de\/timschraubtbass\/wp-content\/uploads\/2017\/12\/IMG_1462-1024x1024.jpg?resize=525%2C300 1.5x"},"classes":[]},{"id":1564,"url":"https:\/\/timschraubtbass.tim-stelzer.de\/?p=1564","url_meta":{"origin":1544,"position":5},"title":"73 BASS TO THE FUTURE (Teil 2)","author":"timschraubtbass","date":"16. Januar 2019","format":false,"excerpt":"\u201dWhatever will be, will be\u201d \u2013Die Musik Produktiv Hausmesse 2018 Der erste Teil meines Berichts endete mit dem kurzen Test des Marleaux Shortscale-Basses, der \u00fcbrigens auch in der aktuellen \u201dBass Professor\u201d-Ausgabe euphorisch bespielt & besprochen wird (leider noch kein Link verf\u00fcgbar, sorry). Jetzt geht's weiter.\u00a0Der DeLorean ist mittlerweile im\u00a0neuen\u00a0Jahr\u00a0gelandet \u2013\u00a0f\u00fcr\u00a0das\u00a0ich\u00a0allen\u00a0Leserinnen\u00a0und\u00a0Lesern\u00a0alles\u00a0erdenklich\u2026","rel":"","context":"In &quot;Allgemein&quot;","block_context":{"text":"Allgemein","link":"https:\/\/timschraubtbass.tim-stelzer.de\/?cat=1"},"img":{"alt_text":"","src":"https:\/\/i0.wp.com\/timschraubtbass.tim-stelzer.de\/wp-content\/uploads\/2018\/12\/IMG_4465.jpg?resize=350%2C200&ssl=1","width":350,"height":200,"srcset":"https:\/\/i0.wp.com\/timschraubtbass.tim-stelzer.de\/wp-content\/uploads\/2018\/12\/IMG_4465.jpg?resize=350%2C200&ssl=1 1x, https:\/\/i0.wp.com\/timschraubtbass.tim-stelzer.de\/wp-content\/uploads\/2018\/12\/IMG_4465.jpg?resize=525%2C300&ssl=1 1.5x, https:\/\/i0.wp.com\/timschraubtbass.tim-stelzer.de\/wp-content\/uploads\/2018\/12\/IMG_4465.jpg?resize=700%2C400&ssl=1 2x, https:\/\/i0.wp.com\/timschraubtbass.tim-stelzer.de\/wp-content\/uploads\/2018\/12\/IMG_4465.jpg?resize=1050%2C600&ssl=1 3x, https:\/\/i0.wp.com\/timschraubtbass.tim-stelzer.de\/wp-content\/uploads\/2018\/12\/IMG_4465.jpg?resize=1400%2C800&ssl=1 4x"},"classes":[]}],"_links":{"self":[{"href":"https:\/\/timschraubtbass.tim-stelzer.de\/index.php?rest_route=\/wp\/v2\/posts\/1544","targetHints":{"allow":["GET"]}}],"collection":[{"href":"https:\/\/timschraubtbass.tim-stelzer.de\/index.php?rest_route=\/wp\/v2\/posts"}],"about":[{"href":"https:\/\/timschraubtbass.tim-stelzer.de\/index.php?rest_route=\/wp\/v2\/types\/post"}],"author":[{"embeddable":true,"href":"https:\/\/timschraubtbass.tim-stelzer.de\/index.php?rest_route=\/wp\/v2\/users\/1"}],"replies":[{"embeddable":true,"href":"https:\/\/timschraubtbass.tim-stelzer.de\/index.php?rest_route=%2Fwp%2Fv2%2Fcomments&post=1544"}],"version-history":[{"count":9,"href":"https:\/\/timschraubtbass.tim-stelzer.de\/index.php?rest_route=\/wp\/v2\/posts\/1544\/revisions"}],"predecessor-version":[{"id":1561,"href":"https:\/\/timschraubtbass.tim-stelzer.de\/index.php?rest_route=\/wp\/v2\/posts\/1544\/revisions\/1561"}],"wp:attachment":[{"href":"https:\/\/timschraubtbass.tim-stelzer.de\/index.php?rest_route=%2Fwp%2Fv2%2Fmedia&parent=1544"}],"wp:term":[{"taxonomy":"category","embeddable":true,"href":"https:\/\/timschraubtbass.tim-stelzer.de\/index.php?rest_route=%2Fwp%2Fv2%2Fcategories&post=1544"},{"taxonomy":"post_tag","embeddable":true,"href":"https:\/\/timschraubtbass.tim-stelzer.de\/index.php?rest_route=%2Fwp%2Fv2%2Ftags&post=1544"}],"curies":[{"name":"wp","href":"https:\/\/api.w.org\/{rel}","templated":true}]}}