{"id":1494,"date":"2018-11-12T13:16:16","date_gmt":"2018-11-12T12:16:16","guid":{"rendered":"http:\/\/tim-stelzer.de\/timschraubtbass\/?p=1494"},"modified":"2018-12-18T22:03:02","modified_gmt":"2018-12-18T21:03:02","slug":"70-wow-wilfer-teil-1","status":"publish","type":"post","link":"https:\/\/timschraubtbass.tim-stelzer.de\/?p=1494","title":{"rendered":"70 WOW, WILFER! (Teil 1)"},"content":{"rendered":"<h1><strong>Ein Draht zu Warwick.<\/strong><\/h1>\n<p><strong>Im Fr\u00fchjahr 2017 entschied ich mich daf\u00fcr,\u00a0<b>einen Bass zusammenzuschrauben und dar\u00fcber zu bloggen. Was das f\u00fcr Auswirkungen haben sollte, war damals f\u00fcr mich nicht absehbar. Klar, ich rechnete mindestens mit <a href=\"http:\/\/tim-stelzer.de\/timschraubtbass\/?p=1017\" target=\"_blank\" rel=\"noopener\">guten Erfahrungen<\/a>. Vielleicht sogar mit einem <a href=\"http:\/\/tim-stelzer.de\/timschraubtbass\/?p=1151\" target=\"_blank\" rel=\"noopener\">guten Bass<\/a>. Doch sp\u00e4testens mit meiner Nominierung f\u00fcr die\u00a0<a href=\"https:\/\/die-goldenen-blogger.de\" target=\"_blank\" rel=\"noopener\">Goldenen Blogger<\/a> 2017 und meiner <a href=\"http:\/\/tim-stelzer.de\/timschraubtbass\/?p=1264\" target=\"_blank\" rel=\"noopener\">Teilnahme an der Preisverleihungsgala<\/a> im Januar 2018 merkte ich: War eine sehr gute Entscheidung. Denn auf einmal passieren ziemlich viele tolle Dinge. Und jetzt schon wieder.<\/b><\/strong><\/p>\n<p>Vor ein paar Monaten, im Sp\u00e4tsommer, bestellte ich mir endlich mal das <a href=\"https:\/\/shop.warwick.de\/de\/Merch+and+Promotion\/Kleidung\/Bassists+Against+Racists+-+Size:+L+_female_\" target=\"_blank\" rel=\"noopener\">T-Shirt <strong>\u201dBASSISTS AGAINST RACISTS\u201d<\/strong><\/a>. Das gibt es seit ein paar Jahren im <a href=\"https:\/\/shop.warwick.de\" target=\"_blank\" rel=\"noopener\">Online-Shop von Warwick<\/a> zu kaufen. Als es bei mir ankam, <a href=\"http:\/\/tim-stelzer.de\/timschraubtbass\/?p=1429\" target=\"_blank\" rel=\"noopener\">zog ich es gleich an<\/a> und <strong>freute<\/strong> mich.<\/p>\n<p>Nur wenige Tage sp\u00e4ter bekam ich eine E-Mail vom Warwick Online-Shop. \u201dIhre Meinung ist f\u00fcr uns wichtig!\u201d \u2013 die \u00fcbliche <strong>Feedback-Frage<\/strong> zum Einkaufserlebnis, ich war ja schlie\u00dflich Erstbesteller und Neukunde. Aber in der Mail war kein Link zu einem Bewertungstool oder so,\u00a0wie ich erst vermutet hatte. Ich wurde aufgefordert, einfach nur kurz folgende <strong>Fragen<\/strong> zu beantworten:<\/p>\n<pre>- Sind sie mit der Qualit\u00e4t des Produktes zufrieden?\r\n- War die Verpackung in Ordnung?\r\n- Was k\u00f6nnen\/sollten wir verbessern? Wir bitten um Ihre Anregungen!<\/pre>\n<p>Das tat ich dann, kurz und knapp. Und sendete meine Antwortmail ab. Ziemlich schnell bekam ich erneut eine E-Mail mit einem <strong>Dankesch\u00f6n<\/strong> f\u00fcr meine Antworten. Ich \u00fcberflog die Mail kurz, sie enthielt ein paar Infos zu meinen Anmerkungen zum Look &amp; Feel des Online-Shops \u2013 und dann stutzte ich, als ich Folgendes am Ende der E-Mail las:<\/p>\n<pre>Framus &amp; Warwick GmbH &amp; Co Music Equipment KG\r\nH.P. Wilfer 13.09.2018, 14:32\u00a0\u00a0\r\nCEO<\/pre>\n<h2><strong>\u00d6\u00f6\u00f6\u00f6hm \u2026 What?<\/strong><\/h2>\n<p>Der n\u00e4chste Gedanke: <strong>\u201dWow, Wilfer! Jetzt echt?<\/strong>\u201d Der kurze Check der Absender-Mailadresse best\u00e4tigte es: Offensichtlich hatte ich eine Mail direkt von<strong> <a href=\"http:\/\/www.warwickbass.com\/en\/Warwick---Company--History--Model-History-Warwick.html#D0518696001360689461A1924\" target=\"_blank\" rel=\"noopener\">Warwick-Gr\u00fcnder und Bassbau-Legende Hans Peter Wilfer<\/a> <\/strong>bekommen. Der sich offensichtlich selbst und h\u00f6chstpers\u00f6nlich um das Kundenfeedback seines Online-Shops k\u00fcmmert. <strong>Ich war erstmal baff<\/strong>. Und dann aufgeregt.<\/p>\n<p>Schlie\u00dflich ist Warwick \u2026 <strong>Moment, da muss ich etwas ausholen.<\/strong><\/p>\n<h2><strong>In den 80er Jahren um die Welt.<\/strong><\/h2>\n<p>Als ich Mitte der 1980er erst mit dem Gitarre- und wenig sp\u00e4ter mit dem Bassspielen anfing, gab es haupts\u00e4chlich folgende vier M\u00f6glichkeiten, sich \u00fcber Instrumente und Technik etc. zu informieren: <strong>1.<\/strong> andere Musiker, <strong>2.<\/strong> lokale Musikgesch\u00e4fte (die gab&#8217;s da noch!), <strong>3.<\/strong> Werbematerialien der Instrumentenhersteller sowie <strong>4.<\/strong> Fachzeitschriften und B\u00fccher.<\/p>\n<p>Ich las vor allem Zeitschriften. Vor allem das <strong><a href=\"https:\/\/de.wikipedia.org\/wiki\/Fachblatt_Musikmagazin\" target=\"_blank\" rel=\"noopener\">FACHBLATT MUSIKMAGAZIN<\/a><\/strong> (Ich erinnere mich an einen s\u00fcffisanten Kommentar von Slash in einem Interview: \u201dWait \u2026 It&#8217;s called FUCKBLATT???\u201d) brachte mir monatlich\u00a0<strong>die ganze gro\u00dfe Welt der Gitarren &amp; B\u00e4sse<\/strong> ins Haus \u2013 und ich verschlang <em>alle<\/em> Infos. Ich las sogar die Schlagzeug-Testberichte, warum auch immer. Aber besonders aufmerksam wurde ich, wenn mal wieder <strong>was \u00fcber Warwick<\/strong> zu lesen war. Was gar nicht so selten vorkam.<\/p>\n<p>Warwick war damals \u2013 nur wenige Jahre nach der Gr\u00fcndung \u2013 schon <strong><em>die<\/em>\u00a0deutsche Edelbassmarke schlechthin<\/strong>. Und das auf internationaler Ebene. Au\u00dferdem spielten zwei meiner gr\u00f6\u00dften <strong>Bass-Helden<\/strong> in meiner Anfangszeit als E-Bassist Warwick-Modelle: <a href=\"http:\/\/www.warwick.de\/de\/Warwick--Legends.html\" target=\"_blank\" rel=\"noopener\">Jack Bruce und John Entwistle<\/a>.<\/p>\n<p>So hat sich in mein Bassisten-Reptilienhirn auf ewig die Formel eingebrannt: <strong>deutscher Edelbass = Warwick<\/strong>. Es ist heute noch so, dass ich nur \u201dWarwick\u201d denken muss \u2013 und sofort erscheinen abwechselnd zwei Modelle vor meinen zunehmend kurzsichtigen Augen: der <a href=\"http:\/\/www.warwick.de\/de\/Warwick--Produkte--Instrumente--Pro-Serie---Teambuilt--Pro-Serie---Teambuilt--Thumb--Thumb-BO.html\" target=\"_blank\" rel=\"noopener\">Thumb<\/a> und der <a href=\"http:\/\/www.warwick.de\/de\/Warwick--Produkte--Instrumente--Customshop---Masterbuilt--Basic-Bass-Models--Streamer--Streamer-Stage-II.html\" target=\"_blank\" rel=\"noopener\">Streamer Stage II<\/a>.<\/p>\n<p>Allerdings hatte ich \u00fcber die Jahre &amp; Jahrzehnte erstaunlicherweise nur \u00e4u\u00dferst <strong>selten die Gelegenheit<\/strong>, einen Warwick in die H\u00e4nde zu nehmen und auszuprobieren. Was die <strong>magische Aura<\/strong> f\u00fcr mich nur noch verst\u00e4rkte. (Lustigerweise habe ich just vor zwei Tagen mal wieder die Ehre gehabt: Ich war bei der <a href=\"https:\/\/www.musik-produktiv-messe.de\" target=\"_blank\" rel=\"noopener\"><strong>Hausmesse von Musik Produktiv<\/strong><\/a> in Ibbenb\u00fcren \u2013 Bericht folgt \u2013 und fand einen sehr h\u00fcbschen signierten\u00a0<a href=\"http:\/\/www.warwick.de\/de\/Warwick--Produkte--Instrumente--RockBass--Fortress--Fortress--4-Saiten--Bilder.html\" target=\"_blank\" rel=\"noopener\">Warwick Rockbass Fortress<\/a> im Bassbereich des Ladens rumstehen.)<\/p>\n<p>Tja, und seit einigen Jahren h\u00e4ngt hier bei mir ein anderes St\u00fcck <strong>original Warwick-Equipment<\/strong> rum \u2026 das einzige, was ich besitze:<\/p>\n<p><a href=\"http:\/\/tim-stelzer.de\/timschraubtbass\/wp-content\/uploads\/2018\/11\/IMG_4443.jpg\"><img loading=\"lazy\" decoding=\"async\" data-attachment-id=\"1498\" data-permalink=\"https:\/\/timschraubtbass.tim-stelzer.de\/?attachment_id=1498\" data-orig-file=\"https:\/\/timschraubtbass.tim-stelzer.de\/wp-content\/uploads\/2018\/11\/IMG_4443.jpg\" data-orig-size=\"2832,2832\" data-comments-opened=\"0\" data-image-meta=\"{&quot;aperture&quot;:&quot;1.8&quot;,&quot;credit&quot;:&quot;&quot;,&quot;camera&quot;:&quot;iPhone 8&quot;,&quot;caption&quot;:&quot;&quot;,&quot;created_timestamp&quot;:&quot;1541786635&quot;,&quot;copyright&quot;:&quot;&quot;,&quot;focal_length&quot;:&quot;3.99&quot;,&quot;iso&quot;:&quot;100&quot;,&quot;shutter_speed&quot;:&quot;0.25&quot;,&quot;title&quot;:&quot;&quot;,&quot;orientation&quot;:&quot;0&quot;}\" data-image-title=\"IMG_4443\" data-image-description=\"\" data-image-caption=\"\" data-large-file=\"https:\/\/timschraubtbass.tim-stelzer.de\/wp-content\/uploads\/2018\/11\/IMG_4443-1024x1024.jpg\" class=\"alignnone size-large wp-image-1498\" src=\"http:\/\/tim-stelzer.de\/timschraubtbass\/wp-content\/uploads\/2018\/11\/IMG_4443-1024x1024.jpg\" alt=\"\" width=\"525\" height=\"525\" srcset=\"https:\/\/timschraubtbass.tim-stelzer.de\/wp-content\/uploads\/2018\/11\/IMG_4443-1024x1024.jpg 1024w, https:\/\/timschraubtbass.tim-stelzer.de\/wp-content\/uploads\/2018\/11\/IMG_4443-150x150.jpg 150w, https:\/\/timschraubtbass.tim-stelzer.de\/wp-content\/uploads\/2018\/11\/IMG_4443-300x300.jpg 300w, https:\/\/timschraubtbass.tim-stelzer.de\/wp-content\/uploads\/2018\/11\/IMG_4443-768x768.jpg 768w, https:\/\/timschraubtbass.tim-stelzer.de\/wp-content\/uploads\/2018\/11\/IMG_4443-100x100.jpg 100w\" sizes=\"auto, (max-width: 525px) 100vw, 525px\" \/><\/a><\/p>\n<p>\ud83d\ude09<\/p>\n<h2><strong>Gelegenheit &amp; Schopf und so.<\/strong><\/h2>\n<p>Und wie ging&#8217;s weiter?<\/p>\n<p>Herr Wilfer und ich tauschten dann noch ein paar kurze Mails aus. Und ein paar Wochen sp\u00e4ter dachte ich: Es w\u00e4re ja wirklich <strong>unverzeihlich<\/strong>, diese Geschichte <em>nicht<\/em> f\u00fcr meinen Blog aufzubereiten, wenn ich jetzt schon so unverhofft zumindest per E-Mail einen <strong>direkten Draht<\/strong> zu Hans Peter Wilfer habe. Also fragte ich <strong>h\u00f6flich<\/strong> bei ihm nach, ob er mir wohl <strong>eine Handvoll Fragen<\/strong> aus Perspektive meines Blogs beantworten w\u00fcrde \u2026<\/p>\n<h2><strong>Demn\u00e4chst an dieser Stelle im 2. Teil von \u201dWOW, WILFER!\u201d: Was hat H. P. Wilfer auf meine Anfrage geantwortet? Was f\u00fcr Fragen habe ich ihm dann geschrieben? Und was hat er mir dann darauf geantwortet? Und \u2026 hat sich mein Puls inzwischen wieder beruhigt? Stay tuned!<\/strong><\/h2>\n<p>&nbsp;<\/p>\n<p>&nbsp;<\/p>\n","protected":false},"excerpt":{"rendered":"<p>Ein Draht zu Warwick. Im Fr\u00fchjahr 2017 entschied ich mich daf\u00fcr,\u00a0einen Bass zusammenzuschrauben und dar\u00fcber zu bloggen. Was das f\u00fcr Auswirkungen haben sollte, war damals f\u00fcr mich nicht absehbar. Klar, ich rechnete mindestens mit guten Erfahrungen. Vielleicht sogar mit einem guten Bass. Doch sp\u00e4testens mit meiner Nominierung f\u00fcr die\u00a0Goldenen Blogger 2017 und meiner Teilnahme an &hellip; <\/p>\n<p class=\"link-more\"><a href=\"https:\/\/timschraubtbass.tim-stelzer.de\/?p=1494\" class=\"more-link\"><span class=\"screen-reader-text\">\u201e70 WOW, WILFER! (Teil 1)\u201c <\/span>weiterlesen<\/a><\/p>\n","protected":false},"author":1,"featured_media":0,"comment_status":"open","ping_status":"open","sticky":false,"template":"","format":"standard","meta":{"jetpack_post_was_ever_published":false,"_jetpack_newsletter_access":"","_jetpack_dont_email_post_to_subs":false,"_jetpack_newsletter_tier_id":0,"_jetpack_memberships_contains_paywalled_content":false,"_jetpack_memberships_contains_paid_content":false,"footnotes":"","jetpack_publicize_message":"","jetpack_publicize_feature_enabled":true,"jetpack_social_post_already_shared":true,"jetpack_social_options":{"image_generator_settings":{"template":"highway","default_image_id":0,"font":"","enabled":false},"version":2}},"categories":[1],"tags":[],"class_list":["post-1494","post","type-post","status-publish","format-standard","hentry","category-allgemein"],"jetpack_publicize_connections":[],"jetpack_featured_media_url":"","jetpack_sharing_enabled":true,"jetpack_shortlink":"https:\/\/wp.me\/p8SMry-o6","jetpack-related-posts":[{"id":2435,"url":"https:\/\/timschraubtbass.tim-stelzer.de\/?p=2435","url_meta":{"origin":1494,"position":0},"title":"87 JIVE TALKIN&#8216;","author":"timschraubtbass","date":"22. September 2020","format":false,"excerpt":"\u201dYou got so much!\u201d Effektger\u00e4te? F\u00fcr den Bass? F\u00fcr meinen Bass? Anfang der 90er, in meiner hei\u00dfen Zeit als Bassist & Co-S\u00e4nger einer kleinen, feinen Power-Pop-Combo in meiner Heimatstadt Wilhelmshaven, hie\u00df meine Antwort stets \u201dOch \u2026 N\u00f6.\u201d Ich hatte schon genug mit gleichzeitig Bass spielen, singen und Text vergessen zu\u2026","rel":"","context":"In &quot;Allgemein&quot;","block_context":{"text":"Allgemein","link":"https:\/\/timschraubtbass.tim-stelzer.de\/?cat=1"},"img":{"alt_text":"","src":"https:\/\/i0.wp.com\/timschraubtbass.tim-stelzer.de\/wp-content\/uploads\/2017\/09\/IMG_0863.jpg?resize=350%2C200&ssl=1","width":350,"height":200,"srcset":"https:\/\/i0.wp.com\/timschraubtbass.tim-stelzer.de\/wp-content\/uploads\/2017\/09\/IMG_0863.jpg?resize=350%2C200&ssl=1 1x, https:\/\/i0.wp.com\/timschraubtbass.tim-stelzer.de\/wp-content\/uploads\/2017\/09\/IMG_0863.jpg?resize=525%2C300&ssl=1 1.5x, https:\/\/i0.wp.com\/timschraubtbass.tim-stelzer.de\/wp-content\/uploads\/2017\/09\/IMG_0863.jpg?resize=700%2C400&ssl=1 2x, https:\/\/i0.wp.com\/timschraubtbass.tim-stelzer.de\/wp-content\/uploads\/2017\/09\/IMG_0863.jpg?resize=1050%2C600&ssl=1 3x, https:\/\/i0.wp.com\/timschraubtbass.tim-stelzer.de\/wp-content\/uploads\/2017\/09\/IMG_0863.jpg?resize=1400%2C800&ssl=1 4x"},"classes":[]},{"id":2206,"url":"https:\/\/timschraubtbass.tim-stelzer.de\/?p=2206","url_meta":{"origin":1494,"position":1},"title":"81 THE BASS BABY (II)","author":"timschraubtbass","date":"1. November 2019","format":false,"excerpt":"Der Helliver-Nachwuchs im Praxis-Test (Teil 2) Wie im ersten Teil angek\u00fcndigt hat mir Oliver seine j\u00fcngste Kreation noch einmal zur Verf\u00fcgung gestellt, damit ich ihre Tauglichkeit bei einer Bandprobe unter die Lupe nehmen kann. Hurra! Das war sehr aufschlussreich \u2013 und abgesehen davon nat\u00fcrlich auch total cool. Jedenfalls f\u00fcr mich.\u2026","rel":"","context":"In &quot;Allgemein&quot;","block_context":{"text":"Allgemein","link":"https:\/\/timschraubtbass.tim-stelzer.de\/?cat=1"},"img":{"alt_text":"","src":"https:\/\/i0.wp.com\/timschraubtbass.tim-stelzer.de\/wp-content\/uploads\/2019\/10\/IMG_7902.jpeg?resize=350%2C200&ssl=1","width":350,"height":200,"srcset":"https:\/\/i0.wp.com\/timschraubtbass.tim-stelzer.de\/wp-content\/uploads\/2019\/10\/IMG_7902.jpeg?resize=350%2C200&ssl=1 1x, https:\/\/i0.wp.com\/timschraubtbass.tim-stelzer.de\/wp-content\/uploads\/2019\/10\/IMG_7902.jpeg?resize=525%2C300&ssl=1 1.5x, https:\/\/i0.wp.com\/timschraubtbass.tim-stelzer.de\/wp-content\/uploads\/2019\/10\/IMG_7902.jpeg?resize=700%2C400&ssl=1 2x, https:\/\/i0.wp.com\/timschraubtbass.tim-stelzer.de\/wp-content\/uploads\/2019\/10\/IMG_7902.jpeg?resize=1050%2C600&ssl=1 3x, https:\/\/i0.wp.com\/timschraubtbass.tim-stelzer.de\/wp-content\/uploads\/2019\/10\/IMG_7902.jpeg?resize=1400%2C800&ssl=1 4x"},"classes":[]},{"id":894,"url":"https:\/\/timschraubtbass.tim-stelzer.de\/?p=894","url_meta":{"origin":1494,"position":2},"title":"42 THE NEXT LEVEL","author":"timschraubtbass","date":"20. Oktober 2017","format":false,"excerpt":"Life, the Universe, and Everything. Der 42. Blogbeitrag. Eine gute Zahl, um zwischendurch mal wieder ein paar \u00a0eher periphere Gedanken rund um mein Bassschraub- und Blog-Projekt zu formulieren. Oder sind es etwa doch eher sehr zentrale Gedanken?\u00a0 Ausgerechnet heute fr\u00fch bekam ich in meiner bevorzugten Muckibude diesen Schlie\u00dffachschl\u00fcssel ausgeh\u00e4ndigt: Auf\u2026","rel":"","context":"In &quot;Allgemein&quot;","block_context":{"text":"Allgemein","link":"https:\/\/timschraubtbass.tim-stelzer.de\/?cat=1"},"img":{"alt_text":"","src":"https:\/\/i0.wp.com\/tim-stelzer.de\/timschraubtbass\/wp-content\/uploads\/2017\/10\/IMG_1199-e1508490637794-997x1024.jpg?resize=350%2C200","width":350,"height":200,"srcset":"https:\/\/i0.wp.com\/tim-stelzer.de\/timschraubtbass\/wp-content\/uploads\/2017\/10\/IMG_1199-e1508490637794-997x1024.jpg?resize=350%2C200 1x, https:\/\/i0.wp.com\/tim-stelzer.de\/timschraubtbass\/wp-content\/uploads\/2017\/10\/IMG_1199-e1508490637794-997x1024.jpg?resize=525%2C300 1.5x"},"classes":[]},{"id":3326,"url":"https:\/\/timschraubtbass.tim-stelzer.de\/?p=3326","url_meta":{"origin":1494,"position":3},"title":"101 MARLEAUX 101","author":"timschraubtbass","date":"20. Oktober 2023","format":false,"excerpt":"Grundkurs Edelbass Willkommen beim #timschraubtbass-Seminar \u201dBoutique-Bass\u201d, Folge 101. Ein Einstiegs-Grundkurs f\u00fcr komplette Newbies mit unter anderem den folgenden Inhalten: Was macht man eigentlich mit so einem Wahnsinns-Instrument im Haus? Wie herum h\u00e4ngt man ihn korrekt an die Wand? Darf man alle f\u00fcnf Saiten gleichzeitig bet\u00e4tigen? In welchen zertifizierten Fachwerkst\u00e4tten muss\u2026","rel":"","context":"In &quot;Allgemein&quot;","block_context":{"text":"Allgemein","link":"https:\/\/timschraubtbass.tim-stelzer.de\/?cat=1"},"img":{"alt_text":"","src":"https:\/\/i0.wp.com\/timschraubtbass.tim-stelzer.de\/wp-content\/uploads\/2023\/10\/IMG_3951-150x150.jpg?resize=350%2C200&ssl=1","width":350,"height":200,"srcset":"https:\/\/i0.wp.com\/timschraubtbass.tim-stelzer.de\/wp-content\/uploads\/2023\/10\/IMG_3951-150x150.jpg?resize=350%2C200&ssl=1 1x, https:\/\/i0.wp.com\/timschraubtbass.tim-stelzer.de\/wp-content\/uploads\/2023\/10\/IMG_3951-150x150.jpg?resize=525%2C300&ssl=1 1.5x, https:\/\/i0.wp.com\/timschraubtbass.tim-stelzer.de\/wp-content\/uploads\/2023\/10\/IMG_3951-150x150.jpg?resize=700%2C400&ssl=1 2x, https:\/\/i0.wp.com\/timschraubtbass.tim-stelzer.de\/wp-content\/uploads\/2023\/10\/IMG_3951-150x150.jpg?resize=1050%2C600&ssl=1 3x, https:\/\/i0.wp.com\/timschraubtbass.tim-stelzer.de\/wp-content\/uploads\/2023\/10\/IMG_3951-150x150.jpg?resize=1400%2C800&ssl=1 4x"},"classes":[]},{"id":2267,"url":"https:\/\/timschraubtbass.tim-stelzer.de\/?p=2267","url_meta":{"origin":1494,"position":4},"title":"82 THE BASS BABY (III)","author":"timschraubtbass","date":"15. November 2019","format":false,"excerpt":"\u201dMan h\u00f6rt, dass es ein Helliver-Instrument ist.\u201d \u2013 Oliver Baron im Interview (Teil 3 des Bass-Berichts). Wie versprochen gibt's heute den Helliver-Chef & -Gr\u00fcnder Oliver im O-Ton. Der freundliche Dipl.-Des. spricht \u00fcber den ersten Bass aus seiner Werkstatt \u2013 und l\u00e4sst dabei angemessen tief blicken, was seine Arbeits- und Herangehensweise\u2026","rel":"","context":"In &quot;Allgemein&quot;","block_context":{"text":"Allgemein","link":"https:\/\/timschraubtbass.tim-stelzer.de\/?cat=1"},"img":{"alt_text":"","src":"https:\/\/i0.wp.com\/timschraubtbass.tim-stelzer.de\/wp-content\/uploads\/2019\/10\/IMG_7882.jpeg?resize=350%2C200&ssl=1","width":350,"height":200,"srcset":"https:\/\/i0.wp.com\/timschraubtbass.tim-stelzer.de\/wp-content\/uploads\/2019\/10\/IMG_7882.jpeg?resize=350%2C200&ssl=1 1x, https:\/\/i0.wp.com\/timschraubtbass.tim-stelzer.de\/wp-content\/uploads\/2019\/10\/IMG_7882.jpeg?resize=525%2C300&ssl=1 1.5x, https:\/\/i0.wp.com\/timschraubtbass.tim-stelzer.de\/wp-content\/uploads\/2019\/10\/IMG_7882.jpeg?resize=700%2C400&ssl=1 2x, https:\/\/i0.wp.com\/timschraubtbass.tim-stelzer.de\/wp-content\/uploads\/2019\/10\/IMG_7882.jpeg?resize=1050%2C600&ssl=1 3x, https:\/\/i0.wp.com\/timschraubtbass.tim-stelzer.de\/wp-content\/uploads\/2019\/10\/IMG_7882.jpeg?resize=1400%2C800&ssl=1 4x"},"classes":[]},{"id":1564,"url":"https:\/\/timschraubtbass.tim-stelzer.de\/?p=1564","url_meta":{"origin":1494,"position":5},"title":"73 BASS TO THE FUTURE (Teil 2)","author":"timschraubtbass","date":"16. Januar 2019","format":false,"excerpt":"\u201dWhatever will be, will be\u201d \u2013Die Musik Produktiv Hausmesse 2018 Der erste Teil meines Berichts endete mit dem kurzen Test des Marleaux Shortscale-Basses, der \u00fcbrigens auch in der aktuellen \u201dBass Professor\u201d-Ausgabe euphorisch bespielt & besprochen wird (leider noch kein Link verf\u00fcgbar, sorry). Jetzt geht's weiter.\u00a0Der DeLorean ist mittlerweile im\u00a0neuen\u00a0Jahr\u00a0gelandet \u2013\u00a0f\u00fcr\u00a0das\u00a0ich\u00a0allen\u00a0Leserinnen\u00a0und\u00a0Lesern\u00a0alles\u00a0erdenklich\u2026","rel":"","context":"In &quot;Allgemein&quot;","block_context":{"text":"Allgemein","link":"https:\/\/timschraubtbass.tim-stelzer.de\/?cat=1"},"img":{"alt_text":"","src":"https:\/\/i0.wp.com\/timschraubtbass.tim-stelzer.de\/wp-content\/uploads\/2018\/12\/IMG_4465.jpg?resize=350%2C200&ssl=1","width":350,"height":200,"srcset":"https:\/\/i0.wp.com\/timschraubtbass.tim-stelzer.de\/wp-content\/uploads\/2018\/12\/IMG_4465.jpg?resize=350%2C200&ssl=1 1x, https:\/\/i0.wp.com\/timschraubtbass.tim-stelzer.de\/wp-content\/uploads\/2018\/12\/IMG_4465.jpg?resize=525%2C300&ssl=1 1.5x, https:\/\/i0.wp.com\/timschraubtbass.tim-stelzer.de\/wp-content\/uploads\/2018\/12\/IMG_4465.jpg?resize=700%2C400&ssl=1 2x, https:\/\/i0.wp.com\/timschraubtbass.tim-stelzer.de\/wp-content\/uploads\/2018\/12\/IMG_4465.jpg?resize=1050%2C600&ssl=1 3x, https:\/\/i0.wp.com\/timschraubtbass.tim-stelzer.de\/wp-content\/uploads\/2018\/12\/IMG_4465.jpg?resize=1400%2C800&ssl=1 4x"},"classes":[]}],"_links":{"self":[{"href":"https:\/\/timschraubtbass.tim-stelzer.de\/index.php?rest_route=\/wp\/v2\/posts\/1494","targetHints":{"allow":["GET"]}}],"collection":[{"href":"https:\/\/timschraubtbass.tim-stelzer.de\/index.php?rest_route=\/wp\/v2\/posts"}],"about":[{"href":"https:\/\/timschraubtbass.tim-stelzer.de\/index.php?rest_route=\/wp\/v2\/types\/post"}],"author":[{"embeddable":true,"href":"https:\/\/timschraubtbass.tim-stelzer.de\/index.php?rest_route=\/wp\/v2\/users\/1"}],"replies":[{"embeddable":true,"href":"https:\/\/timschraubtbass.tim-stelzer.de\/index.php?rest_route=%2Fwp%2Fv2%2Fcomments&post=1494"}],"version-history":[{"count":10,"href":"https:\/\/timschraubtbass.tim-stelzer.de\/index.php?rest_route=\/wp\/v2\/posts\/1494\/revisions"}],"predecessor-version":[{"id":1505,"href":"https:\/\/timschraubtbass.tim-stelzer.de\/index.php?rest_route=\/wp\/v2\/posts\/1494\/revisions\/1505"}],"wp:attachment":[{"href":"https:\/\/timschraubtbass.tim-stelzer.de\/index.php?rest_route=%2Fwp%2Fv2%2Fmedia&parent=1494"}],"wp:term":[{"taxonomy":"category","embeddable":true,"href":"https:\/\/timschraubtbass.tim-stelzer.de\/index.php?rest_route=%2Fwp%2Fv2%2Fcategories&post=1494"},{"taxonomy":"post_tag","embeddable":true,"href":"https:\/\/timschraubtbass.tim-stelzer.de\/index.php?rest_route=%2Fwp%2Fv2%2Ftags&post=1494"}],"curies":[{"name":"wp","href":"https:\/\/api.w.org\/{rel}","templated":true}]}}