{"id":1344,"date":"2018-04-23T16:51:55","date_gmt":"2018-04-23T14:51:55","guid":{"rendered":"http:\/\/tim-stelzer.de\/timschraubtbass\/?p=1344"},"modified":"2018-04-23T16:51:55","modified_gmt":"2018-04-23T14:51:55","slug":"63-buende-fuers-leben","status":"publish","type":"post","link":"https:\/\/timschraubtbass.tim-stelzer.de\/?p=1344","title":{"rendered":"63 B\u00dcNDE F\u00dcRS LEBEN"},"content":{"rendered":"<h1><strong>Tsch\u00fc\u00df Scheppern!<\/strong><\/h1>\n<p><strong>Als ich letztes Jahr den Hals f\u00fcr meinen Schraubbass bei <a href=\"https:\/\/www.bassparts.de\">BassParts.de<\/a> bestellt habe, bekam ich den freundlichen Hinweis: Die B\u00fcnde sollten dann besser noch mal (m\u00f6glichst professionell) abgerichtet werden, wenn der Bass fertig ist. Aus Gr\u00fcnden: Von dem Scheppern, dass sich w\u00e4hrend des Winters an\u00a0einigen Stellen des Halses h\u00f6rbar gemacht hatte, habe ich ja <a href=\"http:\/\/tim-stelzer.de\/timschraubtbass\/?p=1323\">schon berichtet<\/a>. Jetzt wird&#8217;s ernst. Die B\u00fcnde werden\u00a0abgerichtet. Professionell. Also nicht von mir.<\/strong><\/p>\n<p>Schlauer Schrauber der ich (inzwischen halbwegs) bin, wei\u00df ich ja, wo meine <strong>Grenzen<\/strong> liegen. Den Sattel hatte ich ja auch <a href=\"http:\/\/tim-stelzer.de\/timschraubtbass\/?p=692\">von erfahrenen H\u00e4nden feilen lassen<\/a>, wie das <a href=\"http:\/\/tim-stelzer.de\/timschraubtbass\/?p=602\">allseits empfohlen<\/a> wird. In der neuen Ausgabe (Mai 2018) der <strong><a href=\"https:\/\/www.gitarrebass.de\/heftarchiv\/2018-05\/\">Gitarre &amp; Bass<\/a><\/strong> geht es in der <a href=\"https:\/\/www.gitarrebass.de\/heftarchiv\/2018-05\/repair-talk-buende-abrichten\/\">aktuellen Folge des Bundierungs-Workshops<\/a> auch um das Thema <strong>Abrichten<\/strong>. Zwar ohne Warnhinweis \u201dNur f\u00fcr Profis\u201d, aber der ist an dieser Stelle eher <strong>redundant<\/strong>. Wer sich eine <strong>komplette Neubundierung<\/strong> eines Gitarren- oder Basshalses zutraut, sollte \u00fcber eine gewisse <strong>handwerkliche Grunderfahrung<\/strong> verf\u00fcgen, denke ich. \ud83d\ude09<\/p>\n<p><span style=\"font-size: 1rem;\">\u00dcbrigens habe ich bereits im letzten Herbst <\/span><strong style=\"font-size: 1rem;\">heimlich<\/strong><span style=\"font-size: 1rem;\"> einen <\/span><strong style=\"font-size: 1rem;\">Testlauf<\/strong><span style=\"font-size: 1rem;\"> veranstaltet, was das Abrichten der B\u00fcnde angeht. Und zwar f\u00fcr diesen Bass:<\/span><\/p>\n<p><a href=\"http:\/\/tim-stelzer.de\/timschraubtbass\/wp-content\/uploads\/2017\/06\/IMG_8544-e1517826880665.jpg\"><img loading=\"lazy\" decoding=\"async\" data-attachment-id=\"45\" data-permalink=\"https:\/\/timschraubtbass.tim-stelzer.de\/?attachment_id=45\" data-orig-file=\"https:\/\/timschraubtbass.tim-stelzer.de\/wp-content\/uploads\/2017\/06\/IMG_8544-e1517826880665.jpg\" data-orig-size=\"1600,500\" data-comments-opened=\"1\" data-image-meta=\"{&quot;aperture&quot;:&quot;2.2&quot;,&quot;credit&quot;:&quot;&quot;,&quot;camera&quot;:&quot;iPhone 6s&quot;,&quot;caption&quot;:&quot;&quot;,&quot;created_timestamp&quot;:&quot;1482919927&quot;,&quot;copyright&quot;:&quot;&quot;,&quot;focal_length&quot;:&quot;4.15&quot;,&quot;iso&quot;:&quot;250&quot;,&quot;shutter_speed&quot;:&quot;0.058823529411765&quot;,&quot;title&quot;:&quot;&quot;,&quot;orientation&quot;:&quot;0&quot;}\" data-image-title=\"IMG_8544\" data-image-description=\"\" data-image-caption=\"\" data-large-file=\"https:\/\/timschraubtbass.tim-stelzer.de\/wp-content\/uploads\/2017\/06\/IMG_8544-1024x320.jpg\" class=\"alignnone size-large wp-image-45\" src=\"http:\/\/tim-stelzer.de\/timschraubtbass\/wp-content\/uploads\/2017\/06\/IMG_8544-1024x320.jpg\" alt=\"\" width=\"525\" height=\"164\" \/><\/a><\/p>\n<p>Mein <strong>Fender Jazz Bass MIJ Foto Flame<\/strong> hatte nach weit \u00fcber 20 Jahren Bespielung doch schon deutliche Dellen an vielen Stellen seiner schmalen B\u00fcnde. Und die hat kein geringerer als <strong><a href=\"http:\/\/www.helliver.de\">Oliver Baron aka Helliver<\/a><\/strong>\u00a0nach Anfrage freundlicherweise recht kurzfristig <strong>gegen faire Geb\u00fchr<\/strong> beseitigt. Also die B\u00fcnde komplett abgerichtet. Das <strong>Ergebnis<\/strong>: Ich war <strong>begeistert<\/strong>. Deutlich weniger Scheppern in den \u00fcber die Jahre \u201db\u00f6se\u201d gewordenen B\u00fcnden bei angenehm flacher Saitenlage. <strong>So einfach kann das sein. <\/strong>Wenn man&#8217;s kann.<\/p>\n<h2><strong>B\u00fcndeweise Berichte<\/strong><\/h2>\n<p>Interessanterweise fand ich schon vor einigen Monaten\u00a0<strong>Beitr\u00e4ge in Bass-Communitys zum Thema B\u00fcnde<\/strong> <strong>abrichten<\/strong> \u2013 und in denen kommt auch <strong><a href=\"https:\/\/www.gitarrebass.de\/heftarchiv\/2018-05\/repair-talk-buende-abrichten\/\">BassLine<\/a> <\/strong>vor, die Betreiber des BassParts-Shops, also die <strong>Quelle<\/strong> der Teile meines sch\u00f6nen Basses, den ich an dieser Stelle gerne noch einmal einblende:<\/p>\n<p><a href=\"http:\/\/tim-stelzer.de\/timschraubtbass\/wp-content\/uploads\/2017\/09\/IMG_0825.jpg\"><img loading=\"lazy\" decoding=\"async\" data-attachment-id=\"729\" data-permalink=\"https:\/\/timschraubtbass.tim-stelzer.de\/?attachment_id=729\" data-orig-file=\"https:\/\/timschraubtbass.tim-stelzer.de\/wp-content\/uploads\/2017\/09\/IMG_0825.jpg\" data-orig-size=\"3024,4032\" data-comments-opened=\"1\" data-image-meta=\"{&quot;aperture&quot;:&quot;2.2&quot;,&quot;credit&quot;:&quot;&quot;,&quot;camera&quot;:&quot;iPhone 6s&quot;,&quot;caption&quot;:&quot;&quot;,&quot;created_timestamp&quot;:&quot;1504523661&quot;,&quot;copyright&quot;:&quot;&quot;,&quot;focal_length&quot;:&quot;4.15&quot;,&quot;iso&quot;:&quot;80&quot;,&quot;shutter_speed&quot;:&quot;0.033333333333333&quot;,&quot;title&quot;:&quot;&quot;,&quot;orientation&quot;:&quot;1&quot;}\" data-image-title=\"IMG_0825\" data-image-description=\"\" data-image-caption=\"\" data-large-file=\"https:\/\/timschraubtbass.tim-stelzer.de\/wp-content\/uploads\/2017\/09\/IMG_0825-768x1024.jpg\" class=\"alignnone size-large wp-image-729\" src=\"http:\/\/tim-stelzer.de\/timschraubtbass\/wp-content\/uploads\/2017\/09\/IMG_0825-768x1024.jpg\" alt=\"\" width=\"525\" height=\"700\" srcset=\"https:\/\/timschraubtbass.tim-stelzer.de\/wp-content\/uploads\/2017\/09\/IMG_0825-768x1024.jpg 768w, https:\/\/timschraubtbass.tim-stelzer.de\/wp-content\/uploads\/2017\/09\/IMG_0825-225x300.jpg 225w\" sizes=\"auto, (max-width: 525px) 100vw, 525px\" \/><\/a><\/p>\n<p>Diese Berichte fand ich zum Beispiel <strong><a href=\"https:\/\/www.bassic.de\/threads\/pimp-your-bass-workshop-erlebnisbericht.14866976\/\">hier auf Basic.de<\/a><\/strong>, da wird ein <strong>Workshoptag<\/strong> inkl. B\u00fcnde abrichten bei BassLine beschreiben. Und dann noch <a href=\"https:\/\/www.facebook.com\/groups\/1435061240075994\/permalink\/1968017516780361\/\"><strong>hier in der Gruppe \u201dBass: Tech-Talk\u201d auf Facebook<\/strong>,<\/a> in dem es auch um den BasslIne-Workshop und speziell das Abrichten geht. Da schreibt der Herr P. W R.:<\/p>\n<p><em>\u201dNeue B\u00e4sse und B\u00fcnde<\/em><br \/>\n<em>Bei Bassline in Krefeld habe ich vor 14 Tagen an einem Pimp Your Bass Workshop mit mehreren Kollegen teilgenommen. Bei den mitgebrachten (fast ausschlie\u00dflich neuen)B\u00e4ssen im Preisbereich 400-2200 Euro war nicht ein einziger Bass dabei, dessen B\u00fcnde korrekt abgerichtet waren. Daraufhin habe ich meine anderen B\u00e4sse zuhause genauer \u00fcberpr\u00fcft und festgestellt, dass die auch nicht 100% ig korrekt waren, mit zwei Ausnahmen. Der eine Bass ist zwar gebraucht gekauft, aber handwerklich hergestellt und der andere ist werksseitig geplekt.<\/em><br \/>\n<em>Anscheinend schaut sich in den Fabriken kein Instrumentenbauer das fertige Instrument an. Gut ist, dass man es relativ einfach durch einen Bassbauer f\u00fcr wenig Geld fixen kann.\u201d<\/em><\/p>\n<p>Ich denke, man darf dazu <strong>auch einen Gitarrenbauer<\/strong> nehmen. Oliver hat schon zugesagt, diese Woche sind die B\u00fcnde dran. Au\u00dferdem baut er ja auch gerade <strong>an seinem ersten Bass<\/strong>, wie er <a href=\"http:\/\/tim-stelzer.de\/timschraubtbass\/?p=826\">letztes Jahr offiziell angek\u00fcndigt<\/a> hat. Auf Nachfrage meinte er allerdings, andere Projekte h\u00e4tten \u201dzur Zeit aber noch Priorit\u00e4t\u201d. <strong>Tststs. Komisch.<\/strong> Was kann es Wichtigeres geben als den ersten Helliver-Bass?<\/p>\n<h2><strong>N\u00e4chstes Mal gibt&#8217;s den Bericht vom Abrichten! Stay tuned \u2026<\/strong><\/h2>\n<p>&nbsp;<\/p>\n<p>&nbsp;<\/p>\n","protected":false},"excerpt":{"rendered":"<p>Tsch\u00fc\u00df Scheppern! Als ich letztes Jahr den Hals f\u00fcr meinen Schraubbass bei BassParts.de bestellt habe, bekam ich den freundlichen Hinweis: Die B\u00fcnde sollten dann besser noch mal (m\u00f6glichst professionell) abgerichtet werden, wenn der Bass fertig ist. Aus Gr\u00fcnden: Von dem Scheppern, dass sich w\u00e4hrend des Winters an\u00a0einigen Stellen des Halses h\u00f6rbar gemacht hatte, habe ich &hellip; <\/p>\n<p class=\"link-more\"><a href=\"https:\/\/timschraubtbass.tim-stelzer.de\/?p=1344\" class=\"more-link\"><span class=\"screen-reader-text\">\u201e63 B\u00dcNDE F\u00dcRS LEBEN\u201c <\/span>weiterlesen<\/a><\/p>\n","protected":false},"author":1,"featured_media":0,"comment_status":"open","ping_status":"open","sticky":false,"template":"","format":"standard","meta":{"jetpack_post_was_ever_published":false,"_jetpack_newsletter_access":"","_jetpack_dont_email_post_to_subs":false,"_jetpack_newsletter_tier_id":0,"_jetpack_memberships_contains_paywalled_content":false,"_jetpack_memberships_contains_paid_content":false,"footnotes":"","jetpack_publicize_message":"","jetpack_publicize_feature_enabled":true,"jetpack_social_post_already_shared":true,"jetpack_social_options":{"image_generator_settings":{"template":"highway","default_image_id":0,"font":"","enabled":false},"version":2}},"categories":[1],"tags":[],"class_list":["post-1344","post","type-post","status-publish","format-standard","hentry","category-allgemein"],"jetpack_publicize_connections":[],"jetpack_featured_media_url":"","jetpack_sharing_enabled":true,"jetpack_shortlink":"https:\/\/wp.me\/p8SMry-lG","jetpack-related-posts":[{"id":1433,"url":"https:\/\/timschraubtbass.tim-stelzer.de\/?p=1433","url_meta":{"origin":1344,"position":0},"title":"67 HEAVEN AND HELLIVER","author":"timschraubtbass","date":"25. September 2018","format":false,"excerpt":"1A Abgerichtet. Ich nehme dann mal den im Fr\u00fchjahr verlorenen Faden wieder auf. Und berichte, wie es mit dem Projekt \u201dB\u00fcnde abrichten\u201d weiterging. Das h\u00e4tte Harald sicher auch interessiert. Dem habe ich au\u00dferdem einen permanenten Platz in der Hauptnavigation des Blogs gegeben \u2013 damit er nicht so einfach in den\u2026","rel":"","context":"In &quot;Allgemein&quot;","block_context":{"text":"Allgemein","link":"https:\/\/timschraubtbass.tim-stelzer.de\/?cat=1"},"img":{"alt_text":"","src":"https:\/\/i0.wp.com\/tim-stelzer.de\/timschraubtbass\/wp-content\/uploads\/2018\/09\/IMG_2591-768x1024.jpg?resize=350%2C200","width":350,"height":200,"srcset":"https:\/\/i0.wp.com\/tim-stelzer.de\/timschraubtbass\/wp-content\/uploads\/2018\/09\/IMG_2591-768x1024.jpg?resize=350%2C200 1x, https:\/\/i0.wp.com\/tim-stelzer.de\/timschraubtbass\/wp-content\/uploads\/2018\/09\/IMG_2591-768x1024.jpg?resize=525%2C300 1.5x"},"classes":[]},{"id":1311,"url":"https:\/\/timschraubtbass.tim-stelzer.de\/?p=1311","url_meta":{"origin":1344,"position":1},"title":"59 BASS TO THE ROOTS","author":"timschraubtbass","date":"13. M\u00e4rz 2018","format":false,"excerpt":"Das \u201dBass Shop\u201d-Syndrom. Ich war 17, als ich das erste Mal in den USA war. Ich spielte da bereits ein paar Jahre Gitarre und hatte rund eineinhalb Jahre vorher meine Bass-Berufung gefunden. Also war ich h\u00f6chst erfreut, dass ich selbst in der l\u00e4ndlichen S\u00fcdstaaten-Kleinstadt, in der ich den Sommer \u00fcber\u2026","rel":"","context":"In &quot;Allgemein&quot;","block_context":{"text":"Allgemein","link":"https:\/\/timschraubtbass.tim-stelzer.de\/?cat=1"},"img":{"alt_text":"","src":"https:\/\/i0.wp.com\/tim-stelzer.de\/timschraubtbass\/wp-content\/uploads\/2018\/03\/IMG_2104-742x1024.jpg?resize=350%2C200","width":350,"height":200,"srcset":"https:\/\/i0.wp.com\/tim-stelzer.de\/timschraubtbass\/wp-content\/uploads\/2018\/03\/IMG_2104-742x1024.jpg?resize=350%2C200 1x, https:\/\/i0.wp.com\/tim-stelzer.de\/timschraubtbass\/wp-content\/uploads\/2018\/03\/IMG_2104-742x1024.jpg?resize=525%2C300 1.5x"},"classes":[]},{"id":91,"url":"https:\/\/timschraubtbass.tim-stelzer.de\/?p=91","url_meta":{"origin":1344,"position":2},"title":"07 WORDS OF WISDOM","author":"timschraubtbass","date":"11. Juli 2017","format":false,"excerpt":"HI-HI-HILFE! So besonders originell ist mein Bassbauprojekt ja nicht. Ich befinde mich damit in durchaus vielf\u00e4ltiger und guter Gesellschaft. Au\u00dferdem gibt es auch in M\u00fcnster Profis, die sich mit sowas auskennen. Online gibt es zum Beispiel das Forum GitarreBassBau.de \u2013 mit einem eigenen Forum zum Thema E-B\u00e4sse. Da kann man\u2026","rel":"","context":"In &quot;Allgemein&quot;","block_context":{"text":"Allgemein","link":"https:\/\/timschraubtbass.tim-stelzer.de\/?cat=1"},"img":{"alt_text":"","src":"https:\/\/i0.wp.com\/img.youtube.com\/vi\/ARJ8cAGm6JE\/0.jpg?resize=350%2C200","width":350,"height":200},"classes":[]},{"id":1323,"url":"https:\/\/timschraubtbass.tim-stelzer.de\/?p=1323","url_meta":{"origin":1344,"position":3},"title":"60 BR\u00dcCKENTAG","author":"timschraubtbass","date":"16. M\u00e4rz 2018","format":false,"excerpt":"\u201cWith\u00a0my little thing\u201d Wie im letzten Beitrag berichtet hat mein Bass Halsweh, was sich durch zunehmendes Scheppern an verschiedenen Stellen auf dem Griffbrett \u00e4u\u00dfert. Der Hals hat sich im Winter offensichtlich etwas gerade gezogen \u2013 Holz arbeitet eben. Das kann ja\u00a0auch so bleiben. Ein \u00a0total gerader Basshals wird ja von\u2026","rel":"","context":"In &quot;Allgemein&quot;","block_context":{"text":"Allgemein","link":"https:\/\/timschraubtbass.tim-stelzer.de\/?cat=1"},"img":{"alt_text":"","src":"https:\/\/i0.wp.com\/tim-stelzer.de\/timschraubtbass\/wp-content\/uploads\/2018\/03\/IMG_2106-768x1024.jpg?resize=350%2C200","width":350,"height":200,"srcset":"https:\/\/i0.wp.com\/tim-stelzer.de\/timschraubtbass\/wp-content\/uploads\/2018\/03\/IMG_2106-768x1024.jpg?resize=350%2C200 1x, https:\/\/i0.wp.com\/tim-stelzer.de\/timschraubtbass\/wp-content\/uploads\/2018\/03\/IMG_2106-768x1024.jpg?resize=525%2C300 1.5x"},"classes":[]},{"id":668,"url":"https:\/\/timschraubtbass.tim-stelzer.de\/?p=668","url_meta":{"origin":1344,"position":4},"title":"30 INTERLUDE","author":"timschraubtbass","date":"1. September 2017","format":false,"excerpt":"\u201dWith great Incompetence comes great Responsibility.\u201d Einmal tief Luft holen. Hey, der Bass ist fast fertig! Bevor ich den Sattel vom Sound Ranger feilen und den Bass damit bespielbar machen lasse, passt es wohl ganz gut, kurz zur\u00fcck und nach vorne zu blicken.\u00a0 So fing es an: So ging es\u2026","rel":"","context":"In &quot;Allgemein&quot;","block_context":{"text":"Allgemein","link":"https:\/\/timschraubtbass.tim-stelzer.de\/?cat=1"},"img":{"alt_text":"","src":"https:\/\/i0.wp.com\/tim-stelzer.de\/timschraubtbass\/wp-content\/uploads\/2017\/06\/IMG_9883-1024x418.jpg?resize=350%2C200","width":350,"height":200,"srcset":"https:\/\/i0.wp.com\/tim-stelzer.de\/timschraubtbass\/wp-content\/uploads\/2017\/06\/IMG_9883-1024x418.jpg?resize=350%2C200 1x, https:\/\/i0.wp.com\/tim-stelzer.de\/timschraubtbass\/wp-content\/uploads\/2017\/06\/IMG_9883-1024x418.jpg?resize=525%2C300 1.5x"},"classes":[]},{"id":1108,"url":"https:\/\/timschraubtbass.tim-stelzer.de\/?p=1108","url_meta":{"origin":1344,"position":5},"title":"52 VORS\u00c4TZLICHE TATEN","author":"timschraubtbass","date":"9. Januar 2018","format":false,"excerpt":"Schraub on. Ich will weiter Schrauben. Nein, das ist kein Vorsatz, das ist eine Erkenntnis aus dem halben Jahr, das \u201dTim schraubt Bass\u201d jetzt online ist. Die gro\u00dfe Zeit der R\u00fcckblicke habe ich knapp\u00a0verpasst \u2013 also schaue ich heute lieber in die Zukunft meines Projekts.* Mein Besuch der Musikmesse bei\u2026","rel":"","context":"In &quot;Allgemein&quot;","block_context":{"text":"Allgemein","link":"https:\/\/timschraubtbass.tim-stelzer.de\/?cat=1"},"img":{"alt_text":"","src":"https:\/\/i0.wp.com\/tim-stelzer.de\/timschraubtbass\/wp-content\/uploads\/2017\/12\/IMG_1462-1024x1024.jpg?resize=350%2C200","width":350,"height":200,"srcset":"https:\/\/i0.wp.com\/tim-stelzer.de\/timschraubtbass\/wp-content\/uploads\/2017\/12\/IMG_1462-1024x1024.jpg?resize=350%2C200 1x, https:\/\/i0.wp.com\/tim-stelzer.de\/timschraubtbass\/wp-content\/uploads\/2017\/12\/IMG_1462-1024x1024.jpg?resize=525%2C300 1.5x"},"classes":[]}],"_links":{"self":[{"href":"https:\/\/timschraubtbass.tim-stelzer.de\/index.php?rest_route=\/wp\/v2\/posts\/1344","targetHints":{"allow":["GET"]}}],"collection":[{"href":"https:\/\/timschraubtbass.tim-stelzer.de\/index.php?rest_route=\/wp\/v2\/posts"}],"about":[{"href":"https:\/\/timschraubtbass.tim-stelzer.de\/index.php?rest_route=\/wp\/v2\/types\/post"}],"author":[{"embeddable":true,"href":"https:\/\/timschraubtbass.tim-stelzer.de\/index.php?rest_route=\/wp\/v2\/users\/1"}],"replies":[{"embeddable":true,"href":"https:\/\/timschraubtbass.tim-stelzer.de\/index.php?rest_route=%2Fwp%2Fv2%2Fcomments&post=1344"}],"version-history":[{"count":7,"href":"https:\/\/timschraubtbass.tim-stelzer.de\/index.php?rest_route=\/wp\/v2\/posts\/1344\/revisions"}],"predecessor-version":[{"id":1351,"href":"https:\/\/timschraubtbass.tim-stelzer.de\/index.php?rest_route=\/wp\/v2\/posts\/1344\/revisions\/1351"}],"wp:attachment":[{"href":"https:\/\/timschraubtbass.tim-stelzer.de\/index.php?rest_route=%2Fwp%2Fv2%2Fmedia&parent=1344"}],"wp:term":[{"taxonomy":"category","embeddable":true,"href":"https:\/\/timschraubtbass.tim-stelzer.de\/index.php?rest_route=%2Fwp%2Fv2%2Fcategories&post=1344"},{"taxonomy":"post_tag","embeddable":true,"href":"https:\/\/timschraubtbass.tim-stelzer.de\/index.php?rest_route=%2Fwp%2Fv2%2Ftags&post=1344"}],"curies":[{"name":"wp","href":"https:\/\/api.w.org\/{rel}","templated":true}]}}