{"id":1323,"date":"2018-03-16T15:13:16","date_gmt":"2018-03-16T14:13:16","guid":{"rendered":"http:\/\/tim-stelzer.de\/timschraubtbass\/?p=1323"},"modified":"2018-03-16T15:13:16","modified_gmt":"2018-03-16T14:13:16","slug":"60-brueckentag","status":"publish","type":"post","link":"https:\/\/timschraubtbass.tim-stelzer.de\/?p=1323","title":{"rendered":"60 BR\u00dcCKENTAG"},"content":{"rendered":"<h1><b>\u201cWith\u00a0my little thing\u201d<\/b><\/h1>\n<p><strong><a href=\"http:\/\/tim-stelzer.de\/timschraubtbass\/?p=1311\">Wie im letzten Beitrag berichtet<\/a> hat mein Bass Halsweh, was sich durch zunehmendes Scheppern an verschiedenen Stellen auf dem Griffbrett \u00e4u\u00dfert. Der Hals hat sich im Winter offensichtlich etwas gerade gezogen \u2013 Holz arbeitet eben. Das kann ja\u00a0auch so bleiben. Ein \u00a0total gerader Basshals wird ja von vielen als Idealform gesehen. <a href=\"https:\/\/www.youtube.com\/watch?v=sOsUzVg2hEs\">Jeff Berlin zum Beispiel m\u00f6chte gerne einen \u201dflat neck\u201d<\/a> \u2013 und er muss das wissen. Aber das Scheppern muss weg. Also m\u00fcssen die Saiten hoch.<\/strong><\/p>\n<p>Daf\u00fcr muss ich die <strong>Saitenreiter<\/strong> auf der <strong>Br\u00fccke<\/strong> bewegen, also erst die vorderer Feststellschraube l\u00f6sen und dann die Reiter selbst hochschrauben. <a href=\"http:\/\/tim-stelzer.de\/timschraubtbass\/?p=767\">Das hatte ich ja schon mal beschrieben<\/a>. Aber jetzt habe ich ja <a href=\"http:\/\/tim-stelzer.de\/timschraubtbass\/?p=1059\"><strong>ein neues Werkzeug<\/strong><\/a>, dass ich bei dieser Gelegenheit gleich mal <strong>ausprobieren<\/strong> kann!<\/p>\n<p><a href=\"http:\/\/tim-stelzer.de\/timschraubtbass\/wp-content\/uploads\/2018\/03\/IMG_2106.jpg\"><img loading=\"lazy\" decoding=\"async\" data-attachment-id=\"1322\" data-permalink=\"https:\/\/timschraubtbass.tim-stelzer.de\/?attachment_id=1322\" data-orig-file=\"https:\/\/timschraubtbass.tim-stelzer.de\/wp-content\/uploads\/2018\/03\/IMG_2106.jpg\" data-orig-size=\"1200,1600\" data-comments-opened=\"1\" data-image-meta=\"{&quot;aperture&quot;:&quot;1.8&quot;,&quot;credit&quot;:&quot;&quot;,&quot;camera&quot;:&quot;iPhone 8&quot;,&quot;caption&quot;:&quot;&quot;,&quot;created_timestamp&quot;:&quot;1521044039&quot;,&quot;copyright&quot;:&quot;&quot;,&quot;focal_length&quot;:&quot;3.99&quot;,&quot;iso&quot;:&quot;40&quot;,&quot;shutter_speed&quot;:&quot;0.058823529411765&quot;,&quot;title&quot;:&quot;&quot;,&quot;orientation&quot;:&quot;1&quot;}\" data-image-title=\"IMG_2106\" data-image-description=\"\" data-image-caption=\"\" data-large-file=\"https:\/\/timschraubtbass.tim-stelzer.de\/wp-content\/uploads\/2018\/03\/IMG_2106-768x1024.jpg\" class=\"alignnone size-large wp-image-1322\" src=\"http:\/\/tim-stelzer.de\/timschraubtbass\/wp-content\/uploads\/2018\/03\/IMG_2106-768x1024.jpg\" alt=\"\" width=\"525\" height=\"700\" srcset=\"https:\/\/timschraubtbass.tim-stelzer.de\/wp-content\/uploads\/2018\/03\/IMG_2106-768x1024.jpg 768w, https:\/\/timschraubtbass.tim-stelzer.de\/wp-content\/uploads\/2018\/03\/IMG_2106-225x300.jpg 225w, https:\/\/timschraubtbass.tim-stelzer.de\/wp-content\/uploads\/2018\/03\/IMG_2106.jpg 1200w\" sizes=\"auto, (max-width: 525px) 100vw, 525px\" \/><\/a><\/p>\n<p>Tja. Ich mach&#8217;s <strong>kurz<\/strong>. Oder, besser gesagt: Das Tool ist <strong>zu kurz<\/strong>. Der Ausklapp-Inbus l\u00e4sst sich von oben zwar ganz gut in die Madenschrauben einf\u00fchren. Aber die Feststell-Schraube vorne am Saitenreiter ist mit dem Ding nur <strong>schwer erreichbar<\/strong>. Manchmal kommt&#8217;s eben doch auf die <strong>L\u00e4nge<\/strong> an.<\/p>\n<p>Aber nicht nur auf die: Das Multitool liegt <strong>satt und schwer<\/strong> in der Hand \u2013 was eine sehr gute <strong>Hebelwirkung<\/strong>\u00a0beim Schrauben ergibt. Die ist vielleicht beim Einstellen des Halsstabs hilfreich. Aber nicht bei der Br\u00fccke, da braucht man <strong>Fingerspitzengef\u00fchl<\/strong>. Dem steht die gute <strong>Kraft\u00fcbertragung<\/strong> aber im Weg. Man <strong>schie\u00dft<\/strong> sehr schnell und leicht\u00a0<strong>\u00fcbers Ziel hinaus<\/strong>.<\/p>\n<p>Also nehme ich lieber das mit der Br\u00fccke <strong>mitgelieferte<\/strong> und mit blo\u00dfem (jedenfalls meinem 47j\u00e4hrigem) Auge <strong>kaum sichtbare Werkzeug<\/strong> zur Hand:<\/p>\n<p><a href=\"http:\/\/tim-stelzer.de\/timschraubtbass\/wp-content\/uploads\/2017\/09\/IMG_0834-e1504777288297.jpg\"><img loading=\"lazy\" decoding=\"async\" data-attachment-id=\"772\" data-permalink=\"https:\/\/timschraubtbass.tim-stelzer.de\/?attachment_id=772\" data-orig-file=\"https:\/\/timschraubtbass.tim-stelzer.de\/wp-content\/uploads\/2017\/09\/IMG_0834-e1504777288297.jpg\" data-orig-size=\"2580,3003\" data-comments-opened=\"1\" data-image-meta=\"{&quot;aperture&quot;:&quot;2.2&quot;,&quot;credit&quot;:&quot;&quot;,&quot;camera&quot;:&quot;iPhone 6s&quot;,&quot;caption&quot;:&quot;&quot;,&quot;created_timestamp&quot;:&quot;1504693701&quot;,&quot;copyright&quot;:&quot;&quot;,&quot;focal_length&quot;:&quot;4.15&quot;,&quot;iso&quot;:&quot;200&quot;,&quot;shutter_speed&quot;:&quot;0.03030303030303&quot;,&quot;title&quot;:&quot;&quot;,&quot;orientation&quot;:&quot;1&quot;}\" data-image-title=\"IMG_0834\" data-image-description=\"\" data-image-caption=\"\" data-large-file=\"https:\/\/timschraubtbass.tim-stelzer.de\/wp-content\/uploads\/2017\/09\/IMG_0834-e1504777288297-880x1024.jpg\" class=\"alignnone size-large wp-image-772\" src=\"http:\/\/tim-stelzer.de\/timschraubtbass\/wp-content\/uploads\/2017\/09\/IMG_0834-e1504777288297-880x1024.jpg\" alt=\"\" width=\"525\" height=\"611\" srcset=\"https:\/\/timschraubtbass.tim-stelzer.de\/wp-content\/uploads\/2017\/09\/IMG_0834-e1504777288297-880x1024.jpg 880w, https:\/\/timschraubtbass.tim-stelzer.de\/wp-content\/uploads\/2017\/09\/IMG_0834-e1504777288297-258x300.jpg 258w, https:\/\/timschraubtbass.tim-stelzer.de\/wp-content\/uploads\/2017\/09\/IMG_0834-e1504777288297-768x894.jpg 768w\" sizes=\"auto, (max-width: 525px) 100vw, 525px\" \/><\/a><\/p>\n<p>So geht&#8217;s. Die Saitenreiter sind jetzt <strong>minimal h\u00f6her<\/strong> \u2013 und das Scheppern in gewissen B\u00fcnden ist <strong>deutlich weniger<\/strong> geworden. Um das ganz zu <strong>eliminieren<\/strong> und die Saiten wieder <strong>tiefer legen<\/strong> zu k\u00f6nnen, m\u00fcssen die <strong>B\u00fcnde abgerichtet<\/strong> werden. Daf\u00fcr mache ich alsbald mal einen <strong>Termin beim <a href=\"http:\/\/www.helliver.de\">Profi<\/a><\/strong>.<\/p>\n<p>\u00dcbrigens: Diese <strong>Einstellarbeiten<\/strong> m\u00f6chte man <strong>mit dieser Br\u00fccke<\/strong> wohl eher nicht eben schnell auf einer dunklen B\u00fchne kurz vorm Auftritt erledigen. Daf\u00fcr sind andere Br\u00fcckenmodelle vielleicht besser geeignet. Aber <strong>klanglich<\/strong> ist diese hier eben <strong>top<\/strong> \u2013 weil sie durch das feste verschrauben aller beweglichen Teile nirgendwo rappelt und <strong>Energie<\/strong> verschwendet. Das will ja auch keiner.<\/p>\n<p>Also immer sch\u00f6n <strong>den winzigen Inbus<\/strong> einpacken. Und jetzt alle <strong>mitsingen<\/strong>:<\/p>\n<h2 style=\"text-align: center;\"><strong>\u201dI&#8217;m a piccolo man<br \/>\nI&#8217;m a piccolo fan<br \/>\nWith my little thing<br \/>\nThere is no place I haven&#8217;t been!\u201d<\/strong><\/h2>\n<p>&nbsp;<\/p>\n<p><span class=\"embed-youtube\" style=\"text-align:center; display: block;\"><iframe loading=\"lazy\" class=\"youtube-player\" width=\"525\" height=\"296\" src=\"https:\/\/www.youtube.com\/embed\/KqGmrruiuCU?version=3&#038;rel=1&#038;showsearch=0&#038;showinfo=1&#038;iv_load_policy=1&#038;fs=1&#038;hl=de-DE&#038;autohide=2&#038;wmode=transparent\" allowfullscreen=\"true\" style=\"border:0;\" sandbox=\"allow-scripts allow-same-origin allow-popups allow-presentation allow-popups-to-escape-sandbox\"><\/iframe><\/span><\/p>\n<p>&nbsp;<\/p>\n<p>&nbsp;<\/p>\n<p>&nbsp;<\/p>\n<p>&nbsp;<\/p>\n<p>&nbsp;<\/p>\n<p>&nbsp;<\/p>\n","protected":false},"excerpt":{"rendered":"<p>\u201cWith\u00a0my little thing\u201d Wie im letzten Beitrag berichtet hat mein Bass Halsweh, was sich durch zunehmendes Scheppern an verschiedenen Stellen auf dem Griffbrett \u00e4u\u00dfert. Der Hals hat sich im Winter offensichtlich etwas gerade gezogen \u2013 Holz arbeitet eben. Das kann ja\u00a0auch so bleiben. Ein \u00a0total gerader Basshals wird ja von vielen als Idealform gesehen. Jeff &hellip; <\/p>\n<p class=\"link-more\"><a href=\"https:\/\/timschraubtbass.tim-stelzer.de\/?p=1323\" class=\"more-link\"><span class=\"screen-reader-text\">\u201e60 BR\u00dcCKENTAG\u201c <\/span>weiterlesen<\/a><\/p>\n","protected":false},"author":1,"featured_media":0,"comment_status":"open","ping_status":"open","sticky":false,"template":"","format":"standard","meta":{"jetpack_post_was_ever_published":false,"_jetpack_newsletter_access":"","_jetpack_dont_email_post_to_subs":false,"_jetpack_newsletter_tier_id":0,"_jetpack_memberships_contains_paywalled_content":false,"_jetpack_memberships_contains_paid_content":false,"footnotes":"","jetpack_publicize_message":"","jetpack_publicize_feature_enabled":true,"jetpack_social_post_already_shared":true,"jetpack_social_options":{"image_generator_settings":{"template":"highway","default_image_id":0,"font":"","enabled":false},"version":2}},"categories":[1],"tags":[],"class_list":["post-1323","post","type-post","status-publish","format-standard","hentry","category-allgemein"],"jetpack_publicize_connections":[],"jetpack_featured_media_url":"","jetpack_sharing_enabled":true,"jetpack_shortlink":"https:\/\/wp.me\/p8SMry-ll","jetpack-related-posts":[{"id":1151,"url":"https:\/\/timschraubtbass.tim-stelzer.de\/?p=1151","url_meta":{"origin":1323,"position":0},"title":"53 THE GOOD, THE BAD &#038; THE BEAUTIFUL BASS","author":"timschraubtbass","date":"17. Januar 2018","format":false,"excerpt":"Blick zur\u00fcck nach vorn. \u201dTim schraubt Bass\u201d ist jetzt ein gutes halbes Jahr online. Der Bass ist seit ein paar Monaten in einem Zustand, den man \u201dfertig\u201d nennen kann. Und er ist seitdem kontinuierlich im Einsatz, sowohl im (dann nicht so) stillen\u00a0K\u00e4mmerlein zu Hause als auch\u00a0bei den w\u00f6chentlichen Proben meiner\u2026","rel":"","context":"In &quot;Allgemein&quot;","block_context":{"text":"Allgemein","link":"https:\/\/timschraubtbass.tim-stelzer.de\/?cat=1"},"img":{"alt_text":"","src":"https:\/\/i0.wp.com\/tim-stelzer.de\/timschraubtbass\/wp-content\/uploads\/2018\/01\/IMG_1794-768x1024.jpg?resize=350%2C200","width":350,"height":200,"srcset":"https:\/\/i0.wp.com\/tim-stelzer.de\/timschraubtbass\/wp-content\/uploads\/2018\/01\/IMG_1794-768x1024.jpg?resize=350%2C200 1x, https:\/\/i0.wp.com\/tim-stelzer.de\/timschraubtbass\/wp-content\/uploads\/2018\/01\/IMG_1794-768x1024.jpg?resize=525%2C300 1.5x"},"classes":[]},{"id":1506,"url":"https:\/\/timschraubtbass.tim-stelzer.de\/?p=1506","url_meta":{"origin":1323,"position":1},"title":"71 WOW, WILFER! (Teil 2)","author":"timschraubtbass","date":"15. November 2018","format":false,"excerpt":"\u201dGeduld, \u00dcbung, Passion.\u201d Wie im letzten Beitrag ausf\u00fchrlich und im Detail erl\u00e4utert, hatte Warwick-Gr\u00fcnder und Bassbau-Legende Hans-Peter Wilfer zugesagt, mir ein paar Fragen zu beantworten. Aber die musste ich mir erstmal\u00a0\u00fcberlegen. Infos \u00fcber ihn und Interviews mit ihm gibt es ja bereits in H\u00fclle und F\u00fclle \u2013 seit Anfang der\u2026","rel":"","context":"In &quot;Allgemein&quot;","block_context":{"text":"Allgemein","link":"https:\/\/timschraubtbass.tim-stelzer.de\/?cat=1"},"img":{"alt_text":"","src":"https:\/\/i0.wp.com\/tim-stelzer.de\/timschraubtbass\/wp-content\/uploads\/2018\/11\/IMG_4478-1024x1024.jpg?resize=350%2C200","width":350,"height":200,"srcset":"https:\/\/i0.wp.com\/tim-stelzer.de\/timschraubtbass\/wp-content\/uploads\/2018\/11\/IMG_4478-1024x1024.jpg?resize=350%2C200 1x, https:\/\/i0.wp.com\/tim-stelzer.de\/timschraubtbass\/wp-content\/uploads\/2018\/11\/IMG_4478-1024x1024.jpg?resize=525%2C300 1.5x"},"classes":[]},{"id":861,"url":"https:\/\/timschraubtbass.tim-stelzer.de\/?p=861","url_meta":{"origin":1323,"position":2},"title":"39 IMMER B\u00c4SSER","author":"timschraubtbass","date":"29. September 2017","format":false,"excerpt":"Gef\u00fchlter Fortschritt OK, mit den Aufnahmen hat's noch keinen weiteren Fortschritt gegeben. Aber macht ja nix. Ich habe meinen neuen Bass trotzdem oft gespielt, auch bei den Proben meiner Band. Vom Spielgef\u00fchl & Sound war ich ja schon beim ersten Gig begeistert. Und, was soll ich sagen: Es wird immer\u2026","rel":"","context":"In &quot;Allgemein&quot;","block_context":{"text":"Allgemein","link":"https:\/\/timschraubtbass.tim-stelzer.de\/?cat=1"},"img":{"alt_text":"","src":"https:\/\/i0.wp.com\/tim-stelzer.de\/timschraubtbass\/wp-content\/uploads\/2017\/09\/IMG_1138-e1506694550590-770x1024.jpg?resize=350%2C200","width":350,"height":200,"srcset":"https:\/\/i0.wp.com\/tim-stelzer.de\/timschraubtbass\/wp-content\/uploads\/2017\/09\/IMG_1138-e1506694550590-770x1024.jpg?resize=350%2C200 1x, https:\/\/i0.wp.com\/tim-stelzer.de\/timschraubtbass\/wp-content\/uploads\/2017\/09\/IMG_1138-e1506694550590-770x1024.jpg?resize=525%2C300 1.5x"},"classes":[]},{"id":713,"url":"https:\/\/timschraubtbass.tim-stelzer.de\/?p=713","url_meta":{"origin":1323,"position":3},"title":"32 ANSPITZER","author":"timschraubtbass","date":"5. September 2017","format":false,"excerpt":"Alles muss runter Jetzt f\u00e4ngt der Part an, auf den ich mich am meisten gefreut habe: das Setup des Basses. Ich arbeite mich von au\u00dfen an dieses Thema ran \u2013 also erst Optik, dann Akustik. Der erste Schritt: Die Folie muss weg! Das Pickguard ist immer noch von einer transparenten\u2026","rel":"","context":"In &quot;Allgemein&quot;","block_context":{"text":"Allgemein","link":"https:\/\/timschraubtbass.tim-stelzer.de\/?cat=1"},"img":{"alt_text":"","src":"https:\/\/i0.wp.com\/tim-stelzer.de\/timschraubtbass\/wp-content\/uploads\/2017\/09\/IMG_0809-1024x768.jpg?resize=350%2C200","width":350,"height":200,"srcset":"https:\/\/i0.wp.com\/tim-stelzer.de\/timschraubtbass\/wp-content\/uploads\/2017\/09\/IMG_0809-1024x768.jpg?resize=350%2C200 1x, https:\/\/i0.wp.com\/tim-stelzer.de\/timschraubtbass\/wp-content\/uploads\/2017\/09\/IMG_0809-1024x768.jpg?resize=525%2C300 1.5x"},"classes":[]},{"id":425,"url":"https:\/\/timschraubtbass.tim-stelzer.de\/?p=425","url_meta":{"origin":1323,"position":4},"title":"13 WACHSENDE FREUDE","author":"timschraubtbass","date":"19. Juli 2017","format":false,"excerpt":"\u201dWax on, wax off\u201d Der zweite Auftrag Hart\u00f6l Spezial ist gut angetrocknet. Jetzt k\u00f6nnte ich eigentlich polieren. Aber dann erinnere ich mich an Ludger Heeke, der mir bei meinem Besuch in seinem Gesch\u00e4ft gesagt hatte, ich k\u00f6nne am Ende ruhig auch noch eine Schicht M\u00f6belwachs auftragen. Davon hatte ich ja\u2026","rel":"","context":"In &quot;Allgemein&quot;","block_context":{"text":"Allgemein","link":"https:\/\/timschraubtbass.tim-stelzer.de\/?cat=1"},"img":{"alt_text":"","src":"https:\/\/i0.wp.com\/tim-stelzer.de\/timschraubtbass\/wp-content\/uploads\/2017\/07\/IMG_9950-1024x768.jpg?resize=350%2C200","width":350,"height":200,"srcset":"https:\/\/i0.wp.com\/tim-stelzer.de\/timschraubtbass\/wp-content\/uploads\/2017\/07\/IMG_9950-1024x768.jpg?resize=350%2C200 1x, https:\/\/i0.wp.com\/tim-stelzer.de\/timschraubtbass\/wp-content\/uploads\/2017\/07\/IMG_9950-1024x768.jpg?resize=525%2C300 1.5x"},"classes":[]},{"id":478,"url":"https:\/\/timschraubtbass.tim-stelzer.de\/?p=478","url_meta":{"origin":1323,"position":5},"title":"16 HALS \u00dcBER KOPF","author":"timschraubtbass","date":"24. Juli 2017","format":false,"excerpt":"Stimmt so. Heute wird gebohrt! Die Bassmechaniken sollen an der Kopfplatte des wundersch\u00f6nen Basshalses befestig werden. Und der Basshals soll dabei wundersch\u00f6n bleiben. Denn er hat schon genug gelitten \u2013 was ich auch nicht verschweigen m\u00f6chte \u2026 Beim letzten Mal hatte ich das n\u00e4mlich glatt unterschlagen: Das Griffbrett war ja\u2026","rel":"","context":"In &quot;Allgemein&quot;","block_context":{"text":"Allgemein","link":"https:\/\/timschraubtbass.tim-stelzer.de\/?cat=1"},"img":{"alt_text":"","src":"https:\/\/i0.wp.com\/tim-stelzer.de\/timschraubtbass\/wp-content\/uploads\/2017\/07\/IMG_0006-768x1024.jpg?resize=350%2C200","width":350,"height":200,"srcset":"https:\/\/i0.wp.com\/tim-stelzer.de\/timschraubtbass\/wp-content\/uploads\/2017\/07\/IMG_0006-768x1024.jpg?resize=350%2C200 1x, https:\/\/i0.wp.com\/tim-stelzer.de\/timschraubtbass\/wp-content\/uploads\/2017\/07\/IMG_0006-768x1024.jpg?resize=525%2C300 1.5x"},"classes":[]}],"_links":{"self":[{"href":"https:\/\/timschraubtbass.tim-stelzer.de\/index.php?rest_route=\/wp\/v2\/posts\/1323","targetHints":{"allow":["GET"]}}],"collection":[{"href":"https:\/\/timschraubtbass.tim-stelzer.de\/index.php?rest_route=\/wp\/v2\/posts"}],"about":[{"href":"https:\/\/timschraubtbass.tim-stelzer.de\/index.php?rest_route=\/wp\/v2\/types\/post"}],"author":[{"embeddable":true,"href":"https:\/\/timschraubtbass.tim-stelzer.de\/index.php?rest_route=\/wp\/v2\/users\/1"}],"replies":[{"embeddable":true,"href":"https:\/\/timschraubtbass.tim-stelzer.de\/index.php?rest_route=%2Fwp%2Fv2%2Fcomments&post=1323"}],"version-history":[{"count":4,"href":"https:\/\/timschraubtbass.tim-stelzer.de\/index.php?rest_route=\/wp\/v2\/posts\/1323\/revisions"}],"predecessor-version":[{"id":1327,"href":"https:\/\/timschraubtbass.tim-stelzer.de\/index.php?rest_route=\/wp\/v2\/posts\/1323\/revisions\/1327"}],"wp:attachment":[{"href":"https:\/\/timschraubtbass.tim-stelzer.de\/index.php?rest_route=%2Fwp%2Fv2%2Fmedia&parent=1323"}],"wp:term":[{"taxonomy":"category","embeddable":true,"href":"https:\/\/timschraubtbass.tim-stelzer.de\/index.php?rest_route=%2Fwp%2Fv2%2Fcategories&post=1323"},{"taxonomy":"post_tag","embeddable":true,"href":"https:\/\/timschraubtbass.tim-stelzer.de\/index.php?rest_route=%2Fwp%2Fv2%2Ftags&post=1323"}],"curies":[{"name":"wp","href":"https:\/\/api.w.org\/{rel}","templated":true}]}}