{"id":1214,"date":"2018-02-04T21:15:38","date_gmt":"2018-02-04T20:15:38","guid":{"rendered":"http:\/\/tim-stelzer.de\/timschraubtbass\/?p=1214"},"modified":"2018-02-06T07:19:25","modified_gmt":"2018-02-06T06:19:25","slug":"56-bass-win-ich","status":"publish","type":"post","link":"https:\/\/timschraubtbass.tim-stelzer.de\/?p=1214","title":{"rendered":"56 BASS WIN ICH?"},"content":{"rendered":"<h1><strong>Tim schraubt Berlin, Teil 1: \u201dBass win ich?\u201d<\/strong><\/h1>\n<p><strong>Ich wache auf. Es ist Dienstag, der 30.1.2018, wie ich sp\u00e4ter feststelle. Viel sp\u00e4ter. Denn ich merke erstmal nur eins: Ich habe einen Kater Garfieldscher Ausma\u00dfe. Puh. Sch\u00f6n langsam jetzt. Wo bin ich? Ich wei\u00df es nicht. Sch\u00e4del dr\u00f6hnt, Mund klebt. Tief durchatmen.\u00a0Was? ist?? passiert???<\/strong><\/p>\n<p>Dann kommt die Erinnerung wieder, St\u00fcck f\u00fcr St\u00fcck: Kindheit in Wilhelmshaven. Abi 90. Zivi in Delmenhorst. Ja, so war das. Aber halt, da war doch noch mehr? Konzentration. Must &#8230; not &#8230; lose &#8230; conscience &#8230;<\/p>\n<p>Genau: Studium in M\u00fcnster, Berufseinstieg, Claudia, Hamburg, Selbst\u00e4ndigkeit, Hochzeit, ZweiKinderK\u00fccheBad in M\u00fcnster. Alles gut. OK. Augen auf. Da liegt ein Notizblock auf dem Nachttisch. Da steht \u201dNH Collection Berlin\u201d drauf. <strong>ICH BIN IN BERLIN?<\/strong> Ich hasse Berlin! Seit dem Studium! Oder etwa nicht? Aufgewacht in einer parallelen Zeitlinie?<\/p>\n<p>Dann lichtet sich der <strong>Nebel<\/strong> rund um meine restverschwipsten <strong>Synapsen<\/strong>. Nat\u00fcrlich. WIR sind in Berlin. Die ganze Familie. Gestern war <strong>Goldene Blogger-Preisverleihung<\/strong>. Und ich habe nicht gewonnen. Was irgendwie schade, aber irgendwie auch <strong>gar nicht schlimm<\/strong> war. Denn es war alles total <strong>spannend<\/strong>. Und es hat <strong>Spa\u00df<\/strong> gemacht. Und dann war da pl\u00f6tzlich <strong>jede Menge Bier, Currywurst und Mett<\/strong>. Hey! Reicht doch f\u00fcr einen gelungenen Abend, oder?<\/p>\n<p><strong>Aber sch\u00f6n der Reihe nach. Die Geschichte ging ja schon etwas fr\u00fcher los.<\/strong><\/p>\n<p>Au\u00dferdem bin ich sp\u00e4t dran mit meinem Bericht. Einige haben da schon Gro\u00dfes geleistet und sehr sch\u00f6n \u00fcber <strong>ihre pers\u00f6nliche Goldene Blogger-Erfahrung<\/strong> geschrieben. Zum Beispiel <a href=\"http:\/\/www.indiskretionehrensache.de\/2018\/01\/goldene-blogger-2017-sieger\/\">Thomas Kn\u00fcwer<\/a>, <a href=\"https:\/\/gartenbaukunst.wordpress.com\/2018\/02\/01\/du-musst-dein-leben-aendern-der-goldene-blogger-award\/\">Gartenbaukunst<\/a>, <a href=\"http:\/\/www.kunecoco.de\/2018\/02\/die-goldenen-blogger-2017.html\">KuneCoco<\/a>, der <a href=\"https:\/\/kinderdok.blog\/2018\/01\/30\/goldiges-wochenende\/\">Kinderdok<\/a> und die <a href=\"https:\/\/notaufnahmeschwester.wordpress.com\/2018\/02\/01\/per-aspera-ad-astra\/\">Notaufnahmeschwester<\/a> \u2013 um nur einige zu nennen (die mir besonders gut gefallen haben).<\/p>\n<h2><strong>Jetzt geht&#8217;s also los \u2013 mit einer dreisten L\u00fcge:<\/strong><\/h2>\n<p><a href=\"http:\/\/tim-stelzer.de\/timschraubtbass\/wp-content\/uploads\/2018\/02\/IMG_1841.jpg\"><img loading=\"lazy\" decoding=\"async\" data-attachment-id=\"1226\" data-permalink=\"https:\/\/timschraubtbass.tim-stelzer.de\/?attachment_id=1226\" data-orig-file=\"https:\/\/timschraubtbass.tim-stelzer.de\/wp-content\/uploads\/2018\/02\/IMG_1841.jpg\" data-orig-size=\"1210,907\" data-comments-opened=\"1\" data-image-meta=\"{&quot;aperture&quot;:&quot;1.8&quot;,&quot;credit&quot;:&quot;&quot;,&quot;camera&quot;:&quot;iPhone 8&quot;,&quot;caption&quot;:&quot;&quot;,&quot;created_timestamp&quot;:&quot;1517063191&quot;,&quot;copyright&quot;:&quot;&quot;,&quot;focal_length&quot;:&quot;3.99&quot;,&quot;iso&quot;:&quot;20&quot;,&quot;shutter_speed&quot;:&quot;0.0099009900990099&quot;,&quot;title&quot;:&quot;&quot;,&quot;orientation&quot;:&quot;1&quot;}\" data-image-title=\"IMG_1841\" data-image-description=\"\" data-image-caption=\"\" data-large-file=\"https:\/\/timschraubtbass.tim-stelzer.de\/wp-content\/uploads\/2018\/02\/IMG_1841-1024x768.jpg\" src=\"http:\/\/tim-stelzer.de\/timschraubtbass\/wp-content\/uploads\/2018\/02\/IMG_1841-1024x768.jpg\" class=\"alignnone size-large wp-image-1226\" width=\"525\" height=\"394\" alt=\"\" srcset=\"https:\/\/timschraubtbass.tim-stelzer.de\/wp-content\/uploads\/2018\/02\/IMG_1841-1024x768.jpg 1024w, https:\/\/timschraubtbass.tim-stelzer.de\/wp-content\/uploads\/2018\/02\/IMG_1841-300x225.jpg 300w, https:\/\/timschraubtbass.tim-stelzer.de\/wp-content\/uploads\/2018\/02\/IMG_1841-768x576.jpg 768w, https:\/\/timschraubtbass.tim-stelzer.de\/wp-content\/uploads\/2018\/02\/IMG_1841.jpg 1210w\" sizes=\"auto, (max-width: 525px) 100vw, 525px\" \/><\/a><\/p>\n<p>Ich hatte lange ein <strong>Problem mit Berlin<\/strong>. Denn Anfang der 90er sind da <strong>alle<\/strong> hingezogen und <strong>schw\u00e4rmten<\/strong> von der Stadt. <strong>Ich nicht<\/strong>. Dann sind wir im Herbst 2014 mit der ganzen Familie eine Woche lang in Berlin gewesen \u2013 und es hat mir gefallen. Sogar <strong>ganz gut<\/strong>. Man wird halt \u00e4lter und toleranter.<\/p>\n<p>Als dann im <strong>Dezember<\/strong> 2017 klar war, dass \u201dTim schraubt Bass\u201d als \u201dDIY-Blog des Jahres\u201d f\u00fcr den Goldenen Blogger-Award 2017 nominiert ist, gingen unsere <strong>Planungen<\/strong> los. Aus verschiedenen logistischen Gr\u00fcnden war die beste L\u00f6sung, einen <strong>Kurzurlaub mit der ganzen Familie<\/strong> daraus zu machen. Wir haben die Kinder <strong>offiziell von der Schule beurlauben lassen<\/strong> \u2013 das ging gl\u00fccklicherweise reibungslos. Und das war auch gut so, wie sich sp\u00e4ter heraus stellte.<\/p>\n<p>Also reisten wir schon am 27. Januar 2018 mit dem Zug nach Berlin und hatten dort eine sehr, sehr sch\u00f6ne Zeit als Familie. Da wir 2014 schon die meisten \u00fcblichen Highlights abgeklappert hatten, konnten wir uns ein bisschen treiben lassen. <strong>Das war wirklich sch\u00f6n!<\/strong><\/p>\n<p>Und das Wetter spielte prima mit:<\/p>\n<p><a href=\"http:\/\/tim-stelzer.de\/timschraubtbass\/wp-content\/uploads\/2018\/02\/IMG_1848.jpg\"><img loading=\"lazy\" decoding=\"async\" data-attachment-id=\"1227\" data-permalink=\"https:\/\/timschraubtbass.tim-stelzer.de\/?attachment_id=1227\" data-orig-file=\"https:\/\/timschraubtbass.tim-stelzer.de\/wp-content\/uploads\/2018\/02\/IMG_1848.jpg\" data-orig-size=\"907,1210\" data-comments-opened=\"1\" data-image-meta=\"{&quot;aperture&quot;:&quot;1.8&quot;,&quot;credit&quot;:&quot;&quot;,&quot;camera&quot;:&quot;iPhone 8&quot;,&quot;caption&quot;:&quot;&quot;,&quot;created_timestamp&quot;:&quot;1517064802&quot;,&quot;copyright&quot;:&quot;&quot;,&quot;focal_length&quot;:&quot;3.99&quot;,&quot;iso&quot;:&quot;20&quot;,&quot;shutter_speed&quot;:&quot;0.0011248593925759&quot;,&quot;title&quot;:&quot;&quot;,&quot;orientation&quot;:&quot;1&quot;}\" data-image-title=\"IMG_1848\" data-image-description=\"\" data-image-caption=\"\" data-large-file=\"https:\/\/timschraubtbass.tim-stelzer.de\/wp-content\/uploads\/2018\/02\/IMG_1848-768x1024.jpg\" src=\"http:\/\/tim-stelzer.de\/timschraubtbass\/wp-content\/uploads\/2018\/02\/IMG_1848-768x1024.jpg\" class=\"alignnone wp-image-1227 size-large\" width=\"525\" height=\"700\" alt=\"\" srcset=\"https:\/\/timschraubtbass.tim-stelzer.de\/wp-content\/uploads\/2018\/02\/IMG_1848-768x1024.jpg 768w, https:\/\/timschraubtbass.tim-stelzer.de\/wp-content\/uploads\/2018\/02\/IMG_1848-225x300.jpg 225w, https:\/\/timschraubtbass.tim-stelzer.de\/wp-content\/uploads\/2018\/02\/IMG_1848.jpg 907w\" sizes=\"auto, (max-width: 525px) 100vw, 525px\" \/><\/a><a href=\"http:\/\/tim-stelzer.de\/timschraubtbass\/wp-content\/uploads\/2018\/02\/IMG_1852.jpg\"><img loading=\"lazy\" decoding=\"async\" data-attachment-id=\"1228\" data-permalink=\"https:\/\/timschraubtbass.tim-stelzer.de\/?attachment_id=1228\" data-orig-file=\"https:\/\/timschraubtbass.tim-stelzer.de\/wp-content\/uploads\/2018\/02\/IMG_1852.jpg\" data-orig-size=\"907,1210\" data-comments-opened=\"1\" data-image-meta=\"{&quot;aperture&quot;:&quot;1.8&quot;,&quot;credit&quot;:&quot;&quot;,&quot;camera&quot;:&quot;iPhone 8&quot;,&quot;caption&quot;:&quot;&quot;,&quot;created_timestamp&quot;:&quot;1517066513&quot;,&quot;copyright&quot;:&quot;&quot;,&quot;focal_length&quot;:&quot;3.99&quot;,&quot;iso&quot;:&quot;20&quot;,&quot;shutter_speed&quot;:&quot;0.002&quot;,&quot;title&quot;:&quot;&quot;,&quot;orientation&quot;:&quot;1&quot;}\" data-image-title=\"IMG_1852\" data-image-description=\"\" data-image-caption=\"\" data-large-file=\"https:\/\/timschraubtbass.tim-stelzer.de\/wp-content\/uploads\/2018\/02\/IMG_1852-768x1024.jpg\" src=\"http:\/\/tim-stelzer.de\/timschraubtbass\/wp-content\/uploads\/2018\/02\/IMG_1852-768x1024.jpg\" class=\"alignnone wp-image-1228 size-large\" width=\"525\" height=\"700\" alt=\"\" srcset=\"https:\/\/timschraubtbass.tim-stelzer.de\/wp-content\/uploads\/2018\/02\/IMG_1852-768x1024.jpg 768w, https:\/\/timschraubtbass.tim-stelzer.de\/wp-content\/uploads\/2018\/02\/IMG_1852-225x300.jpg 225w, https:\/\/timschraubtbass.tim-stelzer.de\/wp-content\/uploads\/2018\/02\/IMG_1852.jpg 907w\" sizes=\"auto, (max-width: 525px) 100vw, 525px\" \/><\/a><\/p>\n<p>Wir haben sehr gut gegessen, viel gesehen und <strong>f\u00fchlten uns ziemlich wohl<\/strong> fernab des Alltags. Allein aufgrund dieses langen Berlin-Wochenendes war ich also schon <strong>froh und gl\u00fccklich \u00fcber die Nominierung<\/strong>, ohne die wir diese Reise nicht gemacht h\u00e4tten.<\/p>\n<p>Aber hier geht&#8217;s ja um <strong>\u201dTim schraubt Bass\u201d<\/strong>. Ich klappe das Familienfotoalbum wieder zu (und \u00fcberlasse das <strong>Familienbloggen<\/strong> gerne anderen, die das auch <a href=\"https:\/\/www.muenstermama.de\">viel<\/a>, <a href=\"https:\/\/familiert.de\">viel<\/a>, <a href=\"https:\/\/www.mannpluskind.de\">viel<\/a> besser machen). \ud83d\ude09<\/p>\n<p>Unser Besuch im <strong><a href=\"http:\/\/www.hardrock.com\/cafes\/berlin\/\">Hard Rock Caf\u00e9 Berlin<\/a><\/strong> f\u00fchrt mich auch gleich zu meinem Thema zur\u00fcck:<\/p>\n<blockquote class=\"twitter-tweet\" data-width=\"525\" data-dnt=\"true\">\n<p lang=\"de\" dir=\"ltr\">Tim schaut Bass: Sightseeing in Berlin, 26 Stunden vor der <a href=\"https:\/\/twitter.com\/hashtag\/GoldeneBlogger?src=hash&amp;ref_src=twsrc%5Etfw\">#GoldeneBlogger<\/a>-Gala \u2014 <a href=\"https:\/\/twitter.com\/hashtag\/timschraubtbass?src=hash&amp;ref_src=twsrc%5Etfw\">#timschraubtbass<\/a> zollt seinem ersten Bass-Idol Respekt! <a href=\"https:\/\/t.co\/SkPU3TfeE9\">pic.twitter.com\/SkPU3TfeE9<\/a><\/p>\n<p>&mdash; Tim Stelzer (@TexterTim) <a href=\"https:\/\/twitter.com\/TexterTim\/status\/957643526317199360?ref_src=twsrc%5Etfw\">January 28, 2018<\/a><\/p><\/blockquote>\n<p><script async src=\"https:\/\/platform.twitter.com\/widgets.js\" charset=\"utf-8\"><\/script><\/p>\n<p>Nach zwei N\u00e4chten in einem Hotel am Anhalter-Bahnhof zogen wir dann am Montagvormittag ins Familienzimmer im <a href=\"https:\/\/www.nh-collection.com\/hotel\/nh-collection-berlin-mitte-friedrichstrasse\">Goldene Blogger-Hotel<\/a> um.<\/p>\n<p><strong>Wow! Sch\u00f6nes Hotel!<\/strong><\/p>\n<p>Und es wurde langsam ernst \u2013 die Preisverleihung r\u00fcckte immer n\u00e4her. Ich wurde dann doch auch etwas nerv\u00f6s.<\/p>\n<blockquote class=\"twitter-tweet\" data-width=\"525\" data-dnt=\"true\">\n<p lang=\"de\" dir=\"ltr\"><a href=\"https:\/\/twitter.com\/hashtag\/GoldeneBlogger?src=hash&amp;ref_src=twsrc%5Etfw\">#GoldeneBlogger<\/a>-Preisverleihung heute abend, bin so aufgeregt. Vielleicht lenkt shoppen ab? &#8230; Oh je. <a href=\"https:\/\/t.co\/heGpkXvNg2\">pic.twitter.com\/heGpkXvNg2<\/a><\/p>\n<p>&mdash; Tim Stelzer (@TexterTim) <a href=\"https:\/\/twitter.com\/TexterTim\/status\/957993081361649666?ref_src=twsrc%5Etfw\">January 29, 2018<\/a><\/p><\/blockquote>\n<p><script async src=\"https:\/\/platform.twitter.com\/widgets.js\" charset=\"utf-8\"><\/script><\/p>\n<p>Schlie\u00dflich zog ich mich um und ging r\u00fcber zum \u201dMeet &amp; Greet\u201d, zu dem alle Nominierten vor der eigentlichen Verleihung eingeladen waren. Allein. Die Familie sollte dann sp\u00e4ter nachkommen, wenn die \u00f6ffentliche Veranstaltung im Telefonica Basecamp losging.<\/p>\n<h2><strong><em>Im n\u00e4chsten Teil von \u201dTim schraubt Berlin\u201d: Wie ich mir gleich bei der Begr\u00fc\u00dfung im Basecamp geschickt selbst ein Bein stelle und ins Schwitzen komme, dann gl\u00fccklicherweise sehr nette Menschen kennen lerne \u2013 und bei der Preisverleihung (Achtung, Spoiler!) NICHT den Preis gewinne. Und trotzdem irgendwie sehr gl\u00fccklich bin. Stay tuned!<\/em><\/strong><\/h2>\n","protected":false},"excerpt":{"rendered":"<p>Tim schraubt Berlin, Teil 1: \u201dBass win ich?\u201d Ich wache auf. Es ist Dienstag, der 30.1.2018, wie ich sp\u00e4ter feststelle. Viel sp\u00e4ter. Denn ich merke erstmal nur eins: Ich habe einen Kater Garfieldscher Ausma\u00dfe. Puh. Sch\u00f6n langsam jetzt. Wo bin ich? Ich wei\u00df es nicht. Sch\u00e4del dr\u00f6hnt, Mund klebt. Tief durchatmen.\u00a0Was? ist?? passiert??? Dann kommt &hellip; <\/p>\n<p class=\"link-more\"><a href=\"https:\/\/timschraubtbass.tim-stelzer.de\/?p=1214\" class=\"more-link\"><span class=\"screen-reader-text\">\u201e56 BASS WIN ICH?\u201c <\/span>weiterlesen<\/a><\/p>\n","protected":false},"author":1,"featured_media":0,"comment_status":"open","ping_status":"open","sticky":false,"template":"","format":"standard","meta":{"jetpack_post_was_ever_published":false,"_jetpack_newsletter_access":"","_jetpack_dont_email_post_to_subs":false,"_jetpack_newsletter_tier_id":0,"_jetpack_memberships_contains_paywalled_content":false,"_jetpack_memberships_contains_paid_content":false,"footnotes":"","jetpack_publicize_message":"","jetpack_publicize_feature_enabled":true,"jetpack_social_post_already_shared":true,"jetpack_social_options":{"image_generator_settings":{"template":"highway","default_image_id":0,"font":"","enabled":false},"version":2}},"categories":[1],"tags":[],"class_list":["post-1214","post","type-post","status-publish","format-standard","hentry","category-allgemein"],"jetpack_publicize_connections":[],"jetpack_featured_media_url":"","jetpack_sharing_enabled":true,"jetpack_shortlink":"https:\/\/wp.me\/p8SMry-jA","jetpack-related-posts":[{"id":2295,"url":"https:\/\/timschraubtbass.tim-stelzer.de\/?p=2295","url_meta":{"origin":1214,"position":0},"title":"83 KELLERMANN","author":"timschraubtbass","date":"29. November 2019","format":false,"excerpt":"Musik f\u00fcr Harald. Auf Haralds Bass gespielt. Es ist jetzt fast eineinhalb Jahre her, dass mein guter Freund Harald gestorben ist. Ich hatte hier im letzten Jahr bereits ausf\u00fchrlich dar\u00fcber geschrieben. Jetzt habe ich ein Bass-Solo-St\u00fcck aufgenommen, das seinen Namen tr\u00e4gt \u2013 und das ich auf dem Bass eingespielt habe,\u2026","rel":"","context":"In &quot;Allgemein&quot;","block_context":{"text":"Allgemein","link":"https:\/\/timschraubtbass.tim-stelzer.de\/?cat=1"},"img":{"alt_text":"","src":"https:\/\/i0.wp.com\/timschraubtbass.tim-stelzer.de\/wp-content\/uploads\/2018\/07\/IMG_3240.jpg?resize=350%2C200&ssl=1","width":350,"height":200,"srcset":"https:\/\/i0.wp.com\/timschraubtbass.tim-stelzer.de\/wp-content\/uploads\/2018\/07\/IMG_3240.jpg?resize=350%2C200&ssl=1 1x, https:\/\/i0.wp.com\/timschraubtbass.tim-stelzer.de\/wp-content\/uploads\/2018\/07\/IMG_3240.jpg?resize=525%2C300&ssl=1 1.5x, https:\/\/i0.wp.com\/timschraubtbass.tim-stelzer.de\/wp-content\/uploads\/2018\/07\/IMG_3240.jpg?resize=700%2C400&ssl=1 2x, https:\/\/i0.wp.com\/timschraubtbass.tim-stelzer.de\/wp-content\/uploads\/2018\/07\/IMG_3240.jpg?resize=1050%2C600&ssl=1 3x"},"classes":[]},{"id":2028,"url":"https:\/\/timschraubtbass.tim-stelzer.de\/?p=2028","url_meta":{"origin":1214,"position":1},"title":"74 BASS LIVE","author":"timschraubtbass","date":"20. Februar 2019","format":false,"excerpt":"\u201dIch kann dir nicht sagen, wie gut ich mich gerade f\u00fchle \u2026\u201d Mein Bassblog-Hobby kommt gerade etwas kurz, aber aus Gr\u00fcnden. Neben mehreren gr\u00f6\u00dferen beruflichen Projekten war ich in letzter Zeit auch mit meiner Band DIE BERATER ziemlich aktiv \u2013 zwei Auftritte innerhalb einer Woche, das ist f\u00fcr uns viel.\u2026","rel":"","context":"In &quot;Allgemein&quot;","block_context":{"text":"Allgemein","link":"https:\/\/timschraubtbass.tim-stelzer.de\/?cat=1"},"img":{"alt_text":"","src":"https:\/\/i0.wp.com\/timschraubtbass.tim-stelzer.de\/wp-content\/uploads\/2019\/02\/IMG_3975.jpeg?resize=350%2C200&ssl=1","width":350,"height":200,"srcset":"https:\/\/i0.wp.com\/timschraubtbass.tim-stelzer.de\/wp-content\/uploads\/2019\/02\/IMG_3975.jpeg?resize=350%2C200&ssl=1 1x, https:\/\/i0.wp.com\/timschraubtbass.tim-stelzer.de\/wp-content\/uploads\/2019\/02\/IMG_3975.jpeg?resize=525%2C300&ssl=1 1.5x, https:\/\/i0.wp.com\/timschraubtbass.tim-stelzer.de\/wp-content\/uploads\/2019\/02\/IMG_3975.jpeg?resize=700%2C400&ssl=1 2x, https:\/\/i0.wp.com\/timschraubtbass.tim-stelzer.de\/wp-content\/uploads\/2019\/02\/IMG_3975.jpeg?resize=1050%2C600&ssl=1 3x, https:\/\/i0.wp.com\/timschraubtbass.tim-stelzer.de\/wp-content\/uploads\/2019\/02\/IMG_3975.jpeg?resize=1400%2C800&ssl=1 4x"},"classes":[]},{"id":2957,"url":"https:\/\/timschraubtbass.tim-stelzer.de\/?p=2957","url_meta":{"origin":1214,"position":2},"title":"97 TIME AFTER TIME","author":"timschraubtbass","date":"30. November 2022","format":false,"excerpt":"Die Geschichte(n) mit Chet Vor \u00fcber einem halben Jahr habe ich ein Konzert besucht \u2013 so ziemlich das erste, bei dem ich seit Ausbruch der Pandemie war. Und da sich daraus nicht nur eine sehr sch\u00f6ne Bass-Begegnung, sondern auch (mindestens) eine erz\u00e4hlenswerte Geschichte ergab, will ich diese nun endlich mal\u2026","rel":"","context":"In &quot;Allgemein&quot;","block_context":{"text":"Allgemein","link":"https:\/\/timschraubtbass.tim-stelzer.de\/?cat=1"},"img":{"alt_text":"","src":"https:\/\/i0.wp.com\/timschraubtbass.tim-stelzer.de\/wp-content\/uploads\/2022\/11\/3dcbb18b05ea9f28a4244ffdf4bd5f5313d5d80a7a32053fe697f67003c1ae3d.jpg?resize=350%2C200&ssl=1","width":350,"height":200,"srcset":"https:\/\/i0.wp.com\/timschraubtbass.tim-stelzer.de\/wp-content\/uploads\/2022\/11\/3dcbb18b05ea9f28a4244ffdf4bd5f5313d5d80a7a32053fe697f67003c1ae3d.jpg?resize=350%2C200&ssl=1 1x, https:\/\/i0.wp.com\/timschraubtbass.tim-stelzer.de\/wp-content\/uploads\/2022\/11\/3dcbb18b05ea9f28a4244ffdf4bd5f5313d5d80a7a32053fe697f67003c1ae3d.jpg?resize=525%2C300&ssl=1 1.5x, https:\/\/i0.wp.com\/timschraubtbass.tim-stelzer.de\/wp-content\/uploads\/2022\/11\/3dcbb18b05ea9f28a4244ffdf4bd5f5313d5d80a7a32053fe697f67003c1ae3d.jpg?resize=700%2C400&ssl=1 2x, https:\/\/i0.wp.com\/timschraubtbass.tim-stelzer.de\/wp-content\/uploads\/2022\/11\/3dcbb18b05ea9f28a4244ffdf4bd5f5313d5d80a7a32053fe697f67003c1ae3d.jpg?resize=1050%2C600&ssl=1 3x, https:\/\/i0.wp.com\/timschraubtbass.tim-stelzer.de\/wp-content\/uploads\/2022\/11\/3dcbb18b05ea9f28a4244ffdf4bd5f5313d5d80a7a32053fe697f67003c1ae3d.jpg?resize=1400%2C800&ssl=1 4x"},"classes":[]},{"id":1384,"url":"https:\/\/timschraubtbass.tim-stelzer.de\/?p=1384","url_meta":{"origin":1214,"position":3},"title":"65 DAS VERDAMMTE KLEINE \u201de\u201d","author":"timschraubtbass","date":"29. Juli 2018","format":false,"excerpt":"Abschied von Harald.An meiner Wand h\u00e4ngt ein neuer E-Bass. Nein. Er ist\u00a0nicht neu \u2013 er geh\u00f6rt meinem Freund Harald Kellermann. Nein. Er geh\u00f6rte Harald. Ich schaue auf den E-Bass, es ist ein sehr sch\u00f6ner Fender Jazz Bass, aber ich sehe nur dieses kleine \u201de\u201d, das aus \u201dgeh\u00f6rt\u201d einfach \u201dgeh\u00f6rte\u201d gemacht\u2026","rel":"","context":"In &quot;Allgemein&quot;","block_context":{"text":"Allgemein","link":"https:\/\/timschraubtbass.tim-stelzer.de\/?cat=1"},"img":{"alt_text":"","src":"https:\/\/i0.wp.com\/tim-stelzer.de\/timschraubtbass\/wp-content\/uploads\/2018\/07\/Tim-und-Claudia-150-744x1024.jpg?resize=350%2C200","width":350,"height":200,"srcset":"https:\/\/i0.wp.com\/tim-stelzer.de\/timschraubtbass\/wp-content\/uploads\/2018\/07\/Tim-und-Claudia-150-744x1024.jpg?resize=350%2C200 1x, https:\/\/i0.wp.com\/tim-stelzer.de\/timschraubtbass\/wp-content\/uploads\/2018\/07\/Tim-und-Claudia-150-744x1024.jpg?resize=525%2C300 1.5x"},"classes":[]},{"id":1264,"url":"https:\/\/timschraubtbass.tim-stelzer.de\/?p=1264","url_meta":{"origin":1214,"position":4},"title":"57 DA BAUT SICH WAS. ZUSAMMEN.","author":"timschraubtbass","date":"8. Februar 2018","format":false,"excerpt":"\u201dTim schraubt Berlin\u201d, Teil 2: Da baut sich was. Zusammen. Es ist Montagabend, 29. Januar 2018, genau 17:30 Uhr. Ich stehe an der T\u00fcr mit der Adresse \u201dUnter den Linden 26\u201d in Berlin. Hier sollte ich mich einfinden, wie alle anderen Goldene Blogger-Nominierten auch, um an einem \u201dMeet &\u00a0Greet\u201d teilzunehmen.\u2026","rel":"","context":"In &quot;Allgemein&quot;","block_context":{"text":"Allgemein","link":"https:\/\/timschraubtbass.tim-stelzer.de\/?cat=1"},"img":{"alt_text":"","src":"https:\/\/i0.wp.com\/tim-stelzer.de\/timschraubtbass\/wp-content\/uploads\/2018\/02\/giphy-downsized.gif?resize=350%2C200","width":350,"height":200},"classes":[]},{"id":91,"url":"https:\/\/timschraubtbass.tim-stelzer.de\/?p=91","url_meta":{"origin":1214,"position":5},"title":"07 WORDS OF WISDOM","author":"timschraubtbass","date":"11. Juli 2017","format":false,"excerpt":"HI-HI-HILFE! So besonders originell ist mein Bassbauprojekt ja nicht. Ich befinde mich damit in durchaus vielf\u00e4ltiger und guter Gesellschaft. Au\u00dferdem gibt es auch in M\u00fcnster Profis, die sich mit sowas auskennen. Online gibt es zum Beispiel das Forum GitarreBassBau.de \u2013 mit einem eigenen Forum zum Thema E-B\u00e4sse. Da kann man\u2026","rel":"","context":"In &quot;Allgemein&quot;","block_context":{"text":"Allgemein","link":"https:\/\/timschraubtbass.tim-stelzer.de\/?cat=1"},"img":{"alt_text":"","src":"https:\/\/i0.wp.com\/img.youtube.com\/vi\/ARJ8cAGm6JE\/0.jpg?resize=350%2C200","width":350,"height":200},"classes":[]}],"_links":{"self":[{"href":"https:\/\/timschraubtbass.tim-stelzer.de\/index.php?rest_route=\/wp\/v2\/posts\/1214","targetHints":{"allow":["GET"]}}],"collection":[{"href":"https:\/\/timschraubtbass.tim-stelzer.de\/index.php?rest_route=\/wp\/v2\/posts"}],"about":[{"href":"https:\/\/timschraubtbass.tim-stelzer.de\/index.php?rest_route=\/wp\/v2\/types\/post"}],"author":[{"embeddable":true,"href":"https:\/\/timschraubtbass.tim-stelzer.de\/index.php?rest_route=\/wp\/v2\/users\/1"}],"replies":[{"embeddable":true,"href":"https:\/\/timschraubtbass.tim-stelzer.de\/index.php?rest_route=%2Fwp%2Fv2%2Fcomments&post=1214"}],"version-history":[{"count":28,"href":"https:\/\/timschraubtbass.tim-stelzer.de\/index.php?rest_route=\/wp\/v2\/posts\/1214\/revisions"}],"predecessor-version":[{"id":1263,"href":"https:\/\/timschraubtbass.tim-stelzer.de\/index.php?rest_route=\/wp\/v2\/posts\/1214\/revisions\/1263"}],"wp:attachment":[{"href":"https:\/\/timschraubtbass.tim-stelzer.de\/index.php?rest_route=%2Fwp%2Fv2%2Fmedia&parent=1214"}],"wp:term":[{"taxonomy":"category","embeddable":true,"href":"https:\/\/timschraubtbass.tim-stelzer.de\/index.php?rest_route=%2Fwp%2Fv2%2Fcategories&post=1214"},{"taxonomy":"post_tag","embeddable":true,"href":"https:\/\/timschraubtbass.tim-stelzer.de\/index.php?rest_route=%2Fwp%2Fv2%2Ftags&post=1214"}],"curies":[{"name":"wp","href":"https:\/\/api.w.org\/{rel}","templated":true}]}}