{"id":1108,"date":"2018-01-09T08:58:24","date_gmt":"2018-01-09T07:58:24","guid":{"rendered":"http:\/\/tim-stelzer.de\/timschraubtbass\/?p=1108"},"modified":"2018-01-09T08:58:24","modified_gmt":"2018-01-09T07:58:24","slug":"52-vorsaetzliche-taten","status":"publish","type":"post","link":"https:\/\/timschraubtbass.tim-stelzer.de\/?p=1108","title":{"rendered":"52 VORS\u00c4TZLICHE TATEN"},"content":{"rendered":"<h1><strong>Schraub on.<\/strong><\/h1>\n<p><strong>Ich will weiter Schrauben. Nein, das ist kein Vorsatz, das ist eine Erkenntnis aus dem halben Jahr, das \u201dTim schraubt Bass\u201d jetzt online ist. Die gro\u00dfe Zeit der R\u00fcckblicke habe ich knapp\u00a0<\/strong><b>verpasst \u2013 also schaue ich heute lieber in die Zukunft meines Projekts.*<\/b><\/p>\n<p>Mein Besuch der <strong>Musikmesse<\/strong> bei Musik Produktiv, \u00fcber den ich <a href=\"http:\/\/tim-stelzer.de\/timschraubtbass\/?p=939\">hier<\/a>, <a href=\"http:\/\/tim-stelzer.de\/timschraubtbass\/?p=987\">hier<\/a> und <a href=\"http:\/\/tim-stelzer.de\/timschraubtbass\/?p=1059\">hier<\/a> berichtet hatte, brachte mich etwas ins <strong>Gr\u00fcbeln<\/strong>. Umgeben von all diesen tollen Instrumenten und vor allem nach dem Testen der wunderbaren Marleaux-B\u00e4sse tauchten doch etwas <strong>Zweifel an meinem Schraub-Projekt<\/strong> auf. War das sinnvoll investierte Zeit? H\u00e4tte ich das Geld lieber f\u00fcr einen \u201drichtigen\u201d, von einem Profi gebauten Bass ausgeben sollen? Warum nicht gleich vor Ort zuschlagen und einen dieser tollen Messeb\u00e4sse mitnehmen?<\/p>\n<p><strong>Nix da.<\/strong> Die Zweifel gingen im Messel\u00e4rm unter. Und hatte nicht zuletzt sogar Gerald Marleaux sich wohlwollend zu meinem Schraubprojekt (und einem Foto meines Basses) ge\u00e4u\u00dfert?<\/p>\n<p>Also kaufte ich nur etwas mit einem gewissen <strong>Symbolcharakter<\/strong> (und vielleicht auch praktischem Nutzen):<\/p>\n<p><a href=\"http:\/\/tim-stelzer.de\/timschraubtbass\/wp-content\/uploads\/2017\/12\/IMG_1462.jpg\"><img loading=\"lazy\" decoding=\"async\" data-attachment-id=\"1061\" data-permalink=\"https:\/\/timschraubtbass.tim-stelzer.de\/?attachment_id=1061\" data-orig-file=\"https:\/\/timschraubtbass.tim-stelzer.de\/wp-content\/uploads\/2017\/12\/IMG_1462.jpg\" data-orig-size=\"3024,3024\" data-comments-opened=\"1\" data-image-meta=\"{&quot;aperture&quot;:&quot;2.2&quot;,&quot;credit&quot;:&quot;&quot;,&quot;camera&quot;:&quot;iPhone 6s&quot;,&quot;caption&quot;:&quot;&quot;,&quot;created_timestamp&quot;:&quot;1512995104&quot;,&quot;copyright&quot;:&quot;&quot;,&quot;focal_length&quot;:&quot;4.15&quot;,&quot;iso&quot;:&quot;64&quot;,&quot;shutter_speed&quot;:&quot;0.03030303030303&quot;,&quot;title&quot;:&quot;&quot;,&quot;orientation&quot;:&quot;0&quot;}\" data-image-title=\"IMG_1462\" data-image-description=\"\" data-image-caption=\"\" data-large-file=\"https:\/\/timschraubtbass.tim-stelzer.de\/wp-content\/uploads\/2017\/12\/IMG_1462-1024x1024.jpg\" class=\"alignnone size-large wp-image-1061\" src=\"http:\/\/tim-stelzer.de\/timschraubtbass\/wp-content\/uploads\/2017\/12\/IMG_1462-1024x1024.jpg\" alt=\"\" width=\"525\" height=\"525\" srcset=\"https:\/\/timschraubtbass.tim-stelzer.de\/wp-content\/uploads\/2017\/12\/IMG_1462-1024x1024.jpg 1024w, https:\/\/timschraubtbass.tim-stelzer.de\/wp-content\/uploads\/2017\/12\/IMG_1462-150x150.jpg 150w, https:\/\/timschraubtbass.tim-stelzer.de\/wp-content\/uploads\/2017\/12\/IMG_1462-300x300.jpg 300w, https:\/\/timschraubtbass.tim-stelzer.de\/wp-content\/uploads\/2017\/12\/IMG_1462-768x768.jpg 768w, https:\/\/timschraubtbass.tim-stelzer.de\/wp-content\/uploads\/2017\/12\/IMG_1462-100x100.jpg 100w\" sizes=\"auto, (max-width: 525px) 100vw, 525px\" \/><\/a><\/p>\n<p>Das Gitarren-Multitool von Ibanez passte perfekt zu meinen Gedanken und Entschl\u00fcssen, die ich w\u00e4hrend der Messe fasste. Und die gingen in diese Richtung:<\/p>\n<p><strong style=\"color: #666666; font-size: 1.25rem;\">Ich habe einen wundersch\u00f6nen selbst geschraubten Bass. Und noch viele weitere tolle B\u00e4sse. In denen steckt viel Schraub-Potenzial \u2013 und das will ich nutzen.<\/strong><\/p>\n<p>Deshalb m\u00f6chte ich 2018 mein Geld- und Zeitbudget, dass ich mir f\u00fcrs Schrauben erlaube, ausschlie\u00dflich in die <strong>Optimierung meiner vorhandenen B\u00e4sse<\/strong> stecken. Die sind zwar alle grunds\u00e4tzlich in gutem Zustand. Aber an der einen oder anderen Stelle k\u00f6nnten sie wohl ein <strong>Update<\/strong> oder <strong>Upgrade<\/strong> gebrauchen. Angefangen von neuen <strong>Saiten<\/strong> (ich bin bekennender Wechsel-Muffel) \u00fcbers <strong>Abrichten der B\u00fcnde<\/strong> bis hin zur <strong>Elektronik-Erneuerung<\/strong>.<\/p>\n<p>Auf <strong>mein sch\u00f6ner Schraub-Bass<\/strong> soll weiter optimiert werden, soweit es geht und sinnvoll ist. Einiges werde ich selbst machen, andere Aufgaben werde ich lieber Profis \u00fcberlassen. Ein erster \u201dJob\u201d ist sogar schon erledigt worden \u2013 mit hervorragendem Ergebnis. <strong>Aber dazu demn\u00e4chst mehr!<\/strong><\/p>\n<p>&nbsp;<\/p>\n<p><em>*OK, einen zusammenfassenden R\u00fcckblick wird es auch noch geben. Der Schraubbass ist jetzt ja schon ein paar Monate im Einsatz \u2013 da wird&#8217;s Zeit f\u00fcr einen Erfahrungsbericht mit Zwischenfazit. Stay tuned! \ud83d\ude09<\/em><\/p>\n<p>&nbsp;<\/p>\n<p>&nbsp;<\/p>\n","protected":false},"excerpt":{"rendered":"<p>Schraub on. Ich will weiter Schrauben. Nein, das ist kein Vorsatz, das ist eine Erkenntnis aus dem halben Jahr, das \u201dTim schraubt Bass\u201d jetzt online ist. Die gro\u00dfe Zeit der R\u00fcckblicke habe ich knapp\u00a0verpasst \u2013 also schaue ich heute lieber in die Zukunft meines Projekts.* Mein Besuch der Musikmesse bei Musik Produktiv, \u00fcber den ich &hellip; <\/p>\n<p class=\"link-more\"><a href=\"https:\/\/timschraubtbass.tim-stelzer.de\/?p=1108\" class=\"more-link\"><span class=\"screen-reader-text\">\u201e52 VORS\u00c4TZLICHE TATEN\u201c <\/span>weiterlesen<\/a><\/p>\n","protected":false},"author":1,"featured_media":0,"comment_status":"open","ping_status":"open","sticky":false,"template":"","format":"standard","meta":{"jetpack_post_was_ever_published":false,"_jetpack_newsletter_access":"","_jetpack_dont_email_post_to_subs":false,"_jetpack_newsletter_tier_id":0,"_jetpack_memberships_contains_paywalled_content":false,"_jetpack_memberships_contains_paid_content":false,"footnotes":"","jetpack_publicize_message":"","jetpack_publicize_feature_enabled":true,"jetpack_social_post_already_shared":true,"jetpack_social_options":{"image_generator_settings":{"template":"highway","default_image_id":0,"font":"","enabled":false},"version":2}},"categories":[1],"tags":[],"class_list":["post-1108","post","type-post","status-publish","format-standard","hentry","category-allgemein"],"jetpack_publicize_connections":[],"jetpack_featured_media_url":"","jetpack_sharing_enabled":true,"jetpack_shortlink":"https:\/\/wp.me\/p8SMry-hS","jetpack-related-posts":[{"id":939,"url":"https:\/\/timschraubtbass.tim-stelzer.de\/?p=939","url_meta":{"origin":1108,"position":0},"title":"45 HALLO, MARLEAUX!","author":"timschraubtbass","date":"14. November 2017","format":false,"excerpt":"Das gro\u00dfe Messen (Teil 1). Letztes Wochenende fand die\u00a0Musik Produktiv Messe 2017 in Ibbenb\u00fcren statt. Ich war zum ersten Mal da. Und hatte Gl\u00fcck. Zwar nicht bei\u00a0einer der vielen Gear-Verlosungen, die dort\u00a0dauernd\u00a0an jeder zweiten Ecke stattfinden \u2013 nein, besser. Sogar viel\u00a0b\u00e4sser. (Ich wei\u00df, ich muss mir dieses bl\u00f6de Wortspiel dringend\u2026","rel":"","context":"In &quot;Allgemein&quot;","block_context":{"text":"Allgemein","link":"https:\/\/timschraubtbass.tim-stelzer.de\/?cat=1"},"img":{"alt_text":"","src":"https:\/\/i0.wp.com\/tim-stelzer.de\/timschraubtbass\/wp-content\/uploads\/2017\/11\/IMG_1320-1024x768.jpg?resize=350%2C200","width":350,"height":200,"srcset":"https:\/\/i0.wp.com\/tim-stelzer.de\/timschraubtbass\/wp-content\/uploads\/2017\/11\/IMG_1320-1024x768.jpg?resize=350%2C200 1x, https:\/\/i0.wp.com\/tim-stelzer.de\/timschraubtbass\/wp-content\/uploads\/2017\/11\/IMG_1320-1024x768.jpg?resize=525%2C300 1.5x"},"classes":[]},{"id":1017,"url":"https:\/\/timschraubtbass.tim-stelzer.de\/?p=1017","url_meta":{"origin":1108,"position":1},"title":"47 NICHTS VERBASSEN","author":"timschraubtbass","date":"23. November 2017","format":false,"excerpt":"\u201dLIEBER NICHT SCHRAUBEN ALS FALSCH?!?\u201d Eigentlich w\u00e4re jetzt der dritte und\u00a0letzte Teil meines Berichts von der Messe bei Musik Produktiv dran gewesen. Aber dann begegnete mir vor ein paar Tagen ein Satz, der mich doch sehr zum Gr\u00fcbeln brachte. Ich habe\u00a0ihn oben in einer an mein Thema angepassten Variante als\u00a0\u00dcberschrift\u2026","rel":"","context":"In &quot;Allgemein&quot;","block_context":{"text":"Allgemein","link":"https:\/\/timschraubtbass.tim-stelzer.de\/?cat=1"},"img":{"alt_text":"","src":"https:\/\/i0.wp.com\/tim-stelzer.de\/timschraubtbass\/wp-content\/uploads\/2017\/09\/IMG_0824-768x1024.jpg?resize=350%2C200","width":350,"height":200,"srcset":"https:\/\/i0.wp.com\/tim-stelzer.de\/timschraubtbass\/wp-content\/uploads\/2017\/09\/IMG_0824-768x1024.jpg?resize=350%2C200 1x, https:\/\/i0.wp.com\/tim-stelzer.de\/timschraubtbass\/wp-content\/uploads\/2017\/09\/IMG_0824-768x1024.jpg?resize=525%2C300 1.5x"},"classes":[]},{"id":3572,"url":"https:\/\/timschraubtbass.tim-stelzer.de\/?p=3572","url_meta":{"origin":1108,"position":2},"title":"103 JAZZ SPASS (Teil 1)","author":"timschraubtbass","date":"4. Dezember 2024","format":false,"excerpt":"Vererbungsehre Mein 2018 verstorbener Freund Harald hat einen besonderen Platz hier in meinem Blog. Ich denke sehr oft an ihn \u2013 und das nicht nur, weil ich seinen Fender MIM Jazz Bass geerbt habe. Aus seinem Nachlass waren noch ein paar andere Sachen bei mir gelandet. Zum Beispiel ein Jazz-Bass-Hals.\u2026","rel":"","context":"In &quot;Allgemein&quot;","block_context":{"text":"Allgemein","link":"https:\/\/timschraubtbass.tim-stelzer.de\/?cat=1"},"img":{"alt_text":"","src":"https:\/\/i0.wp.com\/timschraubtbass.tim-stelzer.de\/wp-content\/uploads\/2024\/11\/17C7BD53-7F28-43EA-8B23-955946E8E443_1_201_a.jpeg?resize=350%2C200&ssl=1","width":350,"height":200,"srcset":"https:\/\/i0.wp.com\/timschraubtbass.tim-stelzer.de\/wp-content\/uploads\/2024\/11\/17C7BD53-7F28-43EA-8B23-955946E8E443_1_201_a.jpeg?resize=350%2C200&ssl=1 1x, https:\/\/i0.wp.com\/timschraubtbass.tim-stelzer.de\/wp-content\/uploads\/2024\/11\/17C7BD53-7F28-43EA-8B23-955946E8E443_1_201_a.jpeg?resize=525%2C300&ssl=1 1.5x, https:\/\/i0.wp.com\/timschraubtbass.tim-stelzer.de\/wp-content\/uploads\/2024\/11\/17C7BD53-7F28-43EA-8B23-955946E8E443_1_201_a.jpeg?resize=700%2C400&ssl=1 2x"},"classes":[]},{"id":1506,"url":"https:\/\/timschraubtbass.tim-stelzer.de\/?p=1506","url_meta":{"origin":1108,"position":3},"title":"71 WOW, WILFER! (Teil 2)","author":"timschraubtbass","date":"15. November 2018","format":false,"excerpt":"\u201dGeduld, \u00dcbung, Passion.\u201d Wie im letzten Beitrag ausf\u00fchrlich und im Detail erl\u00e4utert, hatte Warwick-Gr\u00fcnder und Bassbau-Legende Hans-Peter Wilfer zugesagt, mir ein paar Fragen zu beantworten. Aber die musste ich mir erstmal\u00a0\u00fcberlegen. Infos \u00fcber ihn und Interviews mit ihm gibt es ja bereits in H\u00fclle und F\u00fclle \u2013 seit Anfang der\u2026","rel":"","context":"In &quot;Allgemein&quot;","block_context":{"text":"Allgemein","link":"https:\/\/timschraubtbass.tim-stelzer.de\/?cat=1"},"img":{"alt_text":"","src":"https:\/\/i0.wp.com\/tim-stelzer.de\/timschraubtbass\/wp-content\/uploads\/2018\/11\/IMG_4478-1024x1024.jpg?resize=350%2C200","width":350,"height":200,"srcset":"https:\/\/i0.wp.com\/tim-stelzer.de\/timschraubtbass\/wp-content\/uploads\/2018\/11\/IMG_4478-1024x1024.jpg?resize=350%2C200 1x, https:\/\/i0.wp.com\/tim-stelzer.de\/timschraubtbass\/wp-content\/uploads\/2018\/11\/IMG_4478-1024x1024.jpg?resize=525%2C300 1.5x"},"classes":[]},{"id":3774,"url":"https:\/\/timschraubtbass.tim-stelzer.de\/?p=3774","url_meta":{"origin":1108,"position":4},"title":"108 JAZZ SPASS (Teil 4)","author":"timschraubtbass","date":"14. November 2025","format":false,"excerpt":"Time takes time: Endlich (!!) der 4. und (vorerst) letzte Teil von JAZZ SPASS, meinem Schrauben-2.0-Projekt. Enjoy!","rel":"","context":"In &quot;Allgemein&quot;","block_context":{"text":"Allgemein","link":"https:\/\/timschraubtbass.tim-stelzer.de\/?cat=1"},"img":{"alt_text":"","src":"https:\/\/i0.wp.com\/timschraubtbass.tim-stelzer.de\/wp-content\/uploads\/2025\/11\/IMG_9603.jpg?resize=350%2C200&ssl=1","width":350,"height":200,"srcset":"https:\/\/i0.wp.com\/timschraubtbass.tim-stelzer.de\/wp-content\/uploads\/2025\/11\/IMG_9603.jpg?resize=350%2C200&ssl=1 1x, https:\/\/i0.wp.com\/timschraubtbass.tim-stelzer.de\/wp-content\/uploads\/2025\/11\/IMG_9603.jpg?resize=525%2C300&ssl=1 1.5x, https:\/\/i0.wp.com\/timschraubtbass.tim-stelzer.de\/wp-content\/uploads\/2025\/11\/IMG_9603.jpg?resize=700%2C400&ssl=1 2x, https:\/\/i0.wp.com\/timschraubtbass.tim-stelzer.de\/wp-content\/uploads\/2025\/11\/IMG_9603.jpg?resize=1050%2C600&ssl=1 3x, https:\/\/i0.wp.com\/timschraubtbass.tim-stelzer.de\/wp-content\/uploads\/2025\/11\/IMG_9603.jpg?resize=1400%2C800&ssl=1 4x"},"classes":[]},{"id":3054,"url":"https:\/\/timschraubtbass.tim-stelzer.de\/?p=3054","url_meta":{"origin":1108,"position":5},"title":"98 THE STELZER","author":"timschraubtbass","date":"2. Mai 2023","format":false,"excerpt":"\u201dI know nothing about this bass\u201d Das Netz ist unfassbar. Voll von Geschichten, Bildern und Begegnungen, die unser Verst\u00e4ndnis von Rea- und Normalit\u00e4t auf immer wieder neue Weise herausfordern. Oder ist es genau andersherum? Ich wei\u00df es nicht. Seit ich herausgefunden habe, dass ich in einer parallelen (?) Dimension richtiger\u2026","rel":"","context":"In &quot;Allgemein&quot;","block_context":{"text":"Allgemein","link":"https:\/\/timschraubtbass.tim-stelzer.de\/?cat=1"},"img":{"alt_text":"","src":"https:\/\/i0.wp.com\/timschraubtbass.tim-stelzer.de\/wp-content\/uploads\/2023\/04\/Bildschirmfoto-2023-04-28-um-12.13.10.jpg?resize=350%2C200&ssl=1","width":350,"height":200,"srcset":"https:\/\/i0.wp.com\/timschraubtbass.tim-stelzer.de\/wp-content\/uploads\/2023\/04\/Bildschirmfoto-2023-04-28-um-12.13.10.jpg?resize=350%2C200&ssl=1 1x, https:\/\/i0.wp.com\/timschraubtbass.tim-stelzer.de\/wp-content\/uploads\/2023\/04\/Bildschirmfoto-2023-04-28-um-12.13.10.jpg?resize=525%2C300&ssl=1 1.5x, https:\/\/i0.wp.com\/timschraubtbass.tim-stelzer.de\/wp-content\/uploads\/2023\/04\/Bildschirmfoto-2023-04-28-um-12.13.10.jpg?resize=700%2C400&ssl=1 2x, https:\/\/i0.wp.com\/timschraubtbass.tim-stelzer.de\/wp-content\/uploads\/2023\/04\/Bildschirmfoto-2023-04-28-um-12.13.10.jpg?resize=1050%2C600&ssl=1 3x, https:\/\/i0.wp.com\/timschraubtbass.tim-stelzer.de\/wp-content\/uploads\/2023\/04\/Bildschirmfoto-2023-04-28-um-12.13.10.jpg?resize=1400%2C800&ssl=1 4x"},"classes":[]}],"_links":{"self":[{"href":"https:\/\/timschraubtbass.tim-stelzer.de\/index.php?rest_route=\/wp\/v2\/posts\/1108","targetHints":{"allow":["GET"]}}],"collection":[{"href":"https:\/\/timschraubtbass.tim-stelzer.de\/index.php?rest_route=\/wp\/v2\/posts"}],"about":[{"href":"https:\/\/timschraubtbass.tim-stelzer.de\/index.php?rest_route=\/wp\/v2\/types\/post"}],"author":[{"embeddable":true,"href":"https:\/\/timschraubtbass.tim-stelzer.de\/index.php?rest_route=\/wp\/v2\/users\/1"}],"replies":[{"embeddable":true,"href":"https:\/\/timschraubtbass.tim-stelzer.de\/index.php?rest_route=%2Fwp%2Fv2%2Fcomments&post=1108"}],"version-history":[{"count":13,"href":"https:\/\/timschraubtbass.tim-stelzer.de\/index.php?rest_route=\/wp\/v2\/posts\/1108\/revisions"}],"predecessor-version":[{"id":1121,"href":"https:\/\/timschraubtbass.tim-stelzer.de\/index.php?rest_route=\/wp\/v2\/posts\/1108\/revisions\/1121"}],"wp:attachment":[{"href":"https:\/\/timschraubtbass.tim-stelzer.de\/index.php?rest_route=%2Fwp%2Fv2%2Fmedia&parent=1108"}],"wp:term":[{"taxonomy":"category","embeddable":true,"href":"https:\/\/timschraubtbass.tim-stelzer.de\/index.php?rest_route=%2Fwp%2Fv2%2Fcategories&post=1108"},{"taxonomy":"post_tag","embeddable":true,"href":"https:\/\/timschraubtbass.tim-stelzer.de\/index.php?rest_route=%2Fwp%2Fv2%2Ftags&post=1108"}],"curies":[{"name":"wp","href":"https:\/\/api.w.org\/{rel}","templated":true}]}}