{"id":1086,"date":"2017-12-21T13:07:57","date_gmt":"2017-12-21T12:07:57","guid":{"rendered":"http:\/\/tim-stelzer.de\/timschraubtbass\/?p=1086"},"modified":"2017-12-21T13:07:57","modified_gmt":"2017-12-21T12:07:57","slug":"51-bass-erstaunt","status":"publish","type":"post","link":"https:\/\/timschraubtbass.tim-stelzer.de\/?p=1086","title":{"rendered":"51 BASS ERSTAUNT"},"content":{"rendered":"<h1><strong>Goldene Tage<\/strong><\/h1>\n<p><strong>Es ist bald schon wieder Weihnachten! Das\u00a0ist aber nicht die einzige Erkenntnis, die mich diese Woche erstaunt hat. Und gefreut \u2013 ziemlich sogar.<\/strong><\/p>\n<p>Es ist immer wieder <strong>eine tolle Erfahrung<\/strong>, einfach mal mit etwas <strong>anzufangen<\/strong>. Mit einer neuen <strong>Band<\/strong> zum Beispiel. Oder mit einem <strong>Bassschraubprojekt<\/strong>. Oder einem <strong>Blog<\/strong>. Denn man hat vorher ja \u00fcberhaupt <strong>keine Ahnung<\/strong>, wohin das f\u00fchrt. Noch nicht mal davon, ob es einen <strong>\u00fcberhaupt zu irgendetwas Nennenswertem<\/strong> f\u00fchrt. Aber es macht \u2013 mir jedenfalls \u2013<strong> mit Sicherheit Spa\u00df<\/strong>, es einfach mal zu <strong>machen<\/strong>. Und das reicht ja schon als <strong>Motivation<\/strong>.<\/p>\n<p>Doch wenn dann pl\u00f6tzlich etwas daraus entsteht, womit man <strong>nicht <\/strong>gerechnet hat \u2013 dann ist das ein unvergleichlich <strong>gutes Gef\u00fchl<\/strong>.<\/p>\n<p><strong>Aber der Reihe nach.<\/strong><\/p>\n<p>Am vergangenen Montag wurden abends die Nominierungen f\u00fcr die <strong><a href=\"http:\/\/die-goldenen-blogger.de\">\u201dGoldenen Blogger 2017\u201d<\/a><\/strong> bekannt gegeben. Sogleich erreichte mich eine Nachricht von meinem Freund <a href=\"https:\/\/twitter.com\/ralfheimann\">Ralf<\/a>: \u201dGl\u00fcckwunsch zur Nominierung!\u201d \u2013 und ich konnte spontan nur Folgendes\u00a0<span style=\"font-size: 1rem;\">antworten:<\/span><\/p>\n<div class=\"_h8t\">\n<div id=\"js_94\" class=\"_5wd9 direction_ltr\" data-tooltip-content=\"Montag 17:15\" data-hover=\"tooltip\" data-tooltip-position=\"right\">\n<div class=\"_5wde _n4o\">\n<div class=\"_5w1r _31xx _5wdf\">\n<div class=\"_4gx_\">\n<div class=\"_d97 _31xy\">\n<div tabindex=\"0\"><img decoding=\"async\" class=\"_1ift _1ifu img\" src=\"https:\/\/static.xx.fbcdn.net\/images\/emoji.php\/v9\/z87\/2\/32\/1f633.png\" alt=\"&#x1f633;\" \/><img decoding=\"async\" class=\"_1ift _1ifu img\" src=\"https:\/\/static.xx.fbcdn.net\/images\/emoji.php\/v9\/z87\/2\/32\/1f633.png\" alt=\"&#x1f633;\" \/><img decoding=\"async\" class=\"_1ift _1ifu img\" src=\"https:\/\/static.xx.fbcdn.net\/images\/emoji.php\/v9\/z87\/2\/32\/1f633.png\" alt=\"&#x1f633;\" \/><\/div>\n<\/div>\n<\/div>\n<\/div>\n<\/div>\n<\/div>\n<\/div>\n<p>&nbsp;<\/p>\n<p>Ich? Blogger? Nominiert? <strong>Was?<\/strong> Nach dem ersten ungl\u00e4ubigen Staunen habe ich mich dann tierisch gefreut. <strong>Ein gro\u00dfes Dankesch\u00f6n an alle, die mich bei den Nominierungen vorgeschlagen haben!<\/strong><\/p>\n<p>Ich werde also <strong>am 29. Januar 2018 in Berlin<\/strong> dabei sein, wenn \u201dder einzige bereichs\u00fcbergreifende Social-Media-Preis Deutschlands&#8220; verliehen wird. Wahrscheinlich sogar <strong>mit meiner ganzen Familie<\/strong>. Das allein ist schon der <strong>Hammer<\/strong>. Mal abgesehen davon, dass ich (ich!?!) f\u00fcr irgendetwas nominiert bin, wo <strong>das Label DIY<\/strong> draufsteht. Denn das ist meine Nominierungs-Kategorie: <strong>\u201dDIY-Blogger des Jahres\u201d.<\/strong> \ud83d\ude09<\/p>\n<p><strong>Aber diese Woche passierte noch mehr Erfreuliches.<\/strong><\/p>\n<p>Meine <strong>Band <a href=\"http:\/\/www.dieberaterband.de\">DIE BERATER<\/a><\/strong> wurde letztens fotografiert. Von der fantastischen Fotografin <strong><a href=\"https:\/\/www.facebook.com\/judith.kraft.fotografie\/\">Judith Kraft<\/a>. <\/strong>Wir haben die tollen Fotos dann nicht nur auf unserer Facebook-Seite ver\u00f6ffentlicht, sondern auch als Basis f\u00fcr ein <strong>Video<\/strong> zu unserem Song <strong>\u201dHafen\u201d<\/strong> genutzt, das wir vor wenigen Tagen ver\u00f6ffentlicht haben \u2013 mit <strong>erfreulich guter Resonanz:<\/strong><\/p>\n<p><span class=\"embed-youtube\" style=\"text-align:center; display: block;\"><iframe loading=\"lazy\" class=\"youtube-player\" width=\"525\" height=\"296\" src=\"https:\/\/www.youtube.com\/embed\/Yd4ALKMMuj4?version=3&#038;rel=1&#038;showsearch=0&#038;showinfo=1&#038;iv_load_policy=1&#038;fs=1&#038;hl=de-DE&#038;autohide=2&#038;wmode=transparent\" allowfullscreen=\"true\" style=\"border:0;\" sandbox=\"allow-scripts allow-same-origin allow-popups allow-presentation allow-popups-to-escape-sandbox\"><\/iframe><\/span><\/p>\n<p><strong>Es sind also jede Menge sch\u00f6ne Sachen passiert.<\/strong> Was f\u00fcr ein <strong>angenehmer Jahresausklang<\/strong> \u2013 denn die letzten Monate waren ansonsten aus verschiedenen Gr\u00fcnden doch eher sehr, sehr stressig gewesen.<\/p>\n<p>Deshalb macht \u201dTim schraubt Bass\u201d jetzt ein bisschen\u00a0<strong>Weihnachtspause.<\/strong>\u00a0Ich w\u00fcnsche euch allen <strong>entspannte Feiertage &amp; ein tolles Jahr 2018!<\/strong>\u00a0Zum Abschluss noch ein <strong>Symbolbild<\/strong> daf\u00fcr,\u00a0<em>straight from my desk:<\/em><\/p>\n<p><img loading=\"lazy\" decoding=\"async\" data-attachment-id=\"1085\" data-permalink=\"https:\/\/timschraubtbass.tim-stelzer.de\/?attachment_id=1085\" data-orig-file=\"https:\/\/timschraubtbass.tim-stelzer.de\/wp-content\/uploads\/2017\/12\/IMG_1500.jpg\" data-orig-size=\"3024,4032\" data-comments-opened=\"1\" data-image-meta=\"{&quot;aperture&quot;:&quot;1.8&quot;,&quot;credit&quot;:&quot;&quot;,&quot;camera&quot;:&quot;iPhone 8&quot;,&quot;caption&quot;:&quot;&quot;,&quot;created_timestamp&quot;:&quot;1513856869&quot;,&quot;copyright&quot;:&quot;&quot;,&quot;focal_length&quot;:&quot;3.99&quot;,&quot;iso&quot;:&quot;40&quot;,&quot;shutter_speed&quot;:&quot;0.04&quot;,&quot;title&quot;:&quot;&quot;,&quot;orientation&quot;:&quot;0&quot;}\" data-image-title=\"IMG_1500\" data-image-description=\"\" data-image-caption=\"\" data-large-file=\"https:\/\/timschraubtbass.tim-stelzer.de\/wp-content\/uploads\/2017\/12\/IMG_1500-768x1024.jpg\" class=\"alignnone size-large wp-image-1085\" src=\"http:\/\/tim-stelzer.de\/timschraubtbass\/wp-content\/uploads\/2017\/12\/IMG_1500-768x1024.jpg\" alt=\"\" width=\"525\" height=\"700\" srcset=\"https:\/\/timschraubtbass.tim-stelzer.de\/wp-content\/uploads\/2017\/12\/IMG_1500-768x1024.jpg 768w, https:\/\/timschraubtbass.tim-stelzer.de\/wp-content\/uploads\/2017\/12\/IMG_1500-225x300.jpg 225w\" sizes=\"auto, (max-width: 525px) 100vw, 525px\" \/><\/p>\n<p><strong>Gru\u00df &amp; bis bald,<\/strong><\/p>\n<p><strong>Tim<\/strong><\/p>\n<p>PS: Nein, der Bass in \u201dHafen\u201d ist nicht mein Schraubbass. Der war leider erst nach den Demo-Aufnahmen fertig.<\/p>\n<p>PPS: Ja, ich schreibe nach der Pause dann <a href=\"http:\/\/tim-stelzer.de\/timschraubtbass\/?p=1059\">wie versprochen<\/a>\u00a0noch weiter dar\u00fcber, was mein Besuch der Messe bei Musik Produktiv noch f\u00fcr Folgen hatte. \u201dTim schraubt Bass\u201d bleibt auf jeden Fall aktiv!<\/p>\n","protected":false},"excerpt":{"rendered":"<p>Goldene Tage Es ist bald schon wieder Weihnachten! Das\u00a0ist aber nicht die einzige Erkenntnis, die mich diese Woche erstaunt hat. Und gefreut \u2013 ziemlich sogar. Es ist immer wieder eine tolle Erfahrung, einfach mal mit etwas anzufangen. Mit einer neuen Band zum Beispiel. Oder mit einem Bassschraubprojekt. Oder einem Blog. Denn man hat vorher ja &hellip; <\/p>\n<p class=\"link-more\"><a href=\"https:\/\/timschraubtbass.tim-stelzer.de\/?p=1086\" class=\"more-link\"><span class=\"screen-reader-text\">\u201e51 BASS ERSTAUNT\u201c <\/span>weiterlesen<\/a><\/p>\n","protected":false},"author":1,"featured_media":0,"comment_status":"open","ping_status":"open","sticky":false,"template":"","format":"standard","meta":{"jetpack_post_was_ever_published":false,"_jetpack_newsletter_access":"","_jetpack_dont_email_post_to_subs":false,"_jetpack_newsletter_tier_id":0,"_jetpack_memberships_contains_paywalled_content":false,"_jetpack_memberships_contains_paid_content":false,"footnotes":"","jetpack_publicize_message":"","jetpack_publicize_feature_enabled":true,"jetpack_social_post_already_shared":true,"jetpack_social_options":{"image_generator_settings":{"template":"highway","default_image_id":0,"font":"","enabled":false},"version":2}},"categories":[1],"tags":[],"class_list":["post-1086","post","type-post","status-publish","format-standard","hentry","category-allgemein"],"jetpack_publicize_connections":[],"jetpack_featured_media_url":"","jetpack_sharing_enabled":true,"jetpack_shortlink":"https:\/\/wp.me\/p8SMry-hw","jetpack-related-posts":[{"id":1506,"url":"https:\/\/timschraubtbass.tim-stelzer.de\/?p=1506","url_meta":{"origin":1086,"position":0},"title":"71 WOW, WILFER! (Teil 2)","author":"timschraubtbass","date":"15. November 2018","format":false,"excerpt":"\u201dGeduld, \u00dcbung, Passion.\u201d Wie im letzten Beitrag ausf\u00fchrlich und im Detail erl\u00e4utert, hatte Warwick-Gr\u00fcnder und Bassbau-Legende Hans-Peter Wilfer zugesagt, mir ein paar Fragen zu beantworten. Aber die musste ich mir erstmal\u00a0\u00fcberlegen. Infos \u00fcber ihn und Interviews mit ihm gibt es ja bereits in H\u00fclle und F\u00fclle \u2013 seit Anfang der\u2026","rel":"","context":"In &quot;Allgemein&quot;","block_context":{"text":"Allgemein","link":"https:\/\/timschraubtbass.tim-stelzer.de\/?cat=1"},"img":{"alt_text":"","src":"https:\/\/i0.wp.com\/tim-stelzer.de\/timschraubtbass\/wp-content\/uploads\/2018\/11\/IMG_4478-1024x1024.jpg?resize=350%2C200","width":350,"height":200,"srcset":"https:\/\/i0.wp.com\/tim-stelzer.de\/timschraubtbass\/wp-content\/uploads\/2018\/11\/IMG_4478-1024x1024.jpg?resize=350%2C200 1x, https:\/\/i0.wp.com\/tim-stelzer.de\/timschraubtbass\/wp-content\/uploads\/2018\/11\/IMG_4478-1024x1024.jpg?resize=525%2C300 1.5x"},"classes":[]},{"id":894,"url":"https:\/\/timschraubtbass.tim-stelzer.de\/?p=894","url_meta":{"origin":1086,"position":1},"title":"42 THE NEXT LEVEL","author":"timschraubtbass","date":"20. Oktober 2017","format":false,"excerpt":"Life, the Universe, and Everything. Der 42. Blogbeitrag. Eine gute Zahl, um zwischendurch mal wieder ein paar \u00a0eher periphere Gedanken rund um mein Bassschraub- und Blog-Projekt zu formulieren. Oder sind es etwa doch eher sehr zentrale Gedanken?\u00a0 Ausgerechnet heute fr\u00fch bekam ich in meiner bevorzugten Muckibude diesen Schlie\u00dffachschl\u00fcssel ausgeh\u00e4ndigt: Auf\u2026","rel":"","context":"In &quot;Allgemein&quot;","block_context":{"text":"Allgemein","link":"https:\/\/timschraubtbass.tim-stelzer.de\/?cat=1"},"img":{"alt_text":"","src":"https:\/\/i0.wp.com\/tim-stelzer.de\/timschraubtbass\/wp-content\/uploads\/2017\/10\/IMG_1199-e1508490637794-997x1024.jpg?resize=350%2C200","width":350,"height":200,"srcset":"https:\/\/i0.wp.com\/tim-stelzer.de\/timschraubtbass\/wp-content\/uploads\/2017\/10\/IMG_1199-e1508490637794-997x1024.jpg?resize=350%2C200 1x, https:\/\/i0.wp.com\/tim-stelzer.de\/timschraubtbass\/wp-content\/uploads\/2017\/10\/IMG_1199-e1508490637794-997x1024.jpg?resize=525%2C300 1.5x"},"classes":[]},{"id":2267,"url":"https:\/\/timschraubtbass.tim-stelzer.de\/?p=2267","url_meta":{"origin":1086,"position":2},"title":"82 THE BASS BABY (III)","author":"timschraubtbass","date":"15. November 2019","format":false,"excerpt":"\u201dMan h\u00f6rt, dass es ein Helliver-Instrument ist.\u201d \u2013 Oliver Baron im Interview (Teil 3 des Bass-Berichts). Wie versprochen gibt's heute den Helliver-Chef & -Gr\u00fcnder Oliver im O-Ton. Der freundliche Dipl.-Des. spricht \u00fcber den ersten Bass aus seiner Werkstatt \u2013 und l\u00e4sst dabei angemessen tief blicken, was seine Arbeits- und Herangehensweise\u2026","rel":"","context":"In &quot;Allgemein&quot;","block_context":{"text":"Allgemein","link":"https:\/\/timschraubtbass.tim-stelzer.de\/?cat=1"},"img":{"alt_text":"","src":"https:\/\/i0.wp.com\/timschraubtbass.tim-stelzer.de\/wp-content\/uploads\/2019\/10\/IMG_7882.jpeg?resize=350%2C200&ssl=1","width":350,"height":200,"srcset":"https:\/\/i0.wp.com\/timschraubtbass.tim-stelzer.de\/wp-content\/uploads\/2019\/10\/IMG_7882.jpeg?resize=350%2C200&ssl=1 1x, https:\/\/i0.wp.com\/timschraubtbass.tim-stelzer.de\/wp-content\/uploads\/2019\/10\/IMG_7882.jpeg?resize=525%2C300&ssl=1 1.5x, https:\/\/i0.wp.com\/timschraubtbass.tim-stelzer.de\/wp-content\/uploads\/2019\/10\/IMG_7882.jpeg?resize=700%2C400&ssl=1 2x, https:\/\/i0.wp.com\/timschraubtbass.tim-stelzer.de\/wp-content\/uploads\/2019\/10\/IMG_7882.jpeg?resize=1050%2C600&ssl=1 3x, https:\/\/i0.wp.com\/timschraubtbass.tim-stelzer.de\/wp-content\/uploads\/2019\/10\/IMG_7882.jpeg?resize=1400%2C800&ssl=1 4x"},"classes":[]},{"id":375,"url":"https:\/\/timschraubtbass.tim-stelzer.de\/?p=375","url_meta":{"origin":1086,"position":3},"title":"08 NA SUPER!","author":"timschraubtbass","date":"12. Juli 2017","format":false,"excerpt":"\"The Roof is on Fire\" Weltweit werden t\u00e4glich tausende B\u00e4sse produziert. In weitgehend automatisierten Arbeitsprozessen oder von handwerklich geschickten H\u00e4nden in gut ausgestatteten Werkst\u00e4tten. Und jetzt komme ich! Meinen Arbeitsplatz richte ich mir auf dem Dachboden ein. Das Dach ist zwar unisoliert, aber deshalb ist es auch sch\u00f6n luftig hier.\u2026","rel":"","context":"In &quot;Allgemein&quot;","block_context":{"text":"Allgemein","link":"https:\/\/timschraubtbass.tim-stelzer.de\/?cat=1"},"img":{"alt_text":"","src":"https:\/\/i0.wp.com\/tim-stelzer.de\/timschraubtbass\/wp-content\/uploads\/2017\/07\/img_9897-768x1024.jpg?resize=350%2C200","width":350,"height":200,"srcset":"https:\/\/i0.wp.com\/tim-stelzer.de\/timschraubtbass\/wp-content\/uploads\/2017\/07\/img_9897-768x1024.jpg?resize=350%2C200 1x, https:\/\/i0.wp.com\/tim-stelzer.de\/timschraubtbass\/wp-content\/uploads\/2017\/07\/img_9897-768x1024.jpg?resize=525%2C300 1.5x"},"classes":[]},{"id":1564,"url":"https:\/\/timschraubtbass.tim-stelzer.de\/?p=1564","url_meta":{"origin":1086,"position":4},"title":"73 BASS TO THE FUTURE (Teil 2)","author":"timschraubtbass","date":"16. Januar 2019","format":false,"excerpt":"\u201dWhatever will be, will be\u201d \u2013Die Musik Produktiv Hausmesse 2018 Der erste Teil meines Berichts endete mit dem kurzen Test des Marleaux Shortscale-Basses, der \u00fcbrigens auch in der aktuellen \u201dBass Professor\u201d-Ausgabe euphorisch bespielt & besprochen wird (leider noch kein Link verf\u00fcgbar, sorry). Jetzt geht's weiter.\u00a0Der DeLorean ist mittlerweile im\u00a0neuen\u00a0Jahr\u00a0gelandet \u2013\u00a0f\u00fcr\u00a0das\u00a0ich\u00a0allen\u00a0Leserinnen\u00a0und\u00a0Lesern\u00a0alles\u00a0erdenklich\u2026","rel":"","context":"In &quot;Allgemein&quot;","block_context":{"text":"Allgemein","link":"https:\/\/timschraubtbass.tim-stelzer.de\/?cat=1"},"img":{"alt_text":"","src":"https:\/\/i0.wp.com\/timschraubtbass.tim-stelzer.de\/wp-content\/uploads\/2018\/12\/IMG_4465.jpg?resize=350%2C200&ssl=1","width":350,"height":200,"srcset":"https:\/\/i0.wp.com\/timschraubtbass.tim-stelzer.de\/wp-content\/uploads\/2018\/12\/IMG_4465.jpg?resize=350%2C200&ssl=1 1x, https:\/\/i0.wp.com\/timschraubtbass.tim-stelzer.de\/wp-content\/uploads\/2018\/12\/IMG_4465.jpg?resize=525%2C300&ssl=1 1.5x, https:\/\/i0.wp.com\/timschraubtbass.tim-stelzer.de\/wp-content\/uploads\/2018\/12\/IMG_4465.jpg?resize=700%2C400&ssl=1 2x, https:\/\/i0.wp.com\/timschraubtbass.tim-stelzer.de\/wp-content\/uploads\/2018\/12\/IMG_4465.jpg?resize=1050%2C600&ssl=1 3x, https:\/\/i0.wp.com\/timschraubtbass.tim-stelzer.de\/wp-content\/uploads\/2018\/12\/IMG_4465.jpg?resize=1400%2C800&ssl=1 4x"},"classes":[]},{"id":1544,"url":"https:\/\/timschraubtbass.tim-stelzer.de\/?p=1544","url_meta":{"origin":1086,"position":5},"title":"72 BASS TO THE FUTURE (Teil 1)","author":"timschraubtbass","date":"20. Dezember 2018","format":false,"excerpt":"\u201dNobody calls me chicken!\u201dDie Musik Produktiv Hausmesse 2018 Endlich komme ich dazu, meinen Bericht \u00fcber die Hausmesse 2018 bei\u00a0Musik Produktiv in Ibbenb\u00fcren zu schreiben. Von der Messe 2017 war ich ja recht begeistert gewesen. Und wie war's diesmal? Am 10. November 2018 holte mich mein Bandkollege Norbert morgens ab und\u2026","rel":"","context":"In &quot;Allgemein&quot;","block_context":{"text":"Allgemein","link":"https:\/\/timschraubtbass.tim-stelzer.de\/?cat=1"},"img":{"alt_text":"","src":"https:\/\/i0.wp.com\/timschraubtbass.tim-stelzer.de\/wp-content\/uploads\/2018\/12\/Musikmesse2018DeLorean.jpg?resize=350%2C200&ssl=1","width":350,"height":200,"srcset":"https:\/\/i0.wp.com\/timschraubtbass.tim-stelzer.de\/wp-content\/uploads\/2018\/12\/Musikmesse2018DeLorean.jpg?resize=350%2C200&ssl=1 1x, https:\/\/i0.wp.com\/timschraubtbass.tim-stelzer.de\/wp-content\/uploads\/2018\/12\/Musikmesse2018DeLorean.jpg?resize=525%2C300&ssl=1 1.5x, https:\/\/i0.wp.com\/timschraubtbass.tim-stelzer.de\/wp-content\/uploads\/2018\/12\/Musikmesse2018DeLorean.jpg?resize=700%2C400&ssl=1 2x, https:\/\/i0.wp.com\/timschraubtbass.tim-stelzer.de\/wp-content\/uploads\/2018\/12\/Musikmesse2018DeLorean.jpg?resize=1050%2C600&ssl=1 3x, https:\/\/i0.wp.com\/timschraubtbass.tim-stelzer.de\/wp-content\/uploads\/2018\/12\/Musikmesse2018DeLorean.jpg?resize=1400%2C800&ssl=1 4x"},"classes":[]}],"_links":{"self":[{"href":"https:\/\/timschraubtbass.tim-stelzer.de\/index.php?rest_route=\/wp\/v2\/posts\/1086","targetHints":{"allow":["GET"]}}],"collection":[{"href":"https:\/\/timschraubtbass.tim-stelzer.de\/index.php?rest_route=\/wp\/v2\/posts"}],"about":[{"href":"https:\/\/timschraubtbass.tim-stelzer.de\/index.php?rest_route=\/wp\/v2\/types\/post"}],"author":[{"embeddable":true,"href":"https:\/\/timschraubtbass.tim-stelzer.de\/index.php?rest_route=\/wp\/v2\/users\/1"}],"replies":[{"embeddable":true,"href":"https:\/\/timschraubtbass.tim-stelzer.de\/index.php?rest_route=%2Fwp%2Fv2%2Fcomments&post=1086"}],"version-history":[{"count":18,"href":"https:\/\/timschraubtbass.tim-stelzer.de\/index.php?rest_route=\/wp\/v2\/posts\/1086\/revisions"}],"predecessor-version":[{"id":1104,"href":"https:\/\/timschraubtbass.tim-stelzer.de\/index.php?rest_route=\/wp\/v2\/posts\/1086\/revisions\/1104"}],"wp:attachment":[{"href":"https:\/\/timschraubtbass.tim-stelzer.de\/index.php?rest_route=%2Fwp%2Fv2%2Fmedia&parent=1086"}],"wp:term":[{"taxonomy":"category","embeddable":true,"href":"https:\/\/timschraubtbass.tim-stelzer.de\/index.php?rest_route=%2Fwp%2Fv2%2Fcategories&post=1086"},{"taxonomy":"post_tag","embeddable":true,"href":"https:\/\/timschraubtbass.tim-stelzer.de\/index.php?rest_route=%2Fwp%2Fv2%2Ftags&post=1086"}],"curies":[{"name":"wp","href":"https:\/\/api.w.org\/{rel}","templated":true}]}}