{"id":1059,"date":"2017-12-12T10:57:47","date_gmt":"2017-12-12T09:57:47","guid":{"rendered":"http:\/\/tim-stelzer.de\/timschraubtbass\/?p=1059"},"modified":"2017-12-12T10:57:47","modified_gmt":"2017-12-12T09:57:47","slug":"49-green-blue","status":"publish","type":"post","link":"https:\/\/timschraubtbass.tim-stelzer.de\/?p=1059","title":{"rendered":"49 GREEN &#038; BLUE"},"content":{"rendered":"<h1><strong>Das gro\u00dfe Messen (Teil 3)<\/strong><\/h1>\n<p><strong>Adventszeit. Was da jetzt auch noch endlich mal ankommt, ist der dritte und abschlie\u00dfende Teil meines Berichts \u00fcber <a href=\"http:\/\/www.musik-produktiv-messe.de\">die Hausmesse 2017 bei Musik Produktiv in Ibbenb\u00fcren<\/a>. Ich hatte ja schon <a href=\"http:\/\/tim-stelzer.de\/timschraubtbass\/?p=939\">im ersten<\/a> und <a href=\"http:\/\/tim-stelzer.de\/timschraubtbass\/?p=987\">im zweiten<\/a> Teil von meinem Gespr\u00e4ch mit <a href=\"http:\/\/www.marleaux-bass.com\/uploads\/pics\/bestofshowgerald.jpg\">Gerald Marleaux<\/a> berichtet. Doch was habe ich dort noch alles getestet \u2013 und was habe ich schlie\u00dflich gekauft?<\/strong><\/p>\n<p>Die Messe war ja doch von einer sehr lauten <strong>Ger\u00e4uschkulisse<\/strong> gepr\u00e4gt. Das war bei einer solchen Veranstaltung zu erwarten, klar. Und die meisten Aussteller hatten sich <strong>darauf eingerichtet<\/strong> (laute Verst\u00e4rker, Kopfh\u00f6rer, Halspastillen). Doch erstaunlicherweise war eine sehr renommierte deutsche Bass- und Gitarrenmarke in dieser Hinsicht <strong>nicht soooo optimal ausger\u00fcstet<\/strong>.<\/p>\n<p>Schade eigentlich, denn ich war sehr <strong>neugierig auf diesen Bass<\/strong> gewesen:<\/p>\n<p><img decoding=\"async\" src=\"http:\/\/www.hofner-guitars.com\/media\/catalog\/product\/cache\/37\/image\/1280x\/040ec09b1e35df139433887a97daa66f\/h\/5\/h500_1-hgl-front-final.jpg\" \/><\/p>\n<p>Das ist ein<strong> <a href=\"http:\/\/www.hofner-guitars.com\/guitars-basses\/electric-basses\/violin-bass\/violin-bass-greenline.html\">H\u00f6fner Violin Bass &#8222;Green Line&#8220;<\/a><\/strong>. Die Zeitschrift <strong>Bass Professor<\/strong> hat den in ihrer <a href=\"http:\/\/www.bassprofessor.info\/index.php\/bass-professor\/bp-2017\/bp4-2017\">aktuellen Ausgabe<\/a> vorgestellt und <a href=\"http:\/\/www.bassprofessor.info\/index.php\/bass-professor\/bp-2017\/bp4-2017\/1720-test-hoefner-violin-bass-green-line-500-1-hgl\">getestet<\/a>. Im Test kann man <strong>den Bass auch h\u00f6ren<\/strong>. Coole Sache \u2013 das konnte man <strong>auf der Messe n\u00e4mlich nicht<\/strong>.<\/p>\n<p>Der <strong>sehr freundliche H\u00f6fner-Vertreter<\/strong> hatte mir angeboten, den Bass mal zu spielen, nachdem ich ihn (den Bass ;-)) ausf\u00fchrlich angesehen hatte. Doch er konnte mir daf\u00fcr <strong>nur einen sehr kleinen Akustik-Amp<\/strong> zur Verf\u00fcgung stellen. Der war aber viel zu schlapp und leise f\u00fcr einen Bass. Also blieb der Test ein haupts\u00e4chlich <strong>haptischer und optischer<\/strong>.<\/p>\n<p>Ja, f\u00fchlte sich gut an, und das <strong>Konzept<\/strong> der nachhaltigen H\u00f6lzer finde ich prima. Allerdings ist der <a href=\"https:\/\/www.thomann.de\/de\/hoefner_h500_1_hgl_green_line.htm\">Stra\u00dfenpreis von 2.748,- Euro<\/a> schon <strong>etwas \u00fcppig<\/strong>. Da muss man wahrscheinlich H\u00f6fner- und Holzfan sein und diesen speziellen Sound sehr lieben. F\u00fcr einen etwas h\u00f6heren Preis bekommt man ja <strong>auch schon einen<a href=\"http:\/\/www.guitar-gallery.de\/marleaux-consat-custom-4-str-bolt-on-rtw.html\"> sch\u00f6nen Marleaux<\/a><\/strong>, der ebenfalls aus nachhaltiger Forstwirtschaft zusammengesetzt ist.<\/p>\n<p>Aber gut. <strong>Geschmack, Budget, Angebot und Neigung<\/strong> verdichten sich eben immer wieder anders zu <strong>Kaufentscheidungen<\/strong>.<\/p>\n<p>Womit ich zum letzten <strong>R\u00e4tsel meines Messebesuchs<\/strong> komme: Was habe ich mir denn nun gekauft? Etwa einen <strong>Bass?<\/strong> Eine <strong>Gitarre?<\/strong> Einen <a href=\"https:\/\/www.eich-amps.com\"><strong>Eich-Amp<\/strong><\/a>, den ich ja quasi parallel zu den Marleaux-B\u00e4ssen getestet hatte?<\/p>\n<p>Nein, nein. <strong>Anschaffungen dieser Gr\u00f6\u00dfenordnung<\/strong> stehen derzeit nicht an. Ich bin schlie\u00dflich immer noch in der Testphase meines geliebten neuen, selbst geschraubten Basses. <strong>Gitarren<\/strong> habe ich auch schon so einige. Und einen neuen <strong>Amp<\/strong> \u2026 vielleicht n\u00e4chstes Jahr? \ud83d\ude09<\/p>\n<p><strong>Aber ich wollte doch irgendwas kaufen \u2026<\/strong> und dann blieben meine Augen an diesem h\u00fcbschen gr\u00fcnlich-blauen Teil h\u00e4ngen:<\/p>\n<p><a href=\"http:\/\/tim-stelzer.de\/timschraubtbass\/wp-content\/uploads\/2017\/12\/IMG_1462.jpg\"><img loading=\"lazy\" decoding=\"async\" data-attachment-id=\"1061\" data-permalink=\"https:\/\/timschraubtbass.tim-stelzer.de\/?attachment_id=1061\" data-orig-file=\"https:\/\/timschraubtbass.tim-stelzer.de\/wp-content\/uploads\/2017\/12\/IMG_1462.jpg\" data-orig-size=\"3024,3024\" data-comments-opened=\"1\" data-image-meta=\"{&quot;aperture&quot;:&quot;2.2&quot;,&quot;credit&quot;:&quot;&quot;,&quot;camera&quot;:&quot;iPhone 6s&quot;,&quot;caption&quot;:&quot;&quot;,&quot;created_timestamp&quot;:&quot;1512995104&quot;,&quot;copyright&quot;:&quot;&quot;,&quot;focal_length&quot;:&quot;4.15&quot;,&quot;iso&quot;:&quot;64&quot;,&quot;shutter_speed&quot;:&quot;0.03030303030303&quot;,&quot;title&quot;:&quot;&quot;,&quot;orientation&quot;:&quot;0&quot;}\" data-image-title=\"IMG_1462\" data-image-description=\"\" data-image-caption=\"\" data-large-file=\"https:\/\/timschraubtbass.tim-stelzer.de\/wp-content\/uploads\/2017\/12\/IMG_1462-1024x1024.jpg\" class=\"alignnone size-large wp-image-1061\" src=\"http:\/\/tim-stelzer.de\/timschraubtbass\/wp-content\/uploads\/2017\/12\/IMG_1462-1024x1024.jpg\" alt=\"\" width=\"525\" height=\"525\" srcset=\"https:\/\/timschraubtbass.tim-stelzer.de\/wp-content\/uploads\/2017\/12\/IMG_1462-1024x1024.jpg 1024w, https:\/\/timschraubtbass.tim-stelzer.de\/wp-content\/uploads\/2017\/12\/IMG_1462-150x150.jpg 150w, https:\/\/timschraubtbass.tim-stelzer.de\/wp-content\/uploads\/2017\/12\/IMG_1462-300x300.jpg 300w, https:\/\/timschraubtbass.tim-stelzer.de\/wp-content\/uploads\/2017\/12\/IMG_1462-768x768.jpg 768w, https:\/\/timschraubtbass.tim-stelzer.de\/wp-content\/uploads\/2017\/12\/IMG_1462-100x100.jpg 100w\" sizes=\"auto, (max-width: 525px) 100vw, 525px\" \/><\/a><\/p>\n<p><strong>Gab&#8217;s am Ibanez-Stand f\u00fcr 10,- Euro<\/strong>. Ich wollte sowas schon immer haben \u2013 ich bin als Nicht-Handwerker werkzeugm\u00e4\u00dfig ja <strong>nicht soooo gut ausgestattet<\/strong>. Und meine ganzen Schraubendreher, Inbussschl\u00fcssel und sonstigen Gitarrenwerkzeuge (f)liegen meistens irgendwo rum, wo ich sie <strong>gerade nicht im Blick<\/strong> habe.<\/p>\n<p>Das <a href=\"http:\/\/www.ibanez.com\/eu\/products\/accessories\/multitool.html\">Ibanez Multi-Tool<\/a> gibt&#8217;s beim<a href=\"https:\/\/www.thomann.de\/de\/ibanez_multitool_hex_wrench_mtz11.htm?ref=search_rslt_Ibanez+tool_325374_0\"> gro\u00dfen T f\u00fcr 15,90 Euro<\/a>. \u00a0Hey, ein <strong>Schn\u00e4ppchen<\/strong> gemacht! Und das ist schlie\u00dflich <strong>alles, was ich wollte \u2026<\/strong><\/p>\n<p>Mein Messebesuch hatte allerdings auch <strong>noch andere Folgen<\/strong>. Denn vor dem Hintergrund der <strong>Marleaux-Erfahrung<\/strong> habe ich \u2026 Aber das sollte ich besser in einem eigenen Beitrag zusammenfassen. So wie meine ersten Erfahrungen mit dem Multi-Tool.<\/p>\n<h2><strong>Bis zum n\u00e4chsten Mal also \u2013 und noch einen sch\u00f6nen Advent!<\/strong><\/h2>\n<p>&nbsp;<\/p>\n<p>&nbsp;<\/p>\n","protected":false},"excerpt":{"rendered":"<p>Das gro\u00dfe Messen (Teil 3) Adventszeit. Was da jetzt auch noch endlich mal ankommt, ist der dritte und abschlie\u00dfende Teil meines Berichts \u00fcber die Hausmesse 2017 bei Musik Produktiv in Ibbenb\u00fcren. Ich hatte ja schon im ersten und im zweiten Teil von meinem Gespr\u00e4ch mit Gerald Marleaux berichtet. Doch was habe ich dort noch alles &hellip; <\/p>\n<p class=\"link-more\"><a href=\"https:\/\/timschraubtbass.tim-stelzer.de\/?p=1059\" class=\"more-link\"><span class=\"screen-reader-text\">\u201e49 GREEN &#038; BLUE\u201c <\/span>weiterlesen<\/a><\/p>\n","protected":false},"author":1,"featured_media":0,"comment_status":"open","ping_status":"open","sticky":false,"template":"","format":"standard","meta":{"jetpack_post_was_ever_published":false,"_jetpack_newsletter_access":"","_jetpack_dont_email_post_to_subs":false,"_jetpack_newsletter_tier_id":0,"_jetpack_memberships_contains_paywalled_content":false,"_jetpack_memberships_contains_paid_content":false,"footnotes":"","jetpack_publicize_message":"","jetpack_publicize_feature_enabled":true,"jetpack_social_post_already_shared":true,"jetpack_social_options":{"image_generator_settings":{"template":"highway","default_image_id":0,"font":"","enabled":false},"version":2}},"categories":[1],"tags":[],"class_list":["post-1059","post","type-post","status-publish","format-standard","hentry","category-allgemein"],"jetpack_publicize_connections":[],"jetpack_featured_media_url":"","jetpack_sharing_enabled":true,"jetpack_shortlink":"https:\/\/wp.me\/p8SMry-h5","jetpack-related-posts":[{"id":3054,"url":"https:\/\/timschraubtbass.tim-stelzer.de\/?p=3054","url_meta":{"origin":1059,"position":0},"title":"98 THE STELZER","author":"timschraubtbass","date":"2. Mai 2023","format":false,"excerpt":"\u201dI know nothing about this bass\u201d Das Netz ist unfassbar. Voll von Geschichten, Bildern und Begegnungen, die unser Verst\u00e4ndnis von Rea- und Normalit\u00e4t auf immer wieder neue Weise herausfordern. Oder ist es genau andersherum? Ich wei\u00df es nicht. Seit ich herausgefunden habe, dass ich in einer parallelen (?) Dimension richtiger\u2026","rel":"","context":"In &quot;Allgemein&quot;","block_context":{"text":"Allgemein","link":"https:\/\/timschraubtbass.tim-stelzer.de\/?cat=1"},"img":{"alt_text":"","src":"https:\/\/i0.wp.com\/timschraubtbass.tim-stelzer.de\/wp-content\/uploads\/2023\/04\/Bildschirmfoto-2023-04-28-um-12.13.10.jpg?resize=350%2C200&ssl=1","width":350,"height":200,"srcset":"https:\/\/i0.wp.com\/timschraubtbass.tim-stelzer.de\/wp-content\/uploads\/2023\/04\/Bildschirmfoto-2023-04-28-um-12.13.10.jpg?resize=350%2C200&ssl=1 1x, https:\/\/i0.wp.com\/timschraubtbass.tim-stelzer.de\/wp-content\/uploads\/2023\/04\/Bildschirmfoto-2023-04-28-um-12.13.10.jpg?resize=525%2C300&ssl=1 1.5x, https:\/\/i0.wp.com\/timschraubtbass.tim-stelzer.de\/wp-content\/uploads\/2023\/04\/Bildschirmfoto-2023-04-28-um-12.13.10.jpg?resize=700%2C400&ssl=1 2x, https:\/\/i0.wp.com\/timschraubtbass.tim-stelzer.de\/wp-content\/uploads\/2023\/04\/Bildschirmfoto-2023-04-28-um-12.13.10.jpg?resize=1050%2C600&ssl=1 3x, https:\/\/i0.wp.com\/timschraubtbass.tim-stelzer.de\/wp-content\/uploads\/2023\/04\/Bildschirmfoto-2023-04-28-um-12.13.10.jpg?resize=1400%2C800&ssl=1 4x"},"classes":[]},{"id":3586,"url":"https:\/\/timschraubtbass.tim-stelzer.de\/?p=3586","url_meta":{"origin":1059,"position":1},"title":"106 JAZZ SPASS (Teil 2)","author":"timschraubtbass","date":"20. Dezember 2024","format":false,"excerpt":"Die \u00d6lprinzessin Rein grammatisch gesehen sind Gitarren feminin und B\u00e4sse maskulin. Aber in meinem Kopf ist bei B\u00e4ssen eine Binnen-Differenzierung, warum auch immer: Fender Precis sind m\u00e4nnlich, Fender Jazz B\u00e4sse sind weiblich. Liegt es an ihren Formen? An den (ziemlich genderklischeehaften) (B)Assoziationen \u201dPreci = f\u00fcrs Grobe\u201d & \u201dJazz Bass =\u2026","rel":"","context":"In &quot;Allgemein&quot;","block_context":{"text":"Allgemein","link":"https:\/\/timschraubtbass.tim-stelzer.de\/?cat=1"},"img":{"alt_text":"","src":"https:\/\/i0.wp.com\/timschraubtbass.tim-stelzer.de\/wp-content\/uploads\/2024\/11\/7A1D208A-E19B-42AF-8740-FDD89035628B_1_105_c.jpeg?resize=350%2C200&ssl=1","width":350,"height":200,"srcset":"https:\/\/i0.wp.com\/timschraubtbass.tim-stelzer.de\/wp-content\/uploads\/2024\/11\/7A1D208A-E19B-42AF-8740-FDD89035628B_1_105_c.jpeg?resize=350%2C200&ssl=1 1x, https:\/\/i0.wp.com\/timschraubtbass.tim-stelzer.de\/wp-content\/uploads\/2024\/11\/7A1D208A-E19B-42AF-8740-FDD89035628B_1_105_c.jpeg?resize=525%2C300&ssl=1 1.5x, https:\/\/i0.wp.com\/timschraubtbass.tim-stelzer.de\/wp-content\/uploads\/2024\/11\/7A1D208A-E19B-42AF-8740-FDD89035628B_1_105_c.jpeg?resize=700%2C400&ssl=1 2x"},"classes":[]},{"id":1214,"url":"https:\/\/timschraubtbass.tim-stelzer.de\/?p=1214","url_meta":{"origin":1059,"position":2},"title":"56 BASS WIN ICH?","author":"timschraubtbass","date":"4. Februar 2018","format":false,"excerpt":"Tim schraubt Berlin, Teil 1: \u201dBass win ich?\u201dIch wache auf. Es ist Dienstag, der 30.1.2018, wie ich sp\u00e4ter feststelle. Viel sp\u00e4ter. Denn ich merke erstmal nur eins: Ich habe einen Kater Garfieldscher Ausma\u00dfe. Puh. Sch\u00f6n langsam jetzt. Wo bin ich? Ich wei\u00df es nicht. Sch\u00e4del dr\u00f6hnt, Mund klebt. Tief durchatmen.\u00a0Was?\u2026","rel":"","context":"In &quot;Allgemein&quot;","block_context":{"text":"Allgemein","link":"https:\/\/timschraubtbass.tim-stelzer.de\/?cat=1"},"img":{"alt_text":"","src":"https:\/\/i0.wp.com\/tim-stelzer.de\/timschraubtbass\/wp-content\/uploads\/2018\/02\/IMG_1841-1024x768.jpg?resize=350%2C200","width":350,"height":200,"srcset":"https:\/\/i0.wp.com\/tim-stelzer.de\/timschraubtbass\/wp-content\/uploads\/2018\/02\/IMG_1841-1024x768.jpg?resize=350%2C200 1x, https:\/\/i0.wp.com\/tim-stelzer.de\/timschraubtbass\/wp-content\/uploads\/2018\/02\/IMG_1841-1024x768.jpg?resize=525%2C300 1.5x"},"classes":[]},{"id":3572,"url":"https:\/\/timschraubtbass.tim-stelzer.de\/?p=3572","url_meta":{"origin":1059,"position":3},"title":"103 JAZZ SPASS (Teil 1)","author":"timschraubtbass","date":"4. Dezember 2024","format":false,"excerpt":"Vererbungsehre Mein 2018 verstorbener Freund Harald hat einen besonderen Platz hier in meinem Blog. Ich denke sehr oft an ihn \u2013 und das nicht nur, weil ich seinen Fender MIM Jazz Bass geerbt habe. Aus seinem Nachlass waren noch ein paar andere Sachen bei mir gelandet. Zum Beispiel ein Jazz-Bass-Hals.\u2026","rel":"","context":"In &quot;Allgemein&quot;","block_context":{"text":"Allgemein","link":"https:\/\/timschraubtbass.tim-stelzer.de\/?cat=1"},"img":{"alt_text":"","src":"https:\/\/i0.wp.com\/timschraubtbass.tim-stelzer.de\/wp-content\/uploads\/2024\/11\/17C7BD53-7F28-43EA-8B23-955946E8E443_1_201_a.jpeg?resize=350%2C200&ssl=1","width":350,"height":200,"srcset":"https:\/\/i0.wp.com\/timschraubtbass.tim-stelzer.de\/wp-content\/uploads\/2024\/11\/17C7BD53-7F28-43EA-8B23-955946E8E443_1_201_a.jpeg?resize=350%2C200&ssl=1 1x, https:\/\/i0.wp.com\/timschraubtbass.tim-stelzer.de\/wp-content\/uploads\/2024\/11\/17C7BD53-7F28-43EA-8B23-955946E8E443_1_201_a.jpeg?resize=525%2C300&ssl=1 1.5x, https:\/\/i0.wp.com\/timschraubtbass.tim-stelzer.de\/wp-content\/uploads\/2024\/11\/17C7BD53-7F28-43EA-8B23-955946E8E443_1_201_a.jpeg?resize=700%2C400&ssl=1 2x"},"classes":[]},{"id":2295,"url":"https:\/\/timschraubtbass.tim-stelzer.de\/?p=2295","url_meta":{"origin":1059,"position":4},"title":"83 KELLERMANN","author":"timschraubtbass","date":"29. November 2019","format":false,"excerpt":"Musik f\u00fcr Harald. Auf Haralds Bass gespielt. Es ist jetzt fast eineinhalb Jahre her, dass mein guter Freund Harald gestorben ist. Ich hatte hier im letzten Jahr bereits ausf\u00fchrlich dar\u00fcber geschrieben. Jetzt habe ich ein Bass-Solo-St\u00fcck aufgenommen, das seinen Namen tr\u00e4gt \u2013 und das ich auf dem Bass eingespielt habe,\u2026","rel":"","context":"In &quot;Allgemein&quot;","block_context":{"text":"Allgemein","link":"https:\/\/timschraubtbass.tim-stelzer.de\/?cat=1"},"img":{"alt_text":"","src":"https:\/\/i0.wp.com\/timschraubtbass.tim-stelzer.de\/wp-content\/uploads\/2018\/07\/IMG_3240.jpg?resize=350%2C200&ssl=1","width":350,"height":200,"srcset":"https:\/\/i0.wp.com\/timschraubtbass.tim-stelzer.de\/wp-content\/uploads\/2018\/07\/IMG_3240.jpg?resize=350%2C200&ssl=1 1x, https:\/\/i0.wp.com\/timschraubtbass.tim-stelzer.de\/wp-content\/uploads\/2018\/07\/IMG_3240.jpg?resize=525%2C300&ssl=1 1.5x, https:\/\/i0.wp.com\/timschraubtbass.tim-stelzer.de\/wp-content\/uploads\/2018\/07\/IMG_3240.jpg?resize=700%2C400&ssl=1 2x, https:\/\/i0.wp.com\/timschraubtbass.tim-stelzer.de\/wp-content\/uploads\/2018\/07\/IMG_3240.jpg?resize=1050%2C600&ssl=1 3x"},"classes":[]},{"id":939,"url":"https:\/\/timschraubtbass.tim-stelzer.de\/?p=939","url_meta":{"origin":1059,"position":5},"title":"45 HALLO, MARLEAUX!","author":"timschraubtbass","date":"14. November 2017","format":false,"excerpt":"Das gro\u00dfe Messen (Teil 1). Letztes Wochenende fand die\u00a0Musik Produktiv Messe 2017 in Ibbenb\u00fcren statt. Ich war zum ersten Mal da. Und hatte Gl\u00fcck. Zwar nicht bei\u00a0einer der vielen Gear-Verlosungen, die dort\u00a0dauernd\u00a0an jeder zweiten Ecke stattfinden \u2013 nein, besser. Sogar viel\u00a0b\u00e4sser. (Ich wei\u00df, ich muss mir dieses bl\u00f6de Wortspiel dringend\u2026","rel":"","context":"In &quot;Allgemein&quot;","block_context":{"text":"Allgemein","link":"https:\/\/timschraubtbass.tim-stelzer.de\/?cat=1"},"img":{"alt_text":"","src":"https:\/\/i0.wp.com\/tim-stelzer.de\/timschraubtbass\/wp-content\/uploads\/2017\/11\/IMG_1320-1024x768.jpg?resize=350%2C200","width":350,"height":200,"srcset":"https:\/\/i0.wp.com\/tim-stelzer.de\/timschraubtbass\/wp-content\/uploads\/2017\/11\/IMG_1320-1024x768.jpg?resize=350%2C200 1x, https:\/\/i0.wp.com\/tim-stelzer.de\/timschraubtbass\/wp-content\/uploads\/2017\/11\/IMG_1320-1024x768.jpg?resize=525%2C300 1.5x"},"classes":[]}],"_links":{"self":[{"href":"https:\/\/timschraubtbass.tim-stelzer.de\/index.php?rest_route=\/wp\/v2\/posts\/1059","targetHints":{"allow":["GET"]}}],"collection":[{"href":"https:\/\/timschraubtbass.tim-stelzer.de\/index.php?rest_route=\/wp\/v2\/posts"}],"about":[{"href":"https:\/\/timschraubtbass.tim-stelzer.de\/index.php?rest_route=\/wp\/v2\/types\/post"}],"author":[{"embeddable":true,"href":"https:\/\/timschraubtbass.tim-stelzer.de\/index.php?rest_route=\/wp\/v2\/users\/1"}],"replies":[{"embeddable":true,"href":"https:\/\/timschraubtbass.tim-stelzer.de\/index.php?rest_route=%2Fwp%2Fv2%2Fcomments&post=1059"}],"version-history":[{"count":9,"href":"https:\/\/timschraubtbass.tim-stelzer.de\/index.php?rest_route=\/wp\/v2\/posts\/1059\/revisions"}],"predecessor-version":[{"id":1069,"href":"https:\/\/timschraubtbass.tim-stelzer.de\/index.php?rest_route=\/wp\/v2\/posts\/1059\/revisions\/1069"}],"wp:attachment":[{"href":"https:\/\/timschraubtbass.tim-stelzer.de\/index.php?rest_route=%2Fwp%2Fv2%2Fmedia&parent=1059"}],"wp:term":[{"taxonomy":"category","embeddable":true,"href":"https:\/\/timschraubtbass.tim-stelzer.de\/index.php?rest_route=%2Fwp%2Fv2%2Fcategories&post=1059"},{"taxonomy":"post_tag","embeddable":true,"href":"https:\/\/timschraubtbass.tim-stelzer.de\/index.php?rest_route=%2Fwp%2Fv2%2Ftags&post=1059"}],"curies":[{"name":"wp","href":"https:\/\/api.w.org\/{rel}","templated":true}]}}